{"id":329669,"date":"2025-08-19T16:20:12","date_gmt":"2025-08-19T16:20:12","guid":{"rendered":"https:\/\/www.europesays.com\/fr\/329669\/"},"modified":"2025-08-19T16:20:12","modified_gmt":"2025-08-19T16:20:12","slug":"un-vibrant-hommage-pour-le-sculpteur-raymond-morales-a-port-de-bouc","status":"publish","type":"post","link":"https:\/\/www.europesays.com\/fr\/329669\/","title":{"rendered":"Un vibrant hommage pour le sculpteur Raymond Moral\u00e8s \u00e0 Port-de-Bouc"},"content":{"rendered":"<p>Qui n\u2019a jamais tourn\u00e9 le regard vers l\u2019immense jardin aux sculptures en fer de Raymond Moral\u00e8s, \u00e0 la sortie de <a href=\"https:\/\/www.laprovence.com\/bouches-du-rhone\/port-de-bouc-13077\" target=\"_blank\" rel=\"noopener\">Port-de-Bouc<\/a>, sur la route de Fos-sur-Mer\u00a0? Certaines sont immenses, toujours originales, bizarres ou fascinantes, elles surprennent et interpellent forc\u00e9ment. Le jardin est ferm\u00e9, mais, le cin\u00e9ma M\u00e9li\u00e8s \u00e9tait noir de monde pour une grande soir\u00e9e consacr\u00e9e \u00e0 cet artiste, figure embl\u00e9matique de Port-de-Bouc.<\/p>\n","protected":false},"excerpt":{"rendered":"Qui n\u2019a jamais tourn\u00e9 le regard vers l\u2019immense jardin aux sculptures en fer de Raymond Moral\u00e8s, \u00e0 la&hellip;\n","protected":false},"author":2,"featured_media":329670,"comment_status":"","ping_status":"","sticky":false,"template":"","format":"standard","meta":{"footnotes":""},"categories":[1358],"tags":[17,1348,1384,1385,1386,58,59,1011,27,4879,46711,41899,471,46710,16,28720,46709],"class_list":{"0":"post-329669","1":"post","2":"type-post","3":"status-publish","4":"format-standard","5":"has-post-thumbnail","7":"category-arts-et-design","8":"tag-17","9":"tag-arts","10":"tag-arts-and-design","11":"tag-arts-et-design","12":"tag-design","13":"tag-divertissement","14":"tag-entertainment","15":"tag-fr","16":"tag-france","17":"tag-hommage","18":"tag-morales","19":"tag-port-de-bouc","20":"tag-pour","21":"tag-raymond","22":"tag-region","23":"tag-sculpteur","24":"tag-vibrant"},"share_on_mastodon":{"url":"https:\/\/pubeurope.com\/@fr\/115056346670638638","error":""},"_links":{"self":[{"href":"https:\/\/www.europesays.com\/fr\/wp-json\/wp\/v2\/posts\/329669","targetHints":{"allow":["GET"]}}],"collection":[{"href":"https:\/\/www.europesays.com\/fr\/wp-json\/wp\/v2\/posts"}],"about":[{"href":"https:\/\/www.europesays.com\/fr\/wp-json\/wp\/v2\/types\/post"}],"author":[{"embeddable":true,"href":"https:\/\/www.europesays.com\/fr\/wp-json\/wp\/v2\/users\/2"}],"replies":[{"embeddable":true,"href":"https:\/\/www.europesays.com\/fr\/wp-json\/wp\/v2\/comments?post=329669"}],"version-history":[{"count":0,"href":"https:\/\/www.europesays.com\/fr\/wp-json\/wp\/v2\/posts\/329669\/revisions"}],"wp:featuredmedia":[{"embeddable":true,"href":"https:\/\/www.europesays.com\/fr\/wp-json\/wp\/v2\/media\/329670"}],"wp:attachment":[{"href":"https:\/\/www.europesays.com\/fr\/wp-json\/wp\/v2\/media?parent=329669"}],"wp:term":[{"taxonomy":"category","embeddable":true,"href":"https:\/\/www.europesays.com\/fr\/wp-json\/wp\/v2\/categories?post=329669"},{"taxonomy":"post_tag","embeddable":true,"href":"https:\/\/www.europesays.com\/fr\/wp-json\/wp\/v2\/tags?post=329669"}],"curies":[{"name":"wp","href":"https:\/\/api.w.org\/{rel}","templated":true}]}}