{"id":329677,"date":"2025-08-19T16:24:23","date_gmt":"2025-08-19T16:24:23","guid":{"rendered":"https:\/\/www.europesays.com\/fr\/329677\/"},"modified":"2025-08-19T16:24:23","modified_gmt":"2025-08-19T16:24:23","slug":"les-sorties-cinema-de-la-semaine-valeur-sentimentale-alpha-salve-maria-telerama","status":"publish","type":"post","link":"https:\/\/www.europesays.com\/fr\/329677\/","title":{"rendered":"Les sorties cin\u00e9ma de la semaine : \u201cValeur sentimentale\u201d, \u201cAlpha\u201d, \u201cSalve Maria\u201d&#8230; &#8211; T\u00e9l\u00e9rama"},"content":{"rendered":"<ol>\n<li><a href=\"https:\/\/news.google.com\/rss\/articles\/CBMiswFBVV95cUxOR3c5anVKTkx1QmVvUjBSVVhNNzlOT1JXUkJoYXYxM3dTTmtRNmpoSTdmWXlDZGdNWjJWU2s3NzZPY1RvanZHQnQ2UXEzY0NzbW4zMUs5Yms2MWRKTXlKM3ZZRms4c2RINVc2cTNsaGZjeU1LTXR0Z2ZrdWdVYTltLVdFdE9qTkxYdzAybHRKOW1NZ19VQU1jVFl4N2pOVmJ5QmdwUU5WeU5Fa1MxOTFIMnc5UQ?oc=5\" target=\"_blank\" rel=\"nofollow noopener\">Les sorties cin\u00e9ma de la semaine : \u201cValeur sentimentale\u201d, \u201cAlpha\u201d, \u201cSalve Maria\u201d&#8230;<\/a>&nbsp;&nbsp;T\u00e9l\u00e9rama<\/li>\n<li><a href=\"https:\/\/news.google.com\/rss\/articles\/CBMi2wFBVV95cUxOb1FSNzZkOGY0LXRBQ1F1UDNOdlY0S3VVVmxxV2lZSHAwbkJqYWN5U3c0YmpLcFFFVzFCZEFhR1RlWHJ2cUdCaTgxVGxoX1Nvc2ktVHJIcEJZZWxia2w0dlprNGtsXzcxd2NabEd2UW11UFA3VncwcDNDSkU0V1h2dlFuelRKNDA1QTFvUjhLM08zbU54UnlSSllndWVaRFRPLUpVbzdlazhNSVJjd0RrYWpQN1JKaDhFOU9ibEdJX3huaDA4QnJCazJfVWstSDZ5SDFKN1N0VjJDNDQ?oc=5\" target=\"_blank\" rel=\"nofollow noopener\">\u00abValeur sentimentale\u00bb de Joachim Trier, la famille faille que faille<\/a>&nbsp;&nbsp;Lib\u00e9ration<\/li>\n<li><a href=\"https:\/\/news.google.com\/rss\/articles\/CBMifkFVX3lxTFBjYWd5b1M3MV9Xa21ycU8yQkQ3c0VPSlhqTG0xUk93aVJYbHNaX3dwamVrOExsdElDR3dQVFg1R2o3dTNtb3ZNcVVOSWFDcjgzM1BfdC1jeE1ieW1RLVZrLWpIX2Y5NjhUaDlOTWNSaDg2clVvRjFkaHZTRmhKdw?oc=5\" target=\"_blank\" rel=\"nofollow noopener\">Au cin\u00e9ma le 20 ao\u00fbt, ce sont les films \u00e0 voir : Les Orphelins avec Alban Lenoir, Alpha, La Nuit des clowns&#8230;<\/a>&nbsp;&nbsp;AlloCin\u00e9<\/li>\n<li><a href=\"https:\/\/news.google.com\/rss\/articles\/CBMivwFBVV95cUxNdjRJODZoODd2Mjh0WnJnd2ZFWUhEV1I1MzBsdUNMQXFUMXV2blZFY202ZVRIWXY2VXF2WmtUeG5lUmFaY0thYS1oQmd2QlpXOFRtTDZfVTBWOE52X25leEtyZzNCeFh6d2pXWVYtNnhIVnR6SkFZd0NsRmFoWnFEb2VyLUI3UWx4SkpfTDVNc0ZVQklUd0lJc1FtZVgzQ3BSSGgwWUJGejdGb25sNFQ0TUF4bzdzUGJnLXZpWVAyTQ?oc=5\" target=\"_blank\" rel=\"nofollow noopener\">Subtilit\u00e9, sophistication, cin\u00e9aste des villes\u2026 Joachim Trier, un Bergman contemporain<\/a>&nbsp;&nbsp;Le Figaro<\/li>\n<li><a href=\"https:\/\/news.google.com\/rss\/articles\/CBMi8AFBVV95cUxORktNTERWek9BUmw1UGR1TWRhU2h4elpSZksxaGQ4WjBUQktIV2ZMVnFnaFJRb0taU2NLS2M5ZXN2OHV2YUlTVWZVcnRiRVhjMGxWWVBzck9GTlRMLVI2Vk9Rdy1wUnBkZ3JaUk5GWkllbFJUV0g0ajBaQ29xRGk1QW5VVDJvM2IzOTE2SThQbFdLODE4VHdZVng3emZudkR3UzhxS3JaX3diSTV2NGdMTGV0T1ctNnFqVXhJT09VY25aOGdSZVdRUHpSLXN5bm5jdERBLXVISkplR19jTTZDR0wxWWM5WkVqWkt0clZNelM?oc=5\" target=\"_blank\" rel=\"nofollow noopener\">\u201cValeur sentimentale\u201d : la ranc\u0153ur de deux s\u0153urs pour leur p\u00e8re dans un r\u00e9cit plein d\u2019\u00e9motion et de v\u00e9rit\u00e9<\/a>&nbsp;&nbsp;Le Nouvel Obs<\/li>\n<\/ol>\n","protected":false},"excerpt":{"rendered":"Les sorties cin\u00e9ma de la semaine : \u201cValeur sentimentale\u201d, \u201cAlpha\u201d, \u201cSalve Maria\u201d&#8230;&nbsp;&nbsp;T\u00e9l\u00e9rama \u00abValeur sentimentale\u00bb de Joachim Trier, la&hellip;\n","protected":false},"author":2,"featured_media":329678,"comment_status":"","ping_status":"","sticky":false,"template":"","format":"standard","meta":{"footnotes":""},"categories":[1354],"tags":[58,59,1346,1011,27,1360],"class_list":{"0":"post-329677","1":"post","2":"type-post","3":"status-publish","4":"format-standard","5":"has-post-thumbnail","7":"category-films","8":"tag-divertissement","9":"tag-entertainment","10":"tag-films","11":"tag-fr","12":"tag-france","13":"tag-movies"},"share_on_mastodon":{"url":"https:\/\/pubeurope.com\/@fr\/115056362360403159","error":""},"_links":{"self":[{"href":"https:\/\/www.europesays.com\/fr\/wp-json\/wp\/v2\/posts\/329677","targetHints":{"allow":["GET"]}}],"collection":[{"href":"https:\/\/www.europesays.com\/fr\/wp-json\/wp\/v2\/posts"}],"about":[{"href":"https:\/\/www.europesays.com\/fr\/wp-json\/wp\/v2\/types\/post"}],"author":[{"embeddable":true,"href":"https:\/\/www.europesays.com\/fr\/wp-json\/wp\/v2\/users\/2"}],"replies":[{"embeddable":true,"href":"https:\/\/www.europesays.com\/fr\/wp-json\/wp\/v2\/comments?post=329677"}],"version-history":[{"count":0,"href":"https:\/\/www.europesays.com\/fr\/wp-json\/wp\/v2\/posts\/329677\/revisions"}],"wp:featuredmedia":[{"embeddable":true,"href":"https:\/\/www.europesays.com\/fr\/wp-json\/wp\/v2\/media\/329678"}],"wp:attachment":[{"href":"https:\/\/www.europesays.com\/fr\/wp-json\/wp\/v2\/media?parent=329677"}],"wp:term":[{"taxonomy":"category","embeddable":true,"href":"https:\/\/www.europesays.com\/fr\/wp-json\/wp\/v2\/categories?post=329677"},{"taxonomy":"post_tag","embeddable":true,"href":"https:\/\/www.europesays.com\/fr\/wp-json\/wp\/v2\/tags?post=329677"}],"curies":[{"name":"wp","href":"https:\/\/api.w.org\/{rel}","templated":true}]}}