{"id":329679,"date":"2025-08-19T16:26:21","date_gmt":"2025-08-19T16:26:21","guid":{"rendered":"https:\/\/www.europesays.com\/fr\/329679\/"},"modified":"2025-08-19T16:26:21","modified_gmt":"2025-08-19T16:26:21","slug":"vivre-plus-de-500-ans-comme-dracula-la-science-sen-approche-mais-le-prix-a-payer-pourrait-etre-terrible","status":"publish","type":"post","link":"https:\/\/www.europesays.com\/fr\/329679\/","title":{"rendered":"Vivre plus de 500 ans comme Dracula ? La science s\u2019en approche, mais le prix \u00e0 payer pourrait \u00eatre terrible"},"content":{"rendered":"<p><img fetchpriority=\"high\" decoding=\"async\" width=\"1024\" height=\"682\" src=\"https:\/\/www.europesays.com\/fr\/wp-content\/uploads\/2025\/08\/adn-dracula-vivre-500-ans-1024x682.webp.webp\" alt=\"Montage entre un guerrier \u00e9voquant Dracula et une double h\u00e9lice d\u2019ADN, symbole de la qu\u00eate scientifique de l\u2019immortalit\u00e9.\" class=\"wp-image-987269\"  \/>Entre mythe de Dracula et recherches g\u00e9n\u00e9tiques, la long\u00e9vit\u00e9 extr\u00eame fascine autant qu\u2019elle inqui\u00e8te \u2013 DailyGeekShow.com<\/p>\n<p><strong>Des chercheurs repoussent les limites de la long\u00e9vit\u00e9 humaine.<\/strong> Gr\u00e2ce \u00e0 la g\u00e9n\u00e9tique et \u00e0 la technologie, une vie de plusieurs si\u00e8cles n\u2019est plus de la pure science-fiction. Mais entre avanc\u00e9es prometteuses et implications terrifiantes, cette perspective soul\u00e8ve de s\u00e9rieuses questions.<\/p>\n<p>Des exp\u00e9rimentations scientifiques qui ouvrent la voie \u00e0 une long\u00e9vit\u00e9 extr\u00eame<\/p>\n<p>Alors que <strong><a href=\"https:\/\/dailygeekshow.com\/dracula-vampire-transylvanie\/\" rel=\"nofollow noopener\" target=\"_blank\">Dracula<\/a><\/strong> revient sur grand \u00e9cran dans une version sign\u00e9e <strong>Luc Besson<\/strong>, la question de la long\u00e9vit\u00e9 humaine ressurgit avec force. Et pour cause : des exp\u00e9riences men\u00e9es en Californie sugg\u00e8rent que l\u2019on pourrait <strong>vivre jusqu\u2019\u00e0 500 ans<\/strong>.<\/p>\n<p>Lire aussi <a href=\"https:\/\/dailygeekshow.com\/un-mythe-mathematique-seffondre-une-equation-maudite-depuis-1832-enfin-resolue-par-deux-chercheurs-australiens\/\" rel=\"nofollow noopener\" target=\"_blank\">Un mythe math\u00e9matique s\u2019effondre : une \u00e9quation \u00ab maudite \u00bb depuis 1832 enfin r\u00e9solue par deux chercheurs australiens<\/a><\/p>\n<p>Au <strong><a href=\"https:\/\/www.buckinstitute.org\/\" rel=\"nofollow noopener\" target=\"_blank\">Buck Institute for Research on Aging<\/a><\/strong>, des chercheurs ont r\u00e9ussi \u00e0 multiplier par <strong>cinq l\u2019esp\u00e9rance de vie<\/strong> de vers. Ils ont modifi\u00e9 certaines <strong>voies <a href=\"https:\/\/dailygeekshow.com\/une-souris-recoit-un-fragment-de-genome-humain-les-changements-observes-destabilisent-les-biologistes\/\" rel=\"nofollow noopener\" target=\"_blank\">g\u00e9n\u00e9tiques<\/a><\/strong> li\u00e9es \u00e0 l\u2019insuline et \u00e0 l\u2019enzyme <strong>mTOR<\/strong>. Ces m\u00e9canismes contr\u00f4lent la croissance cellulaire et la survie. <\/p>\n<p>Th\u00e9oriquement, appliqu\u00e9s \u00e0 l\u2019humain, ces ajustements permettraient de d\u00e9passer les 100 ans\u2026 voire de <strong>franchir la barre des cinq si\u00e8cles<\/strong>.<\/p>\n<p>En parall\u00e8le, certains millionnaires entament d\u00e9j\u00e0 leur transition <strong><a href=\"https:\/\/dailygeekshow.com\/un-rival-inattendu-pour-elon-musk-sam-altman-prepare-une-technologie-plus-ambitieuse-que-neuralink\/\" rel=\"nofollow noopener\" target=\"_blank\">transhumaniste<\/a><\/strong>. Ils misent sur des compl\u00e9ments alimentaires, des implants et des r\u00e9gimes stricts. Ces initiatives, soutenues par les progr\u00e8s en g\u00e9nomique, en nanotechnologies ou encore en clonage th\u00e9rapeutique, repoussent chaque jour un peu plus les limites du vieillissement.<\/p>\n<p>Lire aussi <a href=\"https:\/\/dailygeekshow.com\/notre-adn-cache-le-secret-des-animaux-hibernants-une-piste-revolutionnaire-contre-les-maladies-chroniques\/\" rel=\"nofollow noopener\" target=\"_blank\">\u00ab Notre ADN cache le secret des animaux hibernants \u00bb : une piste r\u00e9volutionnaire contre les maladies chroniques<\/a><\/p>\n<p>Le cerveau humain pourrait-il encaisser cinq si\u00e8cles de souvenirs ?<\/p>\n<p>Mais vivre longtemps est une chose. <strong>Se souvenir de tout<\/strong> en est une autre. Le cerveau, cette <strong>machine fascinante<\/strong>, est-il capable de g\u00e9rer une m\u00e9moire longue de cinq si\u00e8cles ? La r\u00e9ponse pourrait bien \u00eatre oui.<\/p>\n<p>Selon le professeur <strong>Paul Reber<\/strong>, expert en psychologie \u00e0 l\u2019universit\u00e9 Northwestern, le cerveau humain peut contenir <strong>2,5 p\u00e9taoctets de donn\u00e9es<\/strong>. <\/p>\n<p>Cela repr\u00e9sente l\u2019\u00e9quivalent de 5 000 iPhone dernier cri. Autrement dit, notre bo\u00eete cr\u00e2nienne pourrait <strong>stocker des millions d\u2019heures de souvenirs<\/strong>.<\/p>\n<p>Lire aussi <a href=\"https:\/\/dailygeekshow.com\/ce-mystere-mathematique-vieux-de-40-ans-resolu-une-preuve-qui-pourrait-reecrire-les-lois-de-lunivers\/\" rel=\"nofollow noopener\" target=\"_blank\">Ce myst\u00e8re math\u00e9matique vieux de 40 ans r\u00e9solu : une preuve qui pourrait r\u00e9\u00e9crire les lois de l\u2019Univers<\/a><\/p>\n<p>Cependant, il faut nuancer. Si notre cerveau a cette capacit\u00e9 th\u00e9orique, il <strong>n\u2019enregistre pas tout<\/strong>. Pr\u00e8s de <strong>40 % des informations sont oubli\u00e9es<\/strong> dans les 20 minutes. Et <strong>77 % disparaissent<\/strong> apr\u00e8s six jours. Cela dit, les <strong>souvenirs \u00e9motionnels<\/strong>, comme ceux li\u00e9s \u00e0 des personnes aim\u00e9es, restent souvent grav\u00e9s tr\u00e8s longtemps.<\/p>\n<p>Derri\u00e8re le r\u00eave d\u2019immortalit\u00e9, une angoisse existentielle bien r\u00e9elle<\/p>\n<p>M\u00eame si la science s\u2019approche de l\u2019immortalit\u00e9, faut-il vraiment souhaiter vivre \u00e9ternellement ? La fiction, comme la s\u00e9rie <strong><a href=\"https:\/\/dailygeekshow.com\/ce-nest-plus-de-la-science-fiction-la-nasa-va-lancer-deux-satellites-tracers-pour-sauver-la-terre-dun-blackout-mondial-annonce\/\" rel=\"nofollow noopener\" target=\"_blank\">Black Mirror<\/a><\/strong> ou le film <strong>Fountain of Youth<\/strong>, pr\u00e9sente souvent cette ambition comme une <strong>mal\u00e9diction<\/strong>. <\/p>\n<p>Car vivre des si\u00e8cles signifie aussi <strong>voir dispara\u00eetre les autres<\/strong>, revivre des drames, et peut-\u00eatre <strong>perdre le sens de sa propre humanit\u00e9<\/strong>.<\/p>\n<p>Lire aussi <a href=\"https:\/\/dailygeekshow.com\/cette-etude-fossile-revele-que-males-et-femelles-vivaient-dans-des-corps-tres-differents-chez-nos-ancetres\/\" rel=\"nofollow noopener\" target=\"_blank\">Cette \u00e9tude fossile r\u00e9v\u00e8le que m\u00e2les et femelles vivaient dans des corps tr\u00e8s diff\u00e9rents chez nos anc\u00eatres<\/a><\/p>\n<p>Le retour de Dracula au cin\u00e9ma nous rappelle que l\u2019immortalit\u00e9 fascine autant qu\u2019elle effraie. Et s\u2019il est un enseignement \u00e0 retenir de cette fascination, c\u2019est que <strong>la beaut\u00e9 de la vie r\u00e9side aussi dans sa finitude<\/strong>. Peut-\u00eatre que ce qui nous rend humains n\u2019est pas notre dur\u00e9e de vie\u2026 mais notre capacit\u00e9 \u00e0 la remplir de sens.<\/p>\n","protected":false},"excerpt":{"rendered":"Entre mythe de Dracula et recherches g\u00e9n\u00e9tiques, la long\u00e9vit\u00e9 extr\u00eame fascine autant qu\u2019elle inqui\u00e8te \u2013 DailyGeekShow.com Des chercheurs&hellip;\n","protected":false},"author":2,"featured_media":329680,"comment_status":"","ping_status":"","sticky":false,"template":"","format":"standard","meta":{"footnotes":""},"categories":[10],"tags":[1011,27,72,71],"class_list":{"0":"post-329679","1":"post","2":"type-post","3":"status-publish","4":"format-standard","5":"has-post-thumbnail","7":"category-sante","8":"tag-fr","9":"tag-france","10":"tag-health","11":"tag-sante"},"share_on_mastodon":{"url":"https:\/\/pubeurope.com\/@fr\/115056370567179195","error":""},"_links":{"self":[{"href":"https:\/\/www.europesays.com\/fr\/wp-json\/wp\/v2\/posts\/329679","targetHints":{"allow":["GET"]}}],"collection":[{"href":"https:\/\/www.europesays.com\/fr\/wp-json\/wp\/v2\/posts"}],"about":[{"href":"https:\/\/www.europesays.com\/fr\/wp-json\/wp\/v2\/types\/post"}],"author":[{"embeddable":true,"href":"https:\/\/www.europesays.com\/fr\/wp-json\/wp\/v2\/users\/2"}],"replies":[{"embeddable":true,"href":"https:\/\/www.europesays.com\/fr\/wp-json\/wp\/v2\/comments?post=329679"}],"version-history":[{"count":0,"href":"https:\/\/www.europesays.com\/fr\/wp-json\/wp\/v2\/posts\/329679\/revisions"}],"wp:featuredmedia":[{"embeddable":true,"href":"https:\/\/www.europesays.com\/fr\/wp-json\/wp\/v2\/media\/329680"}],"wp:attachment":[{"href":"https:\/\/www.europesays.com\/fr\/wp-json\/wp\/v2\/media?parent=329679"}],"wp:term":[{"taxonomy":"category","embeddable":true,"href":"https:\/\/www.europesays.com\/fr\/wp-json\/wp\/v2\/categories?post=329679"},{"taxonomy":"post_tag","embeddable":true,"href":"https:\/\/www.europesays.com\/fr\/wp-json\/wp\/v2\/tags?post=329679"}],"curies":[{"name":"wp","href":"https:\/\/api.w.org\/{rel}","templated":true}]}}