{"id":329685,"date":"2025-08-19T16:29:11","date_gmt":"2025-08-19T16:29:11","guid":{"rendered":"https:\/\/www.europesays.com\/fr\/329685\/"},"modified":"2025-08-19T16:29:11","modified_gmt":"2025-08-19T16:29:11","slug":"la-lumiere-transformee-en-matiere-solide-pour-la-premiere-fois-pulverise-nos-certitudes-scientifiques-et-renverse-la-comprehension-de-lunivers","status":"publish","type":"post","link":"https:\/\/www.europesays.com\/fr\/329685\/","title":{"rendered":"La lumi\u00e8re transform\u00e9e en mati\u00e8re solide pour la premi\u00e8re fois pulv\u00e9rise nos certitudes scientifiques et renverse la compr\u00e9hension de l\u2019univers"},"content":{"rendered":"<tr>\n<td><strong>EN BREF<\/strong><\/td>\n<\/tr>\n<tr>\n<td>\n<ul>\n<li>\ud83d\udca1 Les chercheurs ont transform\u00e9 la <strong>lumi\u00e8re<\/strong> en un mat\u00e9riau <strong>supersolide<\/strong>, alliant propri\u00e9t\u00e9s solides et superfluides.<\/li>\n<li>\ud83d\udd2c Cette avanc\u00e9e permet d\u2019explorer des <strong>\u00e9tats quantiques<\/strong> rares, offrant de nouvelles perspectives en physique fondamentale.<\/li>\n<li>\ud83c\udf10 Les applications incluent des progr\u00e8s en <strong>informatique quantique<\/strong> et technologies de mesure ultra-pr\u00e9cises.<\/li>\n<li>\ud83d\ude80 Les <strong>implications technologiques<\/strong> pourraient r\u00e9volutionner des domaines comme l\u2019astrophysique et la nanotechnologie.<\/li>\n<\/ul>\n<\/td>\n<\/tr>\n<p>Les chercheurs ont r\u00e9cemment r\u00e9alis\u00e9 une avanc\u00e9e scientifique spectaculaire en parvenant \u00e0 transformer la lumi\u00e8re en un mat\u00e9riau supersolide. Cette d\u00e9couverte \u00e9tonnante ouvre de nouvelles perspectives dans la compr\u00e9hension des \u00e9tats quantiques de la mati\u00e8re. En combinant les propri\u00e9t\u00e9s des solides et des superfluides, les supersolides permettent d\u2019explorer des ph\u00e9nom\u00e8nes physiques rarement observ\u00e9s jusqu\u2019\u00e0 pr\u00e9sent. Cette innovation pourrait r\u00e9volutionner plusieurs secteurs technologiques, allant de l\u2019informatique quantique \u00e0 la nanotechnologie, en passant par l\u2019astrophysique.<\/p>\n<p>La dualit\u00e9 des supersolides : une mati\u00e8re hybride<\/p>\n<p>Les supersolides constituent un \u00e9tat de la mati\u00e8re particuli\u00e8rement intriguant, car ils associent des caract\u00e9ristiques habituellement exclusives aux solides et aux superfluides. Bien que leur structure reste rigide, ces mat\u00e9riaux peuvent s\u2019\u00e9couler de mani\u00e8re fluide sans rencontrer de friction. Les th\u00e9oriciens ont envisag\u00e9 l\u2019existence des supersolides d\u00e8s les ann\u00e9es 1970, mais ce n\u2019est que r\u00e9cemment que leur existence a \u00e9t\u00e9 d\u00e9montr\u00e9e exp\u00e9rimentalement. Cette phase combine rigidit\u00e9 et fluidit\u00e9, cr\u00e9ant une anomalie dans la classification habituelle des \u00e9tats de la mati\u00e8re.<\/p>\n<p>Expos\u00e9s \u00e0 des temp\u00e9ratures extr\u00eamement basses, certains mat\u00e9riaux acqui\u00e8rent des propri\u00e9t\u00e9s superfluides tout en conservant une forme solide. Cela permet de mieux comprendre la m\u00e9canique quantique \u00e0 une \u00e9chelle macroscopique. Les supersolides offrent ainsi une fen\u00eatre unique sur les propri\u00e9t\u00e9s fondamentales de la mati\u00e8re, red\u00e9finissant les limites de la physique quantique traditionnelle.<\/p>\n<blockquote class=\"wp-embedded-content\" data-secret=\"py0tsSR5sF\">\n<p><a href=\"https:\/\/www.enviro2b.com\/2025\/08\/03\/lallemagne-cuisine-les-dechets-pour-emprisonner-50-tonnes-de-co2-par-hectare-et-sauver-la-planete\/\" target=\"_blank\" rel=\"noopener\">L\u2019Allemagne \u00ab\u00a0cuisine les d\u00e9chets\u00a0\u00bb pour emprisonner 50 tonnes de CO2 par hectare et sauver la plan\u00e8te<\/a><\/p>\n<\/blockquote>\n<p>Une transformation lumineuse : de la lumi\u00e8re aux supersolides<\/p>\n<p>Des chercheurs italiens du Conseil National de la Recherche ont r\u00e9ussi \u00e0 convertir la lumi\u00e8re en un mat\u00e9riau supersolide gr\u00e2ce \u00e0 des techniques innovantes. Sous la direction de Dimitris Trypogeorgos et Daniele Sanvitto, l\u2019\u00e9quipe a utilis\u00e9 un laser pour structurer la lumi\u00e8re de mani\u00e8re \u00e0 former un \u00e9tat supersolide. Les propri\u00e9t\u00e9s du laser ont \u00e9t\u00e9 soigneusement modifi\u00e9es pour permettre l\u2019apparition de motifs ordonn\u00e9s tout en conservant la fluidit\u00e9 intrins\u00e8que de la lumi\u00e8re.<\/p>\n<p>Les polaritons, particules hybrides lumi\u00e8re-mati\u00e8re, ont jou\u00e9 un r\u00f4le cl\u00e9 dans cette transformation. En ajustant les interactions entre ces polaritons, les chercheurs ont pu cr\u00e9er un \u00e9tat supersolide. Cette r\u00e9alisation mat\u00e9rialise pour la premi\u00e8re fois un concept th\u00e9orique en un ph\u00e9nom\u00e8ne observable, ouvrant ainsi de nouvelles voies pour l\u2019exploration de la physique quantique. Les r\u00e9sultats exp\u00e9rimentaux corroborent les pr\u00e9dictions th\u00e9oriques, posant les bases de futures d\u00e9couvertes.<\/p>\n<blockquote class=\"wp-embedded-content\" data-secret=\"gk2mzxv5h6\">\n<p><a href=\"https:\/\/www.enviro2b.com\/2025\/07\/17\/cest-du-jamais-vu-au-texas-ces-mini-eoliennes-captent-lenergie-des-avions-pour-alimenter-des-milliers-de-foyers-economes-et-ecologiques\/\" target=\"_blank\" rel=\"noopener\">\u00ab C\u2019est du jamais-vu \u00bb : au Texas, ces mini-\u00e9oliennes captent l\u2019\u00e9nergie des avions pour alimenter des milliers de foyers \u00e9conomes et \u00e9cologiques<\/a><\/p>\n<\/blockquote>\n<p>Des implications prometteuses pour la technologie quantique<\/p>\n<p>Au-del\u00e0 de leur int\u00e9r\u00eat scientifique, les supersolides issus de la lumi\u00e8re pourraient r\u00e9volutionner plusieurs domaines technologiques. Ces mat\u00e9riaux permettent d\u2019approfondir la recherche sur les condensats de Bose-Einstein et la superfluidit\u00e9, des \u00e9tats de mati\u00e8re essentiels pour comprendre la m\u00e9canique quantique. En particulier, les supersolides offrent un support in\u00e9dit pour manipuler les \u00e9tats quantiques, avec des applications potentielles dans l\u2019informatique quantique.<\/p>\n<p>Les avanc\u00e9es dans ce domaine pourraient \u00e9galement mener \u00e0 la cr\u00e9ation d\u2019outils de mesure extr\u00eamement pr\u00e9cis et de technologies de d\u00e9tection ultra-sensibles. Les caract\u00e9ristiques uniques des supersolides les rendent id\u00e9ales pour d\u00e9velopper des instruments capables de r\u00e9agir \u00e0 de minuscules stimuli externes. Les chercheurs en astrophysique, nanotechnologie et autres domaines pourraient b\u00e9n\u00e9ficier de ces innovations. Cette d\u00e9couverte pourrait bien transformer notre approche des technologies quantiques et des m\u00e9thodes de d\u00e9tection.<\/p>\n<p>Perspectives d\u2019avenir pour les supersolides<\/p>\n<p>Les applications potentielles des supersolides sont vastes et prometteuses. En explorant les propri\u00e9t\u00e9s uniques de cette mati\u00e8re, les chercheurs esp\u00e8rent d\u00e9velopper de nouvelles g\u00e9n\u00e9rations de dispositifs et de mat\u00e9riaux. Les syst\u00e8mes optiques et photoniques pourraient b\u00e9n\u00e9ficier directement des avanc\u00e9es r\u00e9alis\u00e9es dans la transformation de la lumi\u00e8re en supersolide. Ces d\u00e9veloppements pourraient am\u00e9liorer les syst\u00e8mes de communication et offrir de nouvelles m\u00e9thodes pour contr\u00f4ler la lumi\u00e8re.<\/p>\n<p>En outre, l\u2019interaction des \u00e9tats supersolides avec d\u2019autres \u00e9tats quantiques pourrait aboutir \u00e0 des avanc\u00e9es significatives dans le traitement de l\u2019information quantique. Cette perc\u00e9e pourrait changer notre compr\u00e9hension des ph\u00e9nom\u00e8nes lumineux et de leurs applications pratiques. Les chercheurs envisagent \u00e9galement la cr\u00e9ation de lasers ultra-pr\u00e9cis et de capteurs \u00e0 haute performance, ainsi que des m\u00e9thodes informatiques \u00e9co\u00e9nerg\u00e9tiques. L\u2019exploration des supersolides continue de susciter un grand enthousiasme dans la communaut\u00e9 scientifique.<\/p>\n<p>Avec ces d\u00e9couvertes r\u00e9volutionnaires, le potentiel des supersolides semble immense. Les prochaines \u00e9tapes de la recherche d\u00e9termineront comment ces mat\u00e9riaux pourront \u00eatre int\u00e9gr\u00e9s dans les technologies futures. Quels impacts ces mat\u00e9riaux auront-ils sur notre compr\u00e9hension du monde et sur les innovations technologiques \u00e0 venir ?<\/p>\n<p>Cet article s\u2019appuie sur des sources v\u00e9rifi\u00e9es et l\u2019assistance de technologies \u00e9ditoriales.<\/p>\n","protected":false},"excerpt":{"rendered":"EN BREF \ud83d\udca1 Les chercheurs ont transform\u00e9 la lumi\u00e8re en un mat\u00e9riau supersolide, alliant propri\u00e9t\u00e9s solides et superfluides.&hellip;\n","protected":false},"author":2,"featured_media":329686,"comment_status":"","ping_status":"","sticky":false,"template":"","format":"standard","meta":{"footnotes":""},"categories":[7],"tags":[1011,27,43,40,41,39,42,44],"class_list":{"0":"post-329685","1":"post","2":"type-post","3":"status-publish","4":"format-standard","5":"has-post-thumbnail","7":"category-sciences-et-technologies","8":"tag-fr","9":"tag-france","10":"tag-science","11":"tag-science-and-technology","12":"tag-sciences","13":"tag-sciences-et-technologies","14":"tag-technologies","15":"tag-technology"},"share_on_mastodon":{"url":"https:\/\/pubeurope.com\/@fr\/115056382356001345","error":""},"_links":{"self":[{"href":"https:\/\/www.europesays.com\/fr\/wp-json\/wp\/v2\/posts\/329685","targetHints":{"allow":["GET"]}}],"collection":[{"href":"https:\/\/www.europesays.com\/fr\/wp-json\/wp\/v2\/posts"}],"about":[{"href":"https:\/\/www.europesays.com\/fr\/wp-json\/wp\/v2\/types\/post"}],"author":[{"embeddable":true,"href":"https:\/\/www.europesays.com\/fr\/wp-json\/wp\/v2\/users\/2"}],"replies":[{"embeddable":true,"href":"https:\/\/www.europesays.com\/fr\/wp-json\/wp\/v2\/comments?post=329685"}],"version-history":[{"count":0,"href":"https:\/\/www.europesays.com\/fr\/wp-json\/wp\/v2\/posts\/329685\/revisions"}],"wp:featuredmedia":[{"embeddable":true,"href":"https:\/\/www.europesays.com\/fr\/wp-json\/wp\/v2\/media\/329686"}],"wp:attachment":[{"href":"https:\/\/www.europesays.com\/fr\/wp-json\/wp\/v2\/media?parent=329685"}],"wp:term":[{"taxonomy":"category","embeddable":true,"href":"https:\/\/www.europesays.com\/fr\/wp-json\/wp\/v2\/categories?post=329685"},{"taxonomy":"post_tag","embeddable":true,"href":"https:\/\/www.europesays.com\/fr\/wp-json\/wp\/v2\/tags?post=329685"}],"curies":[{"name":"wp","href":"https:\/\/api.w.org\/{rel}","templated":true}]}}