{"id":329687,"date":"2025-08-19T16:30:14","date_gmt":"2025-08-19T16:30:14","guid":{"rendered":"https:\/\/www.europesays.com\/fr\/329687\/"},"modified":"2025-08-19T16:30:14","modified_gmt":"2025-08-19T16:30:14","slug":"prix-du-gaz-au-plus-bas-et-nucleaire-a-larret-le-resume-de-lactu-energie","status":"publish","type":"post","link":"https:\/\/www.europesays.com\/fr\/329687\/","title":{"rendered":"Prix du gaz au plus bas et nucl\u00e9aire \u00e0 l&rsquo;arr\u00eat, le r\u00e9sum\u00e9 de l&rsquo;actu \u00e9nergie"},"content":{"rendered":"<p>              <img decoding=\"async\" class=\"article-author__picture webp\" src=\"https:\/\/www.europesays.com\/fr\/wp-content\/uploads\/2025\/04\/matias-perea-85px.jpg.webp\" alt=\"Matias Perea\"\/><\/p>\n<p class=\"article-author__info--name\"> Par<br \/>\n                      <a href=\"https:\/\/selectra.info\/equipe\/matias\" target=\"_blank\" rel=\"noopener author nofollow\"> Matias Perea <\/a><\/p>\n<p class=\"article-author__info--description\"> Analyste \u00c9nergie <\/p>\n<p>        Publi\u00e9 le<\/p>\n<p>                                19\/08\/2025<\/p>\n<p>            min de lecture\n        <\/p>\n<p class=\"title\">L&rsquo;INFO QUI FAIT BAISSER VOTRE FACTURE<\/p>\n<ul class=\"list--check\">\n<li><strong>Alertes Baisse des Prix<\/strong> en temps r\u00e9el<\/li>\n<li><strong>Nouvelles Aides de l&rsquo;\u00c9tat<\/strong> d\u00e9crypt\u00e9es pour vous<\/li>\n<li><strong>Bons Plans Exclusifs<\/strong> de nos experts<\/li>\n<\/ul>\n<p style=\"margin-top:15px;\">Rejoignez des milliers de Fran\u00e7ais et recevez gratuitement l&rsquo;essentiel de l&rsquo;actu \u00e9nergie sur votre canal pr\u00e9f\u00e9r\u00e9.<\/p>\n<p class=\"intro\">Aujourd&rsquo;hui, 19 ao\u00fbt 2025, Selectra vous propose une revue de presse des faits marquants du monde de l&rsquo;\u00e9nergie en France et dans l&rsquo;Union europ\u00e9enne.<\/p>\n<p class=\"in-short--title col-xs-12 text--center\">R\u00e9sumer cet article avec\u00a0:<\/p>\n<p>Prix, r\u00e9seaux et consommateurs en France<\/p>\n<ul class=\"list--check\">\n<li><strong>Le prix du gaz europ\u00e9en au plus bas depuis 15 mois<\/strong> : Le prix du gaz sur le march\u00e9 de r\u00e9f\u00e9rence europ\u00e9en (TTF) est tomb\u00e9 autour de 30 \u20ac\/MWh, son plus bas niveau depuis 15 mois. Cette baisse s&rsquo;explique par des niveaux de stockage \u00e9lev\u00e9s, des importations soutenues de GNL et de gaz norv\u00e9gien, ainsi que par l&rsquo;anticipation de possibles pourparlers entre la Russie et les \u00c9tats-Unis. <a href=\"https:\/\/montelnews.com\/fr\/news\/acae47e5-d516-4f16-9d73-2583e4df361d\/le-gaz-ttf-tombe-a-son-plus-bas-niveau-depuis-15-mois\" target=\"_blank\" rel=\"noopener noreferrer nofollow\">Plus d&rsquo;infos<\/a><\/li>\n<li><strong>Nucl\u00e9aire : pr\u00e8s de 4 GW \u00e0 l&rsquo;arr\u00eat, la production d&rsquo;EDF perturb\u00e9e<\/strong> : EDF fait face \u00e0 des arr\u00eats et r\u00e9ductions de production sur plusieurs r\u00e9acteurs, affectant pr\u00e8s de 4 GW de capacit\u00e9 (environ 6 % de l&rsquo;\u00e9lectricit\u00e9 nationale). Sont concern\u00e9s Tricastin 3 (probl\u00e8me de r\u00e9gulation), Bugey 2 et Golfech 1 (chaleur des fleuves), ainsi que Gravelines 3 et 4 (pr\u00e9sence de m\u00e9duses dans le syst\u00e8me de refroidissement). <a href=\"https:\/\/montelnews.com\/news\/9228821b-e709-4119-94dc-713e08173d8a\/edf-extends-nuclear-power-outages-affecting-almost-4-gw\" target=\"_blank\" rel=\"noopener noreferrer nofollow\">Plus d&rsquo;infos<\/a><\/li>\n<li><strong>Explosion \u00e0 V\u00e9nissieux : un d\u00e9c\u00e8s li\u00e9 \u00e0 une bouteille de gaz<\/strong> : Une explosion due \u00e0 une bouteille de gaz a provoqu\u00e9 un d\u00e9c\u00e8s dans un immeuble \u00e0 V\u00e9nissieux. Selon les autorit\u00e9s, il s&rsquo;agirait d&rsquo;un acte \u00ab\u00a0isol\u00e9\u00a0\u00bb li\u00e9 \u00e0 une fuite. Cet \u00e9v\u00e9nement tragique rappelle l&rsquo;importance de respecter les r\u00e8gles de s\u00e9curit\u00e9 tr\u00e8s strictes concernant l&rsquo;utilisation des bonbonnes de gaz dans les logements. <a href=\"https:\/\/www.bfmtv.com\/lyon\/origine-evacuations-ce-que-l-on-sait-de-l-explosion-de-gaz-dans-un-immeuble-de-venissieux-qui-a-fait-un-mort_AV-202508180296.html\" target=\"_blank\" rel=\"noopener noreferrer nofollow\">Plus d&rsquo;infos<\/a><\/li>\n<\/ul>\n<p>Production et \u00e9nergies d&rsquo;avenir<\/p>\n<ul class=\"list--check\">\n<li><strong>\u00c9olien flottant : l&rsquo;UE valide 11 milliards d&rsquo;euros d&rsquo;aides pour la France<\/strong> : La Commission europ\u00e9enne a approuv\u00e9 un programme d&rsquo;aides fran\u00e7ais de 11 milliards d&rsquo;euros pour soutenir trois parcs \u00e9oliens offshore flottants. Ce soutien, \u00e9tal\u00e9 sur 20 ans, vise \u00e0 acc\u00e9l\u00e9rer la transition \u00e9nerg\u00e9tique et \u00e0 renforcer la comp\u00e9titivit\u00e9 de la fili\u00e8re \u00e9olienne europ\u00e9enne. <a href=\"https:\/\/france.representation.ec.europa.eu\/informations\/la-commission-approuve-un-regime-daides-detat-francais-de-11-milliards-deuros-destine-soutenir-2025-08-05_fr\" target=\"_blank\" rel=\"noopener noreferrer nofollow\">Plus d&rsquo;infos<\/a><\/li>\n<li><strong>L&rsquo;\u00e9nergie des vagues, futur compl\u00e9ment du solaire ?<\/strong> : Selon une \u00e9tude des universit\u00e9s LUT et Delft, l&rsquo;\u00e9nergie houlomotrice a un fort potentiel pour compl\u00e9ter la production solaire photovolta\u00efque. Stable et pr\u00e9visible, elle pourrait devenir comp\u00e9titive d&rsquo;ici \u00e0 2035-2040 et renforcer la fiabilit\u00e9 des r\u00e9seaux \u00e9lectriques renouvelables, notamment dans les zones c\u00f4ti\u00e8res et les \u00eeles. <a href=\"https:\/\/www.pv-magazine.fr\/2025\/08\/18\/lenergie-produite-par-les-vagues-est-appelee-a-complementer-lenergie-solaire-photovoltaique-dans-le-futur-mix-energetique-mondial\/\" target=\"_blank\" rel=\"noopener noreferrer nofollow\">Plus d&rsquo;infos<\/a><\/li>\n<\/ul>\n<p>Climat et Union Europ\u00e9enne<\/p>\n<ul class=\"list--check\">\n<li><strong>Jour du d\u00e9passement : l&rsquo;humanit\u00e9 a \u00e9puis\u00e9 les ressources annuelles de la Terre<\/strong> : Selon le Global Footprint Network et WWF, le 24 juillet dernier, l&rsquo;humanit\u00e9 avait d\u00e9j\u00e0 consomm\u00e9 l&rsquo;ensemble des ressources biologiques que la plan\u00e8te peut r\u00e9g\u00e9n\u00e9rer en un an. Ce \u00ab\u00a0jour du d\u00e9passement\u00a0\u00bb arrive de plus en plus t\u00f4t chaque ann\u00e9e depuis les ann\u00e9es 1970, soulignant l&rsquo;urgence de la crise \u00e9cologique. <a href=\"https:\/\/overshoot.footprintnetwork.org\/newsroom\/past-earth-overshoot-days\/\" target=\"_blank\" rel=\"noopener noreferrer nofollow\">Plus d&rsquo;infos<\/a><\/li>\n<li><strong>Recyclage des batteries : une nouvelle loi europ\u00e9enne change la donne<\/strong> : Un nouveau r\u00e8glement europ\u00e9en, entr\u00e9 en vigueur le 18 ao\u00fbt, oblige les fabricants \u00e0 financer le recyclage de toutes les batteries. Cette mesure va faire exploser les volumes \u00e0 traiter (de 30 000 \u00e0 600 000 tonnes en France) et vise \u00e0 cr\u00e9er une \u00e9conomie circulaire pour s\u00e9curiser l&rsquo;approvisionnement en m\u00e9taux critiques face \u00e0 la d\u00e9pendance envers la Chine. <a href=\"https:\/\/reporterre.net\/Le-recyclage-des-batteries-electriques-devient-obligatoire\" target=\"_blank\" rel=\"noopener noreferrer nofollow\">Plus d&rsquo;infos<\/a><\/li>\n<li><strong>Climat : l&rsquo;UE pr\u00e9pare sa strat\u00e9gie mondiale pour la COP30<\/strong> : La Commission europ\u00e9enne a lanc\u00e9 une consultation publique jusqu&rsquo;au 11 septembre pour d\u00e9finir sa strat\u00e9gie climat et \u00e9nergie 2025-2029. L&rsquo;objectif est de pr\u00e9parer les n\u00e9gociations de la COP30 et de renforcer l&rsquo;action mondiale pour la transition \u00e9nerg\u00e9tique. <a href=\"https:\/\/ec.europa.eu\/info\/law\/better-regulation\/have-your-say\/initiatives\/14817-Strategie-de-lUE-pour-stimuler-la-transition-climatique-et-energetique-mondiale_fr\" target=\"_blank\" rel=\"noopener noreferrer nofollow\">Plus d&rsquo;infos<\/a><\/li>\n<li><strong>March\u00e9 carbone : Bruxelles va \u00e9tendre les aides aux industries \u00e9lectro-intensives<\/strong> : La Commission europ\u00e9enne va mettre \u00e0 jour ses lignes directrices sur les aides d&rsquo;\u00c9tat pour compenser les co\u00fbts indirects du march\u00e9 carbone (ETS). De nouveaux secteurs, comme l&rsquo;industrie chimique, pourront b\u00e9n\u00e9ficier d&rsquo;aides pour faire face \u00e0 la hausse des prix de l&rsquo;\u00e9lectricit\u00e9 li\u00e9e au co\u00fbt du CO2. <a href=\"https:\/\/single-market-economy.ec.europa.eu\/document\/download\/e5006955-dd1c-45bc-8b7a-cfda71c67abf_en\" target=\"_blank\" rel=\"noopener noreferrer nofollow\">Plus d&rsquo;infos<\/a><\/li>\n<\/ul>\n<p class=\"title\">L&rsquo;INFO QUI FAIT BAISSER VOTRE FACTURE<\/p>\n<ul class=\"list--check\">\n<li><strong>Alertes Baisse des Prix<\/strong> en temps r\u00e9el<\/li>\n<li><strong>Nouvelles Aides de l&rsquo;\u00c9tat<\/strong> d\u00e9crypt\u00e9es pour vous<\/li>\n<li><strong>Bons Plans Exclusifs<\/strong> de nos experts<\/li>\n<\/ul>\n<p style=\"margin-top:15px;\">Rejoignez des milliers de Fran\u00e7ais et recevez gratuitement l&rsquo;essentiel de l&rsquo;actu \u00e9nergie sur votre canal pr\u00e9f\u00e9r\u00e9.<\/p>\n<p>      Avez-vous trouv\u00e9 cet article utile ?<\/p>\n<p>100% des 3 votes trouvent l&rsquo;information utile.<\/p>\n","protected":false},"excerpt":{"rendered":"Par Matias Perea Analyste \u00c9nergie Publi\u00e9 le 19\/08\/2025 min de lecture L&rsquo;INFO QUI FAIT BAISSER VOTRE FACTURE Alertes&hellip;\n","protected":false},"author":2,"featured_media":253666,"comment_status":"","ping_status":"","sticky":false,"template":"","format":"standard","meta":{"footnotes":""},"categories":[6],"tags":[35,33,34,1011,27],"class_list":{"0":"post-329687","1":"post","2":"type-post","3":"status-publish","4":"format-standard","5":"has-post-thumbnail","7":"category-economie","8":"tag-business","9":"tag-economie","10":"tag-economy","11":"tag-fr","12":"tag-france"},"share_on_mastodon":{"url":"https:\/\/pubeurope.com\/@fr\/115056386696157336","error":""},"_links":{"self":[{"href":"https:\/\/www.europesays.com\/fr\/wp-json\/wp\/v2\/posts\/329687","targetHints":{"allow":["GET"]}}],"collection":[{"href":"https:\/\/www.europesays.com\/fr\/wp-json\/wp\/v2\/posts"}],"about":[{"href":"https:\/\/www.europesays.com\/fr\/wp-json\/wp\/v2\/types\/post"}],"author":[{"embeddable":true,"href":"https:\/\/www.europesays.com\/fr\/wp-json\/wp\/v2\/users\/2"}],"replies":[{"embeddable":true,"href":"https:\/\/www.europesays.com\/fr\/wp-json\/wp\/v2\/comments?post=329687"}],"version-history":[{"count":0,"href":"https:\/\/www.europesays.com\/fr\/wp-json\/wp\/v2\/posts\/329687\/revisions"}],"wp:featuredmedia":[{"embeddable":true,"href":"https:\/\/www.europesays.com\/fr\/wp-json\/wp\/v2\/media\/253666"}],"wp:attachment":[{"href":"https:\/\/www.europesays.com\/fr\/wp-json\/wp\/v2\/media?parent=329687"}],"wp:term":[{"taxonomy":"category","embeddable":true,"href":"https:\/\/www.europesays.com\/fr\/wp-json\/wp\/v2\/categories?post=329687"},{"taxonomy":"post_tag","embeddable":true,"href":"https:\/\/www.europesays.com\/fr\/wp-json\/wp\/v2\/tags?post=329687"}],"curies":[{"name":"wp","href":"https:\/\/api.w.org\/{rel}","templated":true}]}}