{"id":329688,"date":"2025-08-19T16:31:14","date_gmt":"2025-08-19T16:31:14","guid":{"rendered":"https:\/\/www.europesays.com\/fr\/329688\/"},"modified":"2025-08-19T16:31:14","modified_gmt":"2025-08-19T16:31:14","slug":"en-direct-guerre-en-ukraine-poutine-a-propose-de-rencontrer-zelensky-a-moscou-lors-de-son-appel-avec-donald-trump-liberation","status":"publish","type":"post","link":"https:\/\/www.europesays.com\/fr\/329688\/","title":{"rendered":"EN DIRECT &#8211; Guerre en Ukraine\u00a0: Poutine a propos\u00e9 de rencontrer Zelensky \u00e0 Moscou lors de son appel avec Donald Trump \u2013 Lib\u00e9ration"},"content":{"rendered":"<p class=\"sc-ksZaOG ehjQrN text-element\">La r\u00e9union de la \u00abcoalition des volontaires\u00bb, pays alli\u00e9s de Kyiv, copr\u00e9sid\u00e9e par Emmanuel Macron et Keir Starmer, vient de s\u2019achever. Tous les participants \u00e0 cette visioconf\u00e9rence ont confirm\u00e9 la n\u00e9cessit\u00e9 de continuer \u00e0 soutenir l\u2019Ukraine, a indiqu\u00e9 ce mardi le Premier ministre polonais Donald Tusk sur le r\u00e9seau social X. \u00abLes dirigeants du Canada, du Japon, de la Turquie, de la Nouvelle-Z\u00e9lande et des pays europ\u00e9ens ont \u00e9valu\u00e9 les r\u00e9sultats de la r\u00e9union en Alaska de mani\u00e8re tr\u00e8s r\u00e9aliste\u00bb, a-t-il \u00e9galement soulign\u00e9. De son c\u00f4t\u00e9, la ministre finlandaise des Affaires \u00e9trang\u00e8res, Elina Valtonen, a d\u00e9clar\u00e9 que les pays membres de la coalition avaient commenc\u00e9 \u00e0 travailler sur un cadre de garanties de s\u00e9curit\u00e9 pour l\u2019Ukraine, mais qu\u2019aucune d\u00e9cision n\u2019avait encore \u00e9t\u00e9 prise quant \u00e0 leur contenu. La question de l\u2019envoi de troupes en Ukraine n\u2019est \u00e9galement pas encore tranch\u00e9e, a-t-elle ajout\u00e9.<\/p>\n","protected":false},"excerpt":{"rendered":"La r\u00e9union de la \u00abcoalition des volontaires\u00bb, pays alli\u00e9s de Kyiv, copr\u00e9sid\u00e9e par Emmanuel Macron et Keir Starmer,&hellip;\n","protected":false},"author":2,"featured_media":329689,"comment_status":"","ping_status":"","sticky":false,"template":"","format":"standard","meta":{"footnotes":""},"categories":[5],"tags":[11,75,1073,1011,27,14,12,132,220,297,364,135,134,28],"class_list":{"0":"post-329688","1":"post","2":"type-post","3":"status-publish","4":"format-standard","5":"has-post-thumbnail","7":"category-international","8":"tag-actualites","9":"tag-donald-trump","10":"tag-emmanuel-macron","11":"tag-fr","12":"tag-france","13":"tag-international","14":"tag-news","15":"tag-russie","16":"tag-ukraine","17":"tag-ukraine-la-crise","18":"tag-union-europeenne","19":"tag-vladimir-poutine","20":"tag-volodymyr-zelensky","21":"tag-world"},"share_on_mastodon":{"url":"https:\/\/pubeurope.com\/@fr\/115056390017238391","error":""},"_links":{"self":[{"href":"https:\/\/www.europesays.com\/fr\/wp-json\/wp\/v2\/posts\/329688","targetHints":{"allow":["GET"]}}],"collection":[{"href":"https:\/\/www.europesays.com\/fr\/wp-json\/wp\/v2\/posts"}],"about":[{"href":"https:\/\/www.europesays.com\/fr\/wp-json\/wp\/v2\/types\/post"}],"author":[{"embeddable":true,"href":"https:\/\/www.europesays.com\/fr\/wp-json\/wp\/v2\/users\/2"}],"replies":[{"embeddable":true,"href":"https:\/\/www.europesays.com\/fr\/wp-json\/wp\/v2\/comments?post=329688"}],"version-history":[{"count":0,"href":"https:\/\/www.europesays.com\/fr\/wp-json\/wp\/v2\/posts\/329688\/revisions"}],"wp:featuredmedia":[{"embeddable":true,"href":"https:\/\/www.europesays.com\/fr\/wp-json\/wp\/v2\/media\/329689"}],"wp:attachment":[{"href":"https:\/\/www.europesays.com\/fr\/wp-json\/wp\/v2\/media?parent=329688"}],"wp:term":[{"taxonomy":"category","embeddable":true,"href":"https:\/\/www.europesays.com\/fr\/wp-json\/wp\/v2\/categories?post=329688"},{"taxonomy":"post_tag","embeddable":true,"href":"https:\/\/www.europesays.com\/fr\/wp-json\/wp\/v2\/tags?post=329688"}],"curies":[{"name":"wp","href":"https:\/\/api.w.org\/{rel}","templated":true}]}}