{"id":329694,"date":"2025-08-19T16:36:19","date_gmt":"2025-08-19T16:36:19","guid":{"rendered":"https:\/\/www.europesays.com\/fr\/329694\/"},"modified":"2025-08-19T16:36:19","modified_gmt":"2025-08-19T16:36:19","slug":"la-fouillouse-comment-ces-structures-protegent-elles-les-animaux-de-la-canicule","status":"publish","type":"post","link":"https:\/\/www.europesays.com\/fr\/329694\/","title":{"rendered":"La Fouillouse. Comment ces structures prot\u00e8gent-elles les animaux de la canicule\u00a0?"},"content":{"rendered":"<p class=\"insetTitle\">La Fouillouse &#8211; Au centre \u00e9questre d\u2019Eculieu, les animaux sont dehors, au frais \u00e0 l\u2019ombre<\/p>\n<p>\u00c9milie et Malie, deux soigneuses professionnelles au centre \u00e9questre d\u2019Eculieu, veillent sur les chevaux du centre au quotidien. \u00ab\u00a0On les laisse dehors, dans les pr\u00e9s, ils sont plus au frais, c\u2019est toujours mieux que dans les \u00e9curies. Et naturellement ils cherchent \u00e0 se mettre \u00e0 l\u2019ombre sous les arbres quand il y en a bien s\u00fbr\u00a0\u00bb, indiquent-elles.<\/p>\n<p>\u00ab\u00a0Pour les arroser sans risque, il est mieux d\u2019attendre le soir\u00a0\u00bb<\/p>\n<p>Les chevaux ont toujours de l\u2019eau \u00e0 leur disposition. \u00ab\u00a0On doit suivre leur rythme de vie, c\u2019est \u00e0 nous de nous adapter \u00e0 eux et pas l\u2019inverse. Nous sommes l\u00e0 pour les prot\u00e9ger. Les propri\u00e9taires arrosent souvent leurs montures, pas nous. L\u2019eau s\u2019emmagasine sous les poils et avec la chaleur \u00e7a peut faire un effet sauna ce qui n\u2019est pas recommand\u00e9. Pour les arroser sans risque il est mieux d\u2019attendre le soir\u00a0\u00bb, d\u00e9taillent les soigneuses.<\/p>\n<p>Elles ajoutent\u00a0: \u00ab\u00a0Un cheval boit en moyenne entre 40 et 50 litres d\u2019eau par jour, avec ces grosses chaleurs \u00e7a peut monter \u00e0 60. Le centre\u00a0\u00e9questre a un syst\u00e8me de distribution d\u2019eau automatis\u00e9. Les chevaux ont toujours une r\u00e9serve d\u2019eau \u00e0 leur disposition.\u00a0\u00bb<\/p>\n<p>Tous les jours \u00c9milie et Malie sont sur le terrain, elles passent et repassent pour s\u2019assurer qu\u2019aucun animal ne donne des signes de faiblesse.<\/p>\n<p>\u00ab\u00a0Avec ces chaleurs, le cheval transpire sous les poils normalement. Par contre, s\u2019il mange moins, s\u2019il a l\u2019encolure qui baisse un peu, s\u2019il a les pattes qui enflent un peu, comme nous les humains, c\u2019est qu\u2019il y a un petit probl\u00e8me. On essaye alors de le mettre un peu plus au frais, on les fait marcher pour acc\u00e9l\u00e9rer la circulation du sang et nous suivons l\u2019\u00e9volution.\u00a0\u00bb<\/p>\n","protected":false},"excerpt":{"rendered":"La Fouillouse &#8211; Au centre \u00e9questre d\u2019Eculieu, les animaux sont dehors, au frais \u00e0 l\u2019ombre \u00c9milie et Malie,&hellip;\n","protected":false},"author":2,"featured_media":329695,"comment_status":"","ping_status":"","sticky":false,"template":"","format":"standard","meta":{"footnotes":""},"categories":[9653],"tags":[1111,11,327,2430,33,7539,1777,674,1011,27,12296,12,25,4001,9664],"class_list":{"0":"post-329694","1":"post","2":"type-post","3":"status-publish","4":"format-standard","5":"has-post-thumbnail","7":"category-saint-etienne","8":"tag-actu","9":"tag-actualites","10":"tag-agriculture","11":"tag-auvergne-rhone-alpes","12":"tag-economie","13":"tag-edition-loire-sud","14":"tag-eu","15":"tag-europe","16":"tag-fr","17":"tag-france","18":"tag-la-fouillouse","19":"tag-news","20":"tag-republique-francaise","21":"tag-saint-etienne","22":"tag-saint-etienne-bassin"},"share_on_mastodon":{"url":"https:\/\/pubeurope.com\/@fr\/115056409491375107","error":""},"_links":{"self":[{"href":"https:\/\/www.europesays.com\/fr\/wp-json\/wp\/v2\/posts\/329694","targetHints":{"allow":["GET"]}}],"collection":[{"href":"https:\/\/www.europesays.com\/fr\/wp-json\/wp\/v2\/posts"}],"about":[{"href":"https:\/\/www.europesays.com\/fr\/wp-json\/wp\/v2\/types\/post"}],"author":[{"embeddable":true,"href":"https:\/\/www.europesays.com\/fr\/wp-json\/wp\/v2\/users\/2"}],"replies":[{"embeddable":true,"href":"https:\/\/www.europesays.com\/fr\/wp-json\/wp\/v2\/comments?post=329694"}],"version-history":[{"count":0,"href":"https:\/\/www.europesays.com\/fr\/wp-json\/wp\/v2\/posts\/329694\/revisions"}],"wp:featuredmedia":[{"embeddable":true,"href":"https:\/\/www.europesays.com\/fr\/wp-json\/wp\/v2\/media\/329695"}],"wp:attachment":[{"href":"https:\/\/www.europesays.com\/fr\/wp-json\/wp\/v2\/media?parent=329694"}],"wp:term":[{"taxonomy":"category","embeddable":true,"href":"https:\/\/www.europesays.com\/fr\/wp-json\/wp\/v2\/categories?post=329694"},{"taxonomy":"post_tag","embeddable":true,"href":"https:\/\/www.europesays.com\/fr\/wp-json\/wp\/v2\/tags?post=329694"}],"curies":[{"name":"wp","href":"https:\/\/api.w.org\/{rel}","templated":true}]}}