{"id":329696,"date":"2025-08-19T16:38:26","date_gmt":"2025-08-19T16:38:26","guid":{"rendered":"https:\/\/www.europesays.com\/fr\/329696\/"},"modified":"2025-08-19T16:38:26","modified_gmt":"2025-08-19T16:38:26","slug":"asse-les-socios-verts-lancent-leur-campagne-de-levee-de-fonds","status":"publish","type":"post","link":"https:\/\/www.europesays.com\/fr\/329696\/","title":{"rendered":"ASSE : les Socios Verts lancent leur campagne de lev\u00e9e de fonds"},"content":{"rendered":"<p>Les Socios Verts ont officiellement lanc\u00e9 samedi 16 ao\u00fbt, \u00e0 la brasserie Geoffroy Guichard, leur campagne de lev\u00e9e de fonds destin\u00e9e \u00e0 entrer au capital de l&rsquo;ASSE.<\/p>\n<p>Objectif : <b>150.000 euros<\/b> en deux semaines pour les <b>Socios Verts.<\/b><\/p>\n<p>L&rsquo;op\u00e9ration vise \u00e0 r\u00e9unir cette somme n\u00e9cessaire \u00e0 l&rsquo;acquisition de <b>10.000 parts du club.<\/b>\u00a0<\/p>\n<p>Cela repr\u00e9sente <b>0,1 % du capital<\/b> de l<b>&lsquo;AS Saint-\u00c9tienne<\/b>, actuellement d\u00e9tenu par un actionnaire minoritaire qui a accept\u00e9 de c\u00e9der ses parts.\u00a0<\/p>\n<p>L&rsquo;agr\u00e9ment de cession a \u00e9t\u00e9 valid\u00e9 par l&rsquo;AS Saint-\u00c9tienne le 12 ao\u00fbt.<\/p>\n<p>Une d\u00e9marche symbolique en faveur de l&rsquo;ASSE<\/p>\n<p>En moins de 24h, la mobilisation est d\u00e9j\u00e0 forte : 500 Socios adh\u00e9rents ont apport\u00e9 plus de 30.000 euros.\u00a0<\/p>\n<p>La lev\u00e9e de fonds, ouverte pour deux semaines, se d\u00e9roule via la plateforme <a class=\"url\" href=\"https:\/\/www.helloasso.com\/associations\/socios-verts\/boutiques\/levee-de-fonds-socios-verts-public\" target=\"_blank\" rel=\"noopener\">HelloAsso<\/a>.<\/p>\n<p>En rejoignant le capital du club, les Socios Verts ne si\u00e8geront pas au conseil d&rsquo;administration, mais participeront \u00e0 l&rsquo;assembl\u00e9e g\u00e9n\u00e9rale des actionnaires.\u00a0<\/p>\n<p>L&rsquo;initiative s&rsquo;inscrit dans une tendance observ\u00e9e ailleurs en France, o\u00f9 cinq clubs de football (Bastia, Sochaux, Rouen, Guingamp et N\u00eemes) comptent d\u00e9j\u00e0 des socios actionnaires.<\/p>\n<p>Les membres des Socios Verts avaient re\u00e7u un mail en amont de ce lancement, leur permettant de contribuer d\u00e8s lundi 18 ao\u00fbt.<\/p>\n<p>Cette nouvelle \u00e9tape marque une volont\u00e9 affirm\u00e9e de renforcer le lien entre les supporters et leur club de c\u0153ur.<\/p>\n<p><img loading=\"lazy\" decoding=\"async\" src=\"https:\/\/www.europesays.com\/fr\/wp-content\/uploads\/2025\/08\/1755621506_672_img\" width=\"350\" height=\"200\" border=\"0\" title=\"Richard Tylinski a re\u00c3\u00a7u un bel hommage de l'AS Saint-\u00c3\u0089tienne dans un communiqu\u00c3\u00a9.\"\/><\/p>\n<p>\u25baFootball<\/p>\n<p style=\"font-size: 22px;\"><b>ASSE : Richard Tylinski, \u00ab\u00a0homme des toutes premi\u00e8res fois du club\u00a0\u00bb, s&rsquo;est \u00e9teint<\/b><\/p>\n<p>Richard Tylinski, ancien milieu de terrain et d\u00e9fenseur&#8230;<\/p>\n<p><\/p>\n","protected":false},"excerpt":{"rendered":"Les Socios Verts ont officiellement lanc\u00e9 samedi 16 ao\u00fbt, \u00e0 la brasserie Geoffroy Guichard, leur campagne de lev\u00e9e&hellip;\n","protected":false},"author":2,"featured_media":329697,"comment_status":"","ping_status":"","sticky":false,"template":"","format":"standard","meta":{"footnotes":""},"categories":[9653],"tags":[1111,11,461,2430,46713,1777,674,1011,27,3367,12,25,9920,4001,46712,9841],"class_list":{"0":"post-329696","1":"post","2":"type-post","3":"status-publish","4":"format-standard","5":"has-post-thumbnail","7":"category-saint-etienne","8":"tag-actu","9":"tag-actualites","10":"tag-asse","11":"tag-auvergne-rhone-alpes","12":"tag-campagne-leve-de-fonds-asse","13":"tag-eu","14":"tag-europe","15":"tag-fr","16":"tag-france","17":"tag-loire","18":"tag-news","19":"tag-republique-francaise","20":"tag-saint-tienne","21":"tag-saint-etienne","22":"tag-socios-verts","23":"tag-stade-geoffroy-guichard"},"share_on_mastodon":{"url":"https:\/\/pubeurope.com\/@fr\/115056417934727164","error":""},"_links":{"self":[{"href":"https:\/\/www.europesays.com\/fr\/wp-json\/wp\/v2\/posts\/329696","targetHints":{"allow":["GET"]}}],"collection":[{"href":"https:\/\/www.europesays.com\/fr\/wp-json\/wp\/v2\/posts"}],"about":[{"href":"https:\/\/www.europesays.com\/fr\/wp-json\/wp\/v2\/types\/post"}],"author":[{"embeddable":true,"href":"https:\/\/www.europesays.com\/fr\/wp-json\/wp\/v2\/users\/2"}],"replies":[{"embeddable":true,"href":"https:\/\/www.europesays.com\/fr\/wp-json\/wp\/v2\/comments?post=329696"}],"version-history":[{"count":0,"href":"https:\/\/www.europesays.com\/fr\/wp-json\/wp\/v2\/posts\/329696\/revisions"}],"wp:featuredmedia":[{"embeddable":true,"href":"https:\/\/www.europesays.com\/fr\/wp-json\/wp\/v2\/media\/329697"}],"wp:attachment":[{"href":"https:\/\/www.europesays.com\/fr\/wp-json\/wp\/v2\/media?parent=329696"}],"wp:term":[{"taxonomy":"category","embeddable":true,"href":"https:\/\/www.europesays.com\/fr\/wp-json\/wp\/v2\/categories?post=329696"},{"taxonomy":"post_tag","embeddable":true,"href":"https:\/\/www.europesays.com\/fr\/wp-json\/wp\/v2\/tags?post=329696"}],"curies":[{"name":"wp","href":"https:\/\/api.w.org\/{rel}","templated":true}]}}