{"id":32970,"date":"2025-04-18T02:32:08","date_gmt":"2025-04-18T02:32:08","guid":{"rendered":"https:\/\/www.europesays.com\/fr\/32970\/"},"modified":"2025-04-18T02:32:08","modified_gmt":"2025-04-18T02:32:08","slug":"ces-cambrioleurs-trahis-par-leur-pied-de-biche-retrouve-dans-le-salon-dune-victime-a-vertou","status":"publish","type":"post","link":"https:\/\/www.europesays.com\/fr\/32970\/","title":{"rendered":"Ces cambrioleurs trahis par leur pied-de-biche retrouv\u00e9 dans le salon d\u2019une victime \u00e0 Vertou"},"content":{"rendered":"<p>            Par<br \/>\n        <strong><br \/>\n            <a href=\"https:\/\/actu.fr\/auteur\/laurent-fortin\" title=\"Consulter tous les articles de Laurent Fortin\" target=\"_blank\" rel=\"noopener\">Laurent Fortin<\/a><br \/>\n        <\/strong><\/p>\n<p>        Publi\u00e9 le<\/p>\n<p>            17 avr. 2025 \u00e0 21h55        <\/p>\n<p>Ce<b> 21\u00a0f\u00e9vrier 2025<\/b>, les militaires avaient \u00e9t\u00e9 appel\u00e9s vers 16\u2009h\u200920 pour un \u00ab\u2009possible <b>cambriolage en cours\u2009<\/b>\u00bb <a href=\"https:\/\/www.google.com\/maps\/place\/Rue+des+Landes+Mortron,+44120+Vertou\/@47.1870542,-1.5059696,367m\/data=!3m1!1e3!4m6!3m5!1s0x4805e8c2d2bc57b3:0xa38fbce714c7ac09!8m2!3d47.1867531!4d-1.5065257!16s%2Fg%2F1tfpz6h7?entry=ttu&amp;g_ep=EgoyMDI1MDQxNC4xIKXMDSoASAFQAw%3D%3D\" target=\"_blank\" rel=\"noopener\">rue des Landes Mortron<\/a>, non loin du cimeti\u00e8re de Beautour, \u00e0 <a href=\"https:\/\/actu.fr\/pays-de-la-loire\/vertou_44215\" target=\"_blank\" rel=\"noopener\"><b>Vertou<\/b><\/a>. Un voisin avait aper\u00e7u<b> \u00ab\u2009deux individus passant par-dessus les cl\u00f4tures du lotissement\u2009\u00bb, <\/b>a-t-il \u00e9t\u00e9 relat\u00e9, lors de<b> <\/b>l\u2019audience publique du tribunal correctionnel de Nantes.<\/p>\n<p class=\" wall-content\">Les gendarmes avaient ensuite pu p\u00e9n\u00e9trer dans la maison o\u00f9<b> \u00ab\u2009un petit pied-de-biche bleu d\u2019une trentaine de centim\u00e8tres\u2009\u00bb se trouvait \u00ab\u2009sur la table basse du salon\u2009\u00bb<\/b>. Ils avaient aussi \u00ab\u2009entendu du bruit\u2009\u00bb en provenance d\u2019une chambre d\u2019o\u00f9 \u00e9taient sortis \u00ab\u2009deux individus simultan\u00e9ment\u2009\u00bb. L\u2019un d\u2019eux \u00ab\u2009dormait\u2009\u00bb, leur avait-il expliqu\u00e9. <b>Le premier \u00e9tait toutefois porteur d\u2019une \u00ab\u2009alliance grav\u00e9e <\/b>\u00a0\u00bbNicolas et Elodie\u00a0\u00bb\u00bb tandis que le second avait sur lui \u00ab\u2009<b>une bo\u00eete d\u2019Airpods, une enceinte et un bracelet\u2009<\/b>\u00bb.<\/p>\n<p class=\" wall-content\"><b>L\u2019int\u00e9rieur \u00e9tait d\u00e9j\u00e0 en \u00ab\u2009grand d\u00e9sordre\u2009\u00bb <\/b>quand eux-m\u00eames \u00e9taient arriv\u00e9s, avaient expliqu\u00e9 les deux suspects\u2009: ces deux ressortissants nord-africains cherchaient en fait juste un toit pour se loger car il faisait \u00ab\u2009froid\u2009\u00bb. Or \u00ab\u2009une personne nous a indiqu\u00e9 que cette maison \u00e9tait ouverte\u2009\u00bb, ont-ils expliqu\u00e9 par le biais de leur interpr\u00e8te.<\/p>\n<p>L\u2019un d\u2019eux d\u00e9j\u00e0 convoqu\u00e9 par la justice<\/p>\n<p class=\" wall-content\">Seulement voil\u00e0\u2009: rue des Cantaloups, soit \u00e0 \u00ab\u2009quelques centaines de m\u00e8tres\u2009\u00bb de la rue des Landes Mortron, <b>une autre maison avait elle aussi \u00e9t\u00e9 cambriol\u00e9e et ses volets <\/b>portaient des traces de pes\u00e9e \u00ab\u2009de couleur bleue identique \u00e0 celle du pied-de-biche\u2009\u00bb retrouv\u00e9 dans l\u2019autre maison cambriol\u00e9e, a expliqu\u00e9 la pr\u00e9sidente du tribunal correctionnel de Nantes. Les gendarmes en avaient donc d\u00e9duit que le duo \u00e9tait les voleurs des deux maisons.<\/p>\n<blockquote class=\"ac-article-quote wall-content\">\n<p>Monsieur, vous avez dit aux gendarmes qui vous ont trouv\u00e9 dans la maison que vous dormiez depuis deux heures, mais ce n\u2019est pas coh\u00e9rent avec ce que dit le voisin qui vous a vu enjamber les cl\u00f4tures du lotissement.<\/p>\n<p>La pr\u00e9sidente<\/p><\/blockquote>\n<p class=\" wall-content\">Elle s\u2019adressait au premier d\u2019entre eux, un jeune de 26\u00a0ans c\u00e9libataire et sans enfant arriv\u00e9 \u00e0 Nantes \u00ab\u2009il y a quatre mois et demi\u2009\u00bb.<\/p>\n<p class=\" wall-content\">Pass\u00e9 par \u00ab\u2009l\u2019Alg\u00e9rie\u2009\u00bb puis \u00ab\u2009l\u2019Espagne\u2009\u00bb,<b> ce jeune \u00ab\u2009Libyen\u2009\u00bb \u00e9tait \u00ab\u2009venu chercher du travail\u2009\u00bb en France,<\/b> pour \u00ab\u2009aider ses parents\u2009\u00bb rest\u00e9s dans son pays d\u2019origine o\u00f9 ils n\u2019ont \u00ab\u2009pas de logement\u2009\u00bb. Mais \u00ab\u2009plusieurs soucis de sant\u00e9\u2009\u00bb l\u2019ont emp\u00each\u00e9 de continuer \u00e0 \u00ab\u2009travailler sur le march\u00e9\u2009\u00bb comme il l\u2019avait pourtant fait \u00ab\u2009les premiers jours\u2009\u00bb sans \u00eatre d\u00e9clar\u00e9. <b>Il avait aussi \u00ab\u2009vendu des cigarettes \u00e0 la sauvette \u00e0 Commerce\u2009\u00bb,<\/b> a-t-il fait savoir pour d\u00e9montrer son intention de travailler.<\/p>\n<p class=\" wall-content\">Reste que, si son casier judiciaire fran\u00e7ais jusqu\u2019alors vierge, il avait malgr\u00e9 tout <b>\u00ab\u2009une convocation\u2009\u00bb en poche pour venir au tribunal le 27\u00a0novembre prochain \u00ab\u2009pour deux tentatives de vol \u00e0 La Chapelle-sur-Erdre\u2009\u00bb,<\/b> lui a rappel\u00e9 la pr\u00e9sidente du tribunal correctionnel de Nantes.<\/p>\n<blockquote class=\"ac-article-quote wall-content\">\n<p>Pourquoi on vous retrouve \u00e0 Vertou alors que vous aviez interdiction de quitter Nantes\u2009?<\/p>\n<p>La procureure de la R\u00e9publique.<\/p><\/blockquote>\n<p class=\" wall-content\">L\u2019int\u00e9ress\u00e9 lui a alors r\u00e9pondu qu\u2019il \u00ab\u2009ne savait pas\u2009\u00bb qu\u2019il avait pass\u00e9 la limite entre les deux communes.<\/p>\n<p>Six mois de prison avec sursis<\/p>\n<blockquote class=\"ac-article-quote wall-content\">\n<p>J\u2019entends les explications de ces deux messieurs \u2013 somme toute assez peu plausibles \u2013 mais vous avez un certain nombre d\u2019\u00e9l\u00e9ments en proc\u00e9dure vous permettant d\u2019entrer en voie de condamnation. Je pense que, dans leur pays aussi, c\u2019est un d\u00e9lit de p\u00e9n\u00e9trer sans autorisation dans une habitation et qu\u2019on ne force pas les portes uniquement pour se mettre au chaud.<\/p>\n<p>La repr\u00e9sentante du minist\u00e8re public \u00e0 l\u2019attention des trois juges<\/p><\/blockquote>\n<p class=\" wall-content\">Elle avait donc requis <b>huit mois de prison ferme<\/b>, <b>un maintien en d\u00e9tention<\/b> et une <b>interdiction de revenir en Loire-Atlantique pendant un an.<\/b><\/p>\n<blockquote class=\"ac-article-quote wall-content\">\n<p>J\u2019ai fait une recherche sur Amazon pour trouver un pied-de-biche et, le premier qui ressort dans la liste, c\u2019est ce pied-de-biche bleu. Combien y en a-t-il donc dans la r\u00e9gion\u2009? Qu\u2019est-ce qui nous fait dire qu\u2019il n\u2019y avait pas d\u2019autres cambrioleurs dans le secteur\u2009?<\/p>\n<p>Matthieu Cr\u00e9ach, l\u2019avocat de l\u2019un des deux cambrioleurs<\/p><\/blockquote>\n<p class=\" wall-content\">S\u2019il \u00ab\u2009s\u2019en rapporte\u2009\u00bb \u00e0 l\u2019appr\u00e9ciation du tribunal concernant<b> la culpabilit\u00e9 de son client sur les faits survenus dans la seconde maison cambriol\u00e9e,<\/b> il trouvait la plainte de l\u2019autre propri\u00e9taire \u00ab\u2009indigente\u2009\u00bb\u2009: cette seconde victime habite \u00ab\u2009\u00e0 800\u00a0m\u00e8tres\u2009\u00bb de la premi\u00e8re et aucune \u00ab\u2009technique d\u2019enqu\u00eate moderne\u2009\u00bb (ADN, t\u00e9l\u00e9phonie\u2026) n\u2019a \u00e9t\u00e9 mise en \u0153uvre pour incriminer son client. Edouard Vallon, l\u2019avocat du second pr\u00e9venu, avait lui aussi <b>mis en garde les juges contre les \u00ab\u2009tr\u00e8s gros raccourcis\u2009\u00bb <\/b>faits par les gendarmes entre ces deux vols survenus \u00e0 Vertou.<\/p>\n<p class=\" wall-content\">Le tribunal correctionnel de Nantes a n\u00e9anmoins <b>estim\u00e9 avoir \u00ab\u2009suffisamment d\u2019\u00e9l\u00e9ments\u2009\u00bb pour les d\u00e9clarer coupables, <\/b>au vu de ce \u00ab\u2009mode op\u00e9ratoire similaire avec ce pied-de-biche\u2009\u00bb\u2009: ils ont <b>\u00e9cop\u00e9 de six mois de prison avec sursis simple<\/b>.<\/p>\n<blockquote class=\"ac-article-quote wall-content\">\n<p>Quelle que soit la pr\u00e9carit\u00e9 de votre situation, elle ne peut justifier en aucune fa\u00e7on une atteinte aux biens.<\/p>\n<p>La pr\u00e9sidente.<\/p><\/blockquote>\n<p class=\" wall-content\">Outre cet \u00ab\u2009avertissement s\u00e9v\u00e8re\u2009\u00bb,<b> les deux hommes devront payer 800\u00a0\u20ac de dommages et int\u00e9r\u00eats \u00e0 la personne cambriol\u00e9e<\/b> de la rue des Landes Mortron pour \u00ab\u2009le stress\u2009\u00bb qu\u2019ils lui ont caus\u00e9.<\/p>\n<p class=\" wall-content\">Suivez toute l\u2019actualit\u00e9 de vos villes et m\u00e9dias favoris en vous inscrivant \u00e0 <a href=\"https:\/\/moncompte.actu.fr\" title=\"D\u00e9couvez Mon Actu\" rel=\"nofollow noopener\" data-trk=\"{&quot;cta&quot;:{&quot;action&quot;:&quot;https:\\\/\\\/moncompte.actu.fr&quot;,&quot;category&quot;:&quot;mon compte&quot;,&quot;from&quot;:&quot;article footer&quot;,&quot;name&quot;:&quot;Mon actu&quot;,&quot;type&quot;:&quot;cta&quot;}}\" target=\"_blank\">Mon Actu<\/a>.<\/p>\n","protected":false},"excerpt":{"rendered":"Par Laurent Fortin Publi\u00e9 le 17 avr. 2025 \u00e0 21h55 Ce 21\u00a0f\u00e9vrier 2025, les militaires avaient \u00e9t\u00e9 appel\u00e9s&hellip;\n","protected":false},"author":2,"featured_media":32971,"comment_status":"","ping_status":"","sticky":false,"template":"","format":"standard","meta":{"footnotes":""},"categories":[2818],"tags":[1111,11,1174,1777,674,1011,27,303,766,12,2636,25,104,2900],"class_list":{"0":"post-32970","1":"post","2":"type-post","3":"status-publish","4":"format-standard","5":"has-post-thumbnail","7":"category-nantes","8":"tag-actu","9":"tag-actualites","10":"tag-cambriolage","11":"tag-eu","12":"tag-europe","13":"tag-fr","14":"tag-france","15":"tag-justice","16":"tag-nantes","17":"tag-news","18":"tag-pays-de-la-loire","19":"tag-republique-francaise","20":"tag-societe","21":"tag-vignoble-nantais"},"share_on_mastodon":{"url":"https:\/\/pubeurope.com\/@fr\/114356626685822519","error":""},"_links":{"self":[{"href":"https:\/\/www.europesays.com\/fr\/wp-json\/wp\/v2\/posts\/32970","targetHints":{"allow":["GET"]}}],"collection":[{"href":"https:\/\/www.europesays.com\/fr\/wp-json\/wp\/v2\/posts"}],"about":[{"href":"https:\/\/www.europesays.com\/fr\/wp-json\/wp\/v2\/types\/post"}],"author":[{"embeddable":true,"href":"https:\/\/www.europesays.com\/fr\/wp-json\/wp\/v2\/users\/2"}],"replies":[{"embeddable":true,"href":"https:\/\/www.europesays.com\/fr\/wp-json\/wp\/v2\/comments?post=32970"}],"version-history":[{"count":0,"href":"https:\/\/www.europesays.com\/fr\/wp-json\/wp\/v2\/posts\/32970\/revisions"}],"wp:featuredmedia":[{"embeddable":true,"href":"https:\/\/www.europesays.com\/fr\/wp-json\/wp\/v2\/media\/32971"}],"wp:attachment":[{"href":"https:\/\/www.europesays.com\/fr\/wp-json\/wp\/v2\/media?parent=32970"}],"wp:term":[{"taxonomy":"category","embeddable":true,"href":"https:\/\/www.europesays.com\/fr\/wp-json\/wp\/v2\/categories?post=32970"},{"taxonomy":"post_tag","embeddable":true,"href":"https:\/\/www.europesays.com\/fr\/wp-json\/wp\/v2\/tags?post=32970"}],"curies":[{"name":"wp","href":"https:\/\/api.w.org\/{rel}","templated":true}]}}