{"id":329700,"date":"2025-08-19T16:42:27","date_gmt":"2025-08-19T16:42:27","guid":{"rendered":"https:\/\/www.europesays.com\/fr\/329700\/"},"modified":"2025-08-19T16:42:27","modified_gmt":"2025-08-19T16:42:27","slug":"lancien-ministre-clement-beaune-bientot-a-nancy","status":"publish","type":"post","link":"https:\/\/www.europesays.com\/fr\/329700\/","title":{"rendered":"L\u2019ancien ministre Cl\u00e9ment Beaune bient\u00f4t \u00e0 Nancy"},"content":{"rendered":"<p>Quel devenir pour l\u2019\u00e9cole publique de demain\u00a0? C\u2019est le vaste sujet qui sera abord\u00e9 lors d\u2019une conf\u00e9rence-d\u00e9bat sur le th\u00e8me \u00ab\u00a0Notre \u00e9cole, nos enfants \u2013 Mobilisation g\u00e9n\u00e9rale\u00a0\u00bb organis\u00e9e par la Ville de Nancy mardi 26\u00a0ao\u00fbt \u00e0 19\u00a0heures, dans le Grand Salon de l\u2019H\u00f4tel de Ville.<\/p>\n<p>Cet \u00e9v\u00e9nement fait suite <a href=\"http:\/\/www.strategie-plan.gouv.fr\/publications\/niveau-scolaire-faut-il-sinquieter\" rel=\"nofollow noopener\" target=\"_blank\">deux r\u00e9centes publications de juin\u00a02025<\/a> du haut-commissariat \u00e0 la Strat\u00e9gie et au Plan. Des rapports qui \u00ab\u00a0sonnent comme des alertes graves sur l\u2019\u00e9tat de notre \u00e9cole et ses dysfonctionnements\u00a0\u00bb, s\u2019inqui\u00e8te la Ville de Nancy dans un communiqu\u00e9 de presse diffus\u00e9 mardi 19\u00a0ao\u00fbt. \u00ab\u00a0Le niveau scolaire des \u00e9l\u00e8ves fran\u00e7ais est inqui\u00e9tant, et cela touche tous les milieux. Par ailleurs, la qualit\u00e9 et l\u2019\u00e9quit\u00e9 du service public de l\u2019\u00e9ducation sont menac\u00e9es par le manque d\u2019effectif enseignants\u00a0\u00bb, poursuit le texte.<\/p>\n<p>\u00ab\u00a0Eclairer\u00a0\u00bb les d\u00e9cisions des pouvoirs publics<\/p>\n<p>Pour d\u00e9battre autour de la table, <a href=\"https:\/\/www.lasemaine.fr\/non-classe\/le-ministre-clement-beaune-oui-on-peut-amplifier-la-logique-de-cofinancement-entre-france-et-luxembourg\/\" data-type=\"post\" data-id=\"211750\" rel=\"nofollow noopener\" target=\"_blank\">Cl\u00e9ment Beaune<\/a>, haut-commissaire \u00e0 la Strat\u00e9gie et au Plan, pr\u00e9c\u00e9demment <a href=\"https:\/\/www.lasemaine.fr\/non-classe\/a31-bis-clement-beaune-donne-son-feu-vert\/\" data-type=\"post\" data-id=\"233158\" rel=\"nofollow noopener\" target=\"_blank\">ministre d\u00e9l\u00e9gu\u00e9 \u00e0 l\u2019Europe<\/a> puis ministre des Transports, sera pr\u00e9sent. Pour rappel, sa mission en tant que haut-commissaire \u00e0 la Strat\u00e9gie et au Plan est d\u2019animer et coordonner les travaux de planification de l\u2019\u00c9tat et \u00ab\u00a0d\u2019\u00e9clairer\u00a0\u00bb les d\u00e9cisions des pouvoirs publics au regard des enjeux d\u00e9mographiques, \u00e9conomiques, sociaux, environnementaux, sanitaires, technologiques et culturels.<\/p>\n<p>Ce qui se passe en Meurthe-et-Moselle<\/p>\n<p>\u00ab\u00a0Tous les acteurs concern\u00e9s\u00a0\u00bb sont \u00e9galement invit\u00e9s pour cet \u00e9v\u00e9nement, pr\u00e9cise le communiqu\u00e9. Et d\u2019ajouter\u00a0: \u00ab\u00a0Une mobilisation majeure et collective est n\u00e9cessaire. Ferment de la R\u00e9publique, l\u2019\u00e9cole m\u00e9rite l\u2019engagement de tous autour de constats partag\u00e9s et d\u2019un plan d\u2019actions o\u00f9 les territoires et leurs forces vives, associatives, citoyennes et du service public local ont toute leur place.\u00a0\u00bb<\/p>\n","protected":false},"excerpt":{"rendered":"Quel devenir pour l\u2019\u00e9cole publique de demain\u00a0? C\u2019est le vaste sujet qui sera abord\u00e9 lors d\u2019une conf\u00e9rence-d\u00e9bat sur&hellip;\n","protected":false},"author":2,"featured_media":329701,"comment_status":"","ping_status":"","sticky":false,"template":"","format":"standard","meta":{"footnotes":""},"categories":[9635],"tags":[1111,11,1777,674,1011,27,775,1702,12,25],"class_list":{"0":"post-329700","1":"post","2":"type-post","3":"status-publish","4":"format-standard","5":"has-post-thumbnail","7":"category-nancy","8":"tag-actu","9":"tag-actualites","10":"tag-eu","11":"tag-europe","12":"tag-fr","13":"tag-france","14":"tag-grand-est","15":"tag-nancy","16":"tag-news","17":"tag-republique-francaise"},"share_on_mastodon":{"url":"https:\/\/pubeurope.com\/@fr\/115056433183409311","error":""},"_links":{"self":[{"href":"https:\/\/www.europesays.com\/fr\/wp-json\/wp\/v2\/posts\/329700","targetHints":{"allow":["GET"]}}],"collection":[{"href":"https:\/\/www.europesays.com\/fr\/wp-json\/wp\/v2\/posts"}],"about":[{"href":"https:\/\/www.europesays.com\/fr\/wp-json\/wp\/v2\/types\/post"}],"author":[{"embeddable":true,"href":"https:\/\/www.europesays.com\/fr\/wp-json\/wp\/v2\/users\/2"}],"replies":[{"embeddable":true,"href":"https:\/\/www.europesays.com\/fr\/wp-json\/wp\/v2\/comments?post=329700"}],"version-history":[{"count":0,"href":"https:\/\/www.europesays.com\/fr\/wp-json\/wp\/v2\/posts\/329700\/revisions"}],"wp:featuredmedia":[{"embeddable":true,"href":"https:\/\/www.europesays.com\/fr\/wp-json\/wp\/v2\/media\/329701"}],"wp:attachment":[{"href":"https:\/\/www.europesays.com\/fr\/wp-json\/wp\/v2\/media?parent=329700"}],"wp:term":[{"taxonomy":"category","embeddable":true,"href":"https:\/\/www.europesays.com\/fr\/wp-json\/wp\/v2\/categories?post=329700"},{"taxonomy":"post_tag","embeddable":true,"href":"https:\/\/www.europesays.com\/fr\/wp-json\/wp\/v2\/tags?post=329700"}],"curies":[{"name":"wp","href":"https:\/\/api.w.org\/{rel}","templated":true}]}}