{"id":329702,"date":"2025-08-19T16:43:13","date_gmt":"2025-08-19T16:43:13","guid":{"rendered":"https:\/\/www.europesays.com\/fr\/329702\/"},"modified":"2025-08-19T16:43:13","modified_gmt":"2025-08-19T16:43:13","slug":"plus-dalcool-apres-20h30-a-six-fours-la-ville-a-repris-un-arrete-pour-fermer-certaines-epiceries-la-nuit","status":"publish","type":"post","link":"https:\/\/www.europesays.com\/fr\/329702\/","title":{"rendered":"Plus d\u2019alcool apr\u00e8s 20h30: \u00e0 Six-Fours, la ville a repris un arr\u00eat\u00e9 pour fermer certaines \u00e9piceries la nuit"},"content":{"rendered":"<p>Cette fois, toutes les \u00e9piceries de nuit six-fournaises ne sont pas concern\u00e9es par le nouvel arr\u00eat\u00e9 municipal leur imposant de rester ferm\u00e9es entre 22h et 6h, mais la plupart. \u00c0 savoir: les deux situ\u00e9es rue de la R\u00e9publique (l\u2019alimentation g\u00e9n\u00e9rale Tanigor et Le P\u2019tit Bonheur), ainsi que celle de l\u2019avenue de la Mer (\u00c9picerie Avenue).<\/p>\n<p>Seul le commerce de l\u2019avenue du Mar\u00e9chal-Juin (l\u2019\u00c9picerie du Littoral, ouverte tous les jours de 13h \u00e0 4h) est \u00e9pargn\u00e9 par cette d\u00e9cision prise par le maire la semaine derni\u00e8re.<\/p>\n<p>Rappelons qu\u2019une telle restriction avait d\u00e9j\u00e0 \u00e9t\u00e9 mise en place tout r\u00e9cemment, en mai dernier, avant d\u2019\u00eatre annul\u00e9e mi-juillet par le juge des r\u00e9f\u00e9r\u00e9s, saisi par les g\u00e9rants de cette derni\u00e8re (notre \u00e9dition du 19 juillet).<\/p>\n<p>Plus d\u2019alcool apr\u00e8s 20h30<\/p>\n<p>L\u00e0, la Ville justifie son insistance ainsi: \u00ab\u00a0Les services de police, tant municipale que nationale, constatent [encore] r\u00e9guli\u00e8rement des troubles l\u2019ordre public en lien direct avec l\u2019heure de fermeture tardive de ces \u00e9tablissements\u00a0\u00bb. \u00ab\u00a0Attroupements\u00a0\u00bb, \u00ab\u00a0bruit\u00a0\u00bb, \u00ab\u00a0rixes\u00a0\u00bb, notamment. Et parce que \u00ab\u00a0les interventions r\u00e9guli\u00e8res desdits services, les avertissements et les fermetures administratives temporaires ne suffisent pas \u00e0 mettre fin \u00e0 ces troubles\u00a0\u00bb et qu\u2019il est \u00ab\u00a0\u00e9tabli que certains \u00e9tablissements (\u2026) s\u2019adonnent \u00e0 la vente d\u2019alcool \u00e0 emporter de nuit (pourtant interdite d\u00e8s 20h30 sur la commune)\u00a0\u00bb, le couperet est retomb\u00e9.<\/p>\n<p>Une main courante d\u00e9pos\u00e9e par une m\u00e8re de famille le mois dernier ne plaide pas en la faveur de l\u2019un de ces \u00e9tablissements en particulier, auquel il est reproch\u00e9 d\u2019avoir vendu des alcools forts \u00e0 des adolescents\u2026<\/p>\n<p>Par ailleurs, \u00ab\u00a0les dispositions relatives \u00e0 l\u2019emploi et la protection des salari\u00e9s exer\u00e7ant de nuit\u00a0\u00bb seraient \u00ab\u00a0fr\u00e9quemment contourn\u00e9es ou enfreintes\u00a0\u00bb.<\/p>\n<p>Selon nos informations, aucune des \u00e9piceries vis\u00e9es n\u2019a formul\u00e9 de recours contre cet arr\u00eat\u00e9-l\u00e0, qui s\u2019appliquera donc jusqu\u2019au 15 septembre, au moins.<\/p>\n","protected":false},"excerpt":{"rendered":"Cette fois, toutes les \u00e9piceries de nuit six-fournaises ne sont pas concern\u00e9es par le nouvel arr\u00eat\u00e9 municipal leur&hellip;\n","protected":false},"author":2,"featured_media":329703,"comment_status":"","ping_status":"","sticky":false,"template":"","format":"standard","meta":{"footnotes":""},"categories":[9619],"tags":[1111,11,215,33,1777,674,1011,27,12,882,25,656,2310,3366],"class_list":{"0":"post-329702","1":"post","2":"type-post","3":"status-publish","4":"format-standard","5":"has-post-thumbnail","7":"category-toulon","8":"tag-actu","9":"tag-actualites","10":"tag-commerce","11":"tag-economie","12":"tag-eu","13":"tag-europe","14":"tag-fr","15":"tag-france","16":"tag-news","17":"tag-provence-alpes-cote-dazur","18":"tag-republique-francaise","19":"tag-securite","20":"tag-toulon","21":"tag-vie-locale"},"share_on_mastodon":{"url":"https:\/\/pubeurope.com\/@fr\/115056437098366360","error":""},"_links":{"self":[{"href":"https:\/\/www.europesays.com\/fr\/wp-json\/wp\/v2\/posts\/329702","targetHints":{"allow":["GET"]}}],"collection":[{"href":"https:\/\/www.europesays.com\/fr\/wp-json\/wp\/v2\/posts"}],"about":[{"href":"https:\/\/www.europesays.com\/fr\/wp-json\/wp\/v2\/types\/post"}],"author":[{"embeddable":true,"href":"https:\/\/www.europesays.com\/fr\/wp-json\/wp\/v2\/users\/2"}],"replies":[{"embeddable":true,"href":"https:\/\/www.europesays.com\/fr\/wp-json\/wp\/v2\/comments?post=329702"}],"version-history":[{"count":0,"href":"https:\/\/www.europesays.com\/fr\/wp-json\/wp\/v2\/posts\/329702\/revisions"}],"wp:featuredmedia":[{"embeddable":true,"href":"https:\/\/www.europesays.com\/fr\/wp-json\/wp\/v2\/media\/329703"}],"wp:attachment":[{"href":"https:\/\/www.europesays.com\/fr\/wp-json\/wp\/v2\/media?parent=329702"}],"wp:term":[{"taxonomy":"category","embeddable":true,"href":"https:\/\/www.europesays.com\/fr\/wp-json\/wp\/v2\/categories?post=329702"},{"taxonomy":"post_tag","embeddable":true,"href":"https:\/\/www.europesays.com\/fr\/wp-json\/wp\/v2\/tags?post=329702"}],"curies":[{"name":"wp","href":"https:\/\/api.w.org\/{rel}","templated":true}]}}