{"id":329704,"date":"2025-08-19T16:45:22","date_gmt":"2025-08-19T16:45:22","guid":{"rendered":"https:\/\/www.europesays.com\/fr\/329704\/"},"modified":"2025-08-19T16:45:22","modified_gmt":"2025-08-19T16:45:22","slug":"la-chambre-dagriculture-de-lherault-a-montpellier-visee-par-des-tags-contre-la-loi-duplomb","status":"publish","type":"post","link":"https:\/\/www.europesays.com\/fr\/329704\/","title":{"rendered":"La chambre d\u2019agriculture de l\u2019H\u00e9rault \u00e0 Montpellier vis\u00e9e par des tags contre la loi Duplomb"},"content":{"rendered":"<p>\n                                                                La chambre d\u2019Agriculture de l\u2019H\u00e9rault a \u00e9t\u00e9 la cible de tags contre la loi Duplomb, partiellement censur\u00e9e par le Conseil Constitutionnel, dans la nuit de lundi \u00e0 mardi. Une action relay\u00e9e par les Soul\u00e8vements de la terre et revendiqu\u00e9e par un Groupe inter-esp\u00e8ces en col\u00e8re (le GIEC\u2026) contre la FNSEA.\n                            <\/p>\n<p>Si la loi Duplomb a \u00e9t\u00e9 partiellement censur\u00e9e par le Conseil constitutionnel le 7\u00a0ao\u00fbt dernier, notamment l\u2019utilisation de l\u2019ac\u00e9tamipride, d\u2019autres mesures contenues dans le texte suscitent la contestation d\u2019associations de d\u00e9fense de l\u2019environnement.<\/p>\n<p>Contre les m\u00e9gabassines<\/p>\n<p>Dans ce contexte, une organisation baptis\u00e9e \u00ab\u00a0Groupe interesp\u00e8ces en col\u00e8re\u00a0\u00bb, soit GIEC, en r\u00e9f\u00e9rence au groupe intergouvernemental d\u2019experts sur l\u2019\u00e9volution du climat, a revendiqu\u00e9 l\u2019inscription de tags, dans la nuit de lundi \u00e0 mardi, sur le mur d\u2019entr\u00e9e de la chambre d\u2019agriculture de l\u2019H\u00e9rault.\u00a0Un communiqu\u00e9 relay\u00e9 par l\u2019antenne montpelli\u00e9raine du collectif \u00e9cologiste et radical \u00ab\u00a0Les soul\u00e8vements de la terre\u00a0\u00bb.<\/p>\n<p>\u00ab\u00a0\u00c0 part trois n\u00e9onicotino\u00efdes censur\u00e9s, toutes les mesures ont \u00e9t\u00e9 valid\u00e9es\u00a0: facilitation de la construction de nouvelles m\u00e9gabassines, installation de fermes usines encore plus \u00e9normes, mise sous tutelle de l\u2019Office fran\u00e7ais de la biodiversit\u00e9\u00a0\u00bb\u00a0\u00e9crivent les repr\u00e9sentants de cette mouvance selon lesquels \u00ab\u00a0c\u2019est une course en avant vers l\u2019agro-industrie, au d\u00e9triment de l\u2019agriculture \u00e0 taille humaine et de l\u2019adaptation au changement climatique\u00a0\u00bb.<\/p>\n<p>La FNSEA vis\u00e9e<\/p>\n<p>\u00ab\u00a0Par cette action c\u2019est la FNSEA que nous visons pour sa complicit\u00e9 avec le gouvernement et l\u2019agro-industrie\u00a0\u00bb\u00a0poursuit ce \u00ab\u00a0groupe interesp\u00e8ces\u00a0\u00bb. La chambre d\u2019agriculture de l\u2019H\u00e9rault est pr\u00e9sid\u00e9e par J\u00e9r\u00f4me Despey, actuel secr\u00e9taire g\u00e9n\u00e9ral du principal syndical agricole fran\u00e7ais.<\/p>\n<p>Ce mardi, l\u2019organisme consulaire n\u2019avait pas r\u00e9agi \u00e0 cette action militante. Il avait d\u00e9j\u00e0 \u00e9t\u00e9 vis\u00e9e par une action de collage, d\u00e9but ao\u00fbt, contre la m\u00eame loi Duplomb avant que le Conseil Consitutionnel la censure partiellement.<\/p>\n","protected":false},"excerpt":{"rendered":"La chambre d\u2019Agriculture de l\u2019H\u00e9rault a \u00e9t\u00e9 la cible de tags contre la loi Duplomb, partiellement censur\u00e9e par&hellip;\n","protected":false},"author":2,"featured_media":329705,"comment_status":"","ping_status":"","sticky":false,"template":"","format":"standard","meta":{"footnotes":""},"categories":[9599],"tags":[1111,11,1777,674,1011,27,2208,12,2680,25],"class_list":{"0":"post-329704","1":"post","2":"type-post","3":"status-publish","4":"format-standard","5":"has-post-thumbnail","7":"category-montpellier","8":"tag-actu","9":"tag-actualites","10":"tag-eu","11":"tag-europe","12":"tag-fr","13":"tag-france","14":"tag-montpellier","15":"tag-news","16":"tag-occitanie","17":"tag-republique-francaise"},"share_on_mastodon":{"url":"https:\/\/pubeurope.com\/@fr\/115056444974108946","error":""},"_links":{"self":[{"href":"https:\/\/www.europesays.com\/fr\/wp-json\/wp\/v2\/posts\/329704","targetHints":{"allow":["GET"]}}],"collection":[{"href":"https:\/\/www.europesays.com\/fr\/wp-json\/wp\/v2\/posts"}],"about":[{"href":"https:\/\/www.europesays.com\/fr\/wp-json\/wp\/v2\/types\/post"}],"author":[{"embeddable":true,"href":"https:\/\/www.europesays.com\/fr\/wp-json\/wp\/v2\/users\/2"}],"replies":[{"embeddable":true,"href":"https:\/\/www.europesays.com\/fr\/wp-json\/wp\/v2\/comments?post=329704"}],"version-history":[{"count":0,"href":"https:\/\/www.europesays.com\/fr\/wp-json\/wp\/v2\/posts\/329704\/revisions"}],"wp:featuredmedia":[{"embeddable":true,"href":"https:\/\/www.europesays.com\/fr\/wp-json\/wp\/v2\/media\/329705"}],"wp:attachment":[{"href":"https:\/\/www.europesays.com\/fr\/wp-json\/wp\/v2\/media?parent=329704"}],"wp:term":[{"taxonomy":"category","embeddable":true,"href":"https:\/\/www.europesays.com\/fr\/wp-json\/wp\/v2\/categories?post=329704"},{"taxonomy":"post_tag","embeddable":true,"href":"https:\/\/www.europesays.com\/fr\/wp-json\/wp\/v2\/tags?post=329704"}],"curies":[{"name":"wp","href":"https:\/\/api.w.org\/{rel}","templated":true}]}}