{"id":329706,"date":"2025-08-19T16:47:13","date_gmt":"2025-08-19T16:47:13","guid":{"rendered":"https:\/\/www.europesays.com\/fr\/329706\/"},"modified":"2025-08-19T16:47:13","modified_gmt":"2025-08-19T16:47:13","slug":"une-famille-de-beziers-expulsee-le-maire-de-montpellier-monte-en-pression","status":"publish","type":"post","link":"https:\/\/www.europesays.com\/fr\/329706\/","title":{"rendered":"une famille de B\u00e9ziers expuls\u00e9e, le maire de Montpellier monte en pression"},"content":{"rendered":"<p>            Par<br \/>\n        <strong><br \/>\n            <a href=\"https:\/\/actu.fr\/auteur\/jm-aubert\" title=\"Consulter tous les articles de Jean-Marc Aubert\" rel=\"nofollow noopener\" target=\"_blank\">Jean-Marc Aubert<\/a><br \/>\n        <\/strong><\/p>\n<p>        Publi\u00e9 le<\/p>\n<p>            19 ao\u00fbt 2025 \u00e0 18h31        <\/p>\n<p>Le <strong>pr\u00e9fet de l\u2019H\u00e9rault<\/strong>, Fran\u00e7ois-Xavier Lauch le r\u00e9v\u00e8le ce mardi 19 ao\u00fbt sur le r\u00e9seau social X : \u00ab\u00a0Sur d\u00e9cision de Jacques Lucb\u00e9reilh, sous-pr\u00e9fet de B\u00e9ziers et en application d\u2019une d\u00e9cision de justice, les policiers du commissariat de B\u00e9ziers sont intervenus ce mardi matin, aux c\u00f4t\u00e9s d\u2019un commissaire de justice (Ndlr : un ex-huissier), pour proc\u00e9der \u00e0 l\u2019expulsion d\u2019une famille impliqu\u00e9e dans les trafics de stup\u00e9fiants. Cette op\u00e9ration, men\u00e9e dans le cadre des op\u00e9rations de police dans la cit\u00e9 de la Dev\u00e8ze, a permis de d\u00e9couvrir un stock important de produits stup\u00e9fiants dans l\u2019appartement. La loi du 13 juin 2025 renfor\u00e7ant la lutte contre le narcotrafic est appliqu\u00e9e avec la plus grande fermet\u00e9 dans tout le d\u00e9partement de l\u2019H\u00e9rault\u00a0\u00bb.<\/p>\n<p>    <a href=\"https:\/\/www.google.com\/maps\/embed?pb=!1m18!1m12!1m3!1d6587.0715520201375!2d3.2429268800292634!3d43.3314207964919!2m3!1f0!2f0!3f0!3m2!1i1024!2i768!4f13.1!3m3!1m2!1s0x12b10e3752cc4adf%3A0xb097dba4ad1ed0bd!2sAv.%20de%20la%20Dev%C3%A8ze%2C%2034500%20B%C3%A9ziers!5e0!3m2!1sfr!2sfr!4v1755617918095!5m2!1sfr!2sfr\" title=\"Ouvrie le lien\" rel=\"nofollow noopener\" target=\"_blank\">Cliquez ici pour visualiser le contenu<\/a><\/p>\n<p class=\" wall-content\">C\u2019est un avertissement empreint de fermet\u00e9 lanc\u00e9 par le repr\u00e9sentant de l\u2019\u00c9tat du d\u00e9partement, qui doit satisfaire Robert M\u00e9nard, le maire de B\u00e9ziers qui combat sans rel\u00e2che le narcotrafic. Et qui demandait depuis ces derni\u00e8res semaines, \u00e0 l\u2019instar de son \u00e9pouse Emmanuelle, \u00e9lue, que les proc\u00e9dures d\u2019expulsion soient moins contraignantes et plus rapides \u00e0 mettre en \u0153uvre.<\/p>\n<p class=\" wall-content\"><strong>Un jugement du 13 ao\u00fbt dernier<\/strong><\/p>\n<p class=\" wall-content\">Il en est de m\u00eame pour Micha\u00ebl Delafosse, le maire et pr\u00e9sident de la M\u00e9tropole de Montpellier qui combat le trafic de stup\u00e9fiants, mais \u00e9galement la contrebande de tabac et les ventes ill\u00e9gales de bonbonnes de protoxyde d\u2019azote -le \u00ab\u00a0proto\u00a0\u00bb- qui procurent un gaz hilarant n\u00e9faste et dangereux pour la sant\u00e9.<\/p>\n<p class=\" wall-content\">Il s\u2019est fendu d\u2019un communiqu\u00e9 de presse, ce mardi : \u00ab\u00a0Je salue les peines prononc\u00e9es par le tribunal judiciaire de Montpellier mercredi 13 ao\u00fbt 2025 dans une affaire de vente ill\u00e9gale de tabac et de protoxyde d\u2019azote, interdite par arr\u00eat\u00e9 municipal, par des \u00e9piceries de nuit du quartier Saint-Martin \u00e0 Montpellier\u00a0\u00bb, r\u00e9agissant \u00e0 l\u2019article de <strong>M\u00e9tropolitain<\/strong> ayant r\u00e9v\u00e9l\u00e9 le jugement, pronon\u00e7ant outre des peines de prison avec un sursis probatoire, des interdictions de g\u00e9rer d\u00e9finitivement ou pour cinq ans des commerces et autres soci\u00e9t\u00e9s et\/ou de para\u00eetre dans cette cit\u00e9.<\/p>\n<p>Vid\u00e9os : en ce moment sur Actu<\/p>\n<p class=\" wall-content\">Avec ce rappel du cabinet du maire : \u00ab\u00a0Depuis 2020, Micha\u00ebl Delafosse r\u00e9clame une modification de la loi, afin que les maires aient un droit de regard sur les ouvertures de certains commerces dans leurs communes. En condamnant les g\u00e9rants mis en cause \u00e0 des peines de prison (Ndlr : il est indiqu\u00e9 ferme par erreur, alors que c\u2019est exclusivement du sursis qui a \u00e9t\u00e9 prononc\u00e9, ainsi qu\u2019une interdiction de para\u00eetre dans le quartier et de g\u00e9rer un commerce), cette d\u00e9cision de justice constitue un signal fort dans la lutte contre les r\u00e9seaux de blanchiment et de narcotrafic, mais \u00e9galement, une reconnaissance des efforts entrepris par la municipalit\u00e9 dans la lutte contre ce fl\u00e9au\u00a0\u00bb.<\/p>\n<p>    <a href=\"https:\/\/www.google.com\/maps\/embed?pb=!1m18!1m12!1m3!1d4425.5431817082035!2d3.8831214470339632!3d43.59467805168825!2m3!1f0!2f0!3f0!3m2!1i1024!2i768!4f13.1!3m3!1m2!1s0x12b6afbe69e0cb5f%3A0xcb4fca923311a531!2sAv.%20du%20Mar%C3%A9chal%20Leclerc%2C%2034000%20Montpellier!5e0!3m2!1sfr!2sfr!4v1755617970212!5m2!1sfr!2sfr\" title=\"Ouvrie le lien\" rel=\"nofollow noopener\" target=\"_blank\">Cliquez ici pour visualiser le contenu<\/a><\/p>\n<p>Votre r\u00e9gion, votre actu !<\/p>\n<p>Recevez chaque jour les infos qui comptent pour vous.<\/p>\n<p>\t<a href=\"https:\/\/actu.fr\/newsletter\" class=\"ac-btn ac-btn--corner ac-btn--medium ac-btn--blue800\" rel=\"nofollow noopener\" target=\"_blank\">S&rsquo;incrire<\/a><\/p>\n<p class=\" wall-content\">Micha\u00ebl Delafosse pr\u00e9vient que, \u00ab\u00a0avec le pr\u00e9fet de l\u2019H\u00e9rault, de mani\u00e8re coordonn\u00e9e, nous agissons contre ces commerces qui pourrissent la vie des gens.\u00a0Je tiens \u00e9galement \u00e0 remercier nos forces de police municipale et nationale, dont le travail a \u00e9t\u00e9 exemplaire. La loi sur les ouvertures commerciales dans nos villes doit changer. En attendant, en novembre, nous franchirons \u00e0 Montpellier une \u00e9tape suppl\u00e9mentaire dans la lutte contre ce fl\u00e9au.\u00a0\u00bb<\/p>\n<p class=\" wall-content\"><strong>M\u00e9tropolitain<\/strong> a voulu en savoir plus sur \u00ab\u00a0cette nouvelle \u00e9tape qui va \u00eatre franchie dans trois mois\u00a0\u00bb. Il n\u2019y aura rien de tr\u00e8s spectaculaire semble-t-il, mais il s\u2019agira de poursuivre le travail engag\u00e9 par le pr\u00e9fet et les services de police en \u00e9tendant les op\u00e9rations renforc\u00e9es, avec notamment une compagnie de CRS sp\u00e9cialis\u00e9e dans d\u2019autres quartiers de Montpellier gangr\u00e9n\u00e9s par ces trafics. Une mont\u00e9e en pression donc, \u00e0 moins que cette \u00e9tape suppl\u00e9mentaire beaucoup plus spectaculaire soit entour\u00e9e pour l\u2019heure du secret. On sera fix\u00e9 en novembre, \u00e0 quatre mois des \u00e9lections municipales.<\/p>\n<p>Une parade pour g\u00e9rer<\/p>\n<p class=\" wall-content\">D\u2019ici l\u00e0, \u00e0 propos du jugement rendu le 13 ao\u00fbt par le tribunal correctionnel de Montpellier sur les trafiquants de la cit\u00e9 Saint-Martin, ces derniers ont un d\u00e9lai de dix jours pour interjeter appel, ce qui suspend les conda mnations inflig\u00e9es, mais selon une source polici\u00e8re qui pr\u00e9f\u00e8re rester anonyme, \u00ab\u00a0en cas de confirmation des peines sur le volet des interdictions de g\u00e9rer les \u00e9piceries, une parade toute simple leur permettra de rester ouverte, par exemple en pla\u00e7ant comme g\u00e9rant un membre de leur famille ou les mettre au nom d\u2019une personne, tous ayant un casier judiciaire vierge bien entendu\u00a0\u00bb.<\/p>\n<p class=\" wall-content\">Jusqu\u2019\u00e0 la notification du jugement de premi\u00e8re instance du tribunal correctionnel par un commissaire de justice, et si de plus il a \u00e9t\u00e9 frapp\u00e9 d\u2019appel, ces \u00e9piciers peuvent continuer \u00e0 travailler en toute l\u00e9galit\u00e9.<\/p>\n<p class=\" wall-content\">Personnalisez votre actualit\u00e9 en ajoutant vos villes et m\u00e9dias en favori avec <a href=\"https:\/\/moncompte.actu.fr\" title=\"D\u00e9couvez Mon Actu\" rel=\"nofollow noopener\" data-trk=\"{&quot;cta&quot;:{&quot;action&quot;:&quot;https:\\\/\\\/moncompte.actu.fr&quot;,&quot;category&quot;:&quot;mon compte&quot;,&quot;from&quot;:&quot;article footer&quot;,&quot;name&quot;:&quot;Mon actu&quot;,&quot;type&quot;:&quot;cta&quot;}}\" target=\"_blank\">Mon Actu<\/a>.<\/p>\n","protected":false},"excerpt":{"rendered":"Par Jean-Marc Aubert Publi\u00e9 le 19 ao\u00fbt 2025 \u00e0 18h31 Le pr\u00e9fet de l\u2019H\u00e9rault, Fran\u00e7ois-Xavier Lauch le r\u00e9v\u00e8le&hellip;\n","protected":false},"author":2,"featured_media":329707,"comment_status":"","ping_status":"","sticky":false,"template":"","format":"standard","meta":{"footnotes":""},"categories":[9599],"tags":[1111,11,1052,1777,674,118,1011,27,303,2208,12,2680,1072,25],"class_list":{"0":"post-329706","1":"post","2":"type-post","3":"status-publish","4":"format-standard","5":"has-post-thumbnail","7":"category-montpellier","8":"tag-actu","9":"tag-actualites","10":"tag-drogue","11":"tag-eu","12":"tag-europe","13":"tag-faits-divers","14":"tag-fr","15":"tag-france","16":"tag-justice","17":"tag-montpellier","18":"tag-news","19":"tag-occitanie","20":"tag-police","21":"tag-republique-francaise"},"share_on_mastodon":{"url":"https:\/\/pubeurope.com\/@fr\/115056452753201563","error":""},"_links":{"self":[{"href":"https:\/\/www.europesays.com\/fr\/wp-json\/wp\/v2\/posts\/329706","targetHints":{"allow":["GET"]}}],"collection":[{"href":"https:\/\/www.europesays.com\/fr\/wp-json\/wp\/v2\/posts"}],"about":[{"href":"https:\/\/www.europesays.com\/fr\/wp-json\/wp\/v2\/types\/post"}],"author":[{"embeddable":true,"href":"https:\/\/www.europesays.com\/fr\/wp-json\/wp\/v2\/users\/2"}],"replies":[{"embeddable":true,"href":"https:\/\/www.europesays.com\/fr\/wp-json\/wp\/v2\/comments?post=329706"}],"version-history":[{"count":0,"href":"https:\/\/www.europesays.com\/fr\/wp-json\/wp\/v2\/posts\/329706\/revisions"}],"wp:featuredmedia":[{"embeddable":true,"href":"https:\/\/www.europesays.com\/fr\/wp-json\/wp\/v2\/media\/329707"}],"wp:attachment":[{"href":"https:\/\/www.europesays.com\/fr\/wp-json\/wp\/v2\/media?parent=329706"}],"wp:term":[{"taxonomy":"category","embeddable":true,"href":"https:\/\/www.europesays.com\/fr\/wp-json\/wp\/v2\/categories?post=329706"},{"taxonomy":"post_tag","embeddable":true,"href":"https:\/\/www.europesays.com\/fr\/wp-json\/wp\/v2\/tags?post=329706"}],"curies":[{"name":"wp","href":"https:\/\/api.w.org\/{rel}","templated":true}]}}