{"id":329708,"date":"2025-08-19T16:50:23","date_gmt":"2025-08-19T16:50:23","guid":{"rendered":"https:\/\/www.europesays.com\/fr\/329708\/"},"modified":"2025-08-19T16:50:23","modified_gmt":"2025-08-19T16:50:23","slug":"un-bebe-tres-grand-et-super-tonique","status":"publish","type":"post","link":"https:\/\/www.europesays.com\/fr\/329708\/","title":{"rendered":"Un b\u00e9b\u00e9 tr\u00e8s grand et super tonique"},"content":{"rendered":"<p class=\"article__intro\">C&rsquo;est le deuxi\u00e8me petit de cette esp\u00e8ce menac\u00e9e dans la nature que le parc zoologique accueille. Il fait d\u00e9j\u00e0 la joie des soigneurs et des visiteurs.<\/p>\n<p>\n      L\u2019actu des r\u00e9gions\n    <\/p>\n<p>\n      Chaque jour, un tour d\u2019horizon des principales infos de toutes les r\u00e9gions.\n    <\/p>\n<p>    France T\u00e9l\u00e9visions utilise votre adresse e-mail afin de vous envoyer la newsletter \u00ab\u00a0L\u2019actu des r\u00e9gions\u00a0\u00bb. Vous pouvez vous d\u00e9sinscrire \u00e0 tout moment via le lien en bas de cette newsletter. <a target=\"_blank\" href=\"https:\/\/www.francetelevisions.fr\/groupe\/confidentialite\/politique-de-confidentialite\/politique-de-confidentialite-de-france-televisions-6503\" rel=\"nofollow noopener\">Notre politique de confidentialit\u00e9<\/a><\/p>\n<p>Avec son nez allong\u00e9 caract\u00e9ristique des fourmiliers g\u00e9ants et son pelage gris, il est n\u00e9 le 9 ao\u00fbt dans la soir\u00e9e au parc zoologique de Biotropica, \u00e0 Val-de-Reuil dans l&rsquo;Eure. Il ou\u2026elle. Car pour l&rsquo;heure son sexe reste inconnu.<\/p>\n<p>Une m\u00e8re aux petits soins\u00a0<\/p>\n<p>\u00ab\u00a0Cora, la maman, s&rsquo;occupe tr\u00e8s bien de son b\u00e9b\u00e9. Comme elle l&rsquo;avait d\u00e9j\u00e0 fait pour son premier pr\u00e9nomm\u00e9 Saci n\u00e9 en juillet 2023\u00a0\u00bb explique La\u00ebtitia Lasalle, assistante zoologique charg\u00e9e de conservation \u00e0 Biotropica. \u00ab\u00a0Pour l&rsquo;instant, nous sommes donc dans l&rsquo;observation. Il est allait\u00e9 par sa m\u00e8re. Nous v\u00e9rifions que tout se passe bien. Mais nous la laissons faire car intervenir les premiers jours causerait un stress inutile.\u00a0\u00bb<\/p>\n<p>Une naissance sous les meilleurs auspices, tout comme la gestation. Le d\u00e9part de Saci pour un parc zoologique en Bretagne annonc\u00e9 pour le printemps 2025 a d\u00e9cid\u00e9 l&rsquo;\u00e9quipe de l&rsquo;Eure \u00e0 s\u00e9parer le premier n\u00e9 de sa m\u00e8re d\u00e8s le d\u00e9but de l&rsquo;ann\u00e9e. \u00ab\u00a0Cela nous a permis de rassembler le couple qu\u2019elle forme avec Gus.\u00a0Et les accouplements n\u2019ont pas tard\u00e9 \u00e0 suivre\u00a0!\u00a0\u00bb\u00a0raconte Coraline Cnudde, soigneuse r\u00e9f\u00e9rente des fourmiliers g\u00e9ants.<\/p>\n<p>Pour cette gestation, la maman s&rsquo;est laiss\u00e9e r\u00e9guli\u00e8rement approcher pour des \u00e9chographies. \u00ab\u00a0Nous avons pu la suivre plus facilement que pour son premier b\u00e9b\u00e9. \u00c0 l\u2019\u00e9poque elle venait tout juste d&rsquo;arriver \u00e0 Biotropica. Mais cette fois, elle est habitu\u00e9e \u00e0 sa soigneuse\u00a0\u00bb explique La\u00ebtitia Lasalle.<\/p>\n<p>Car pour r\u00e9ussir \u00e0 soigner les animaux sans avoir besoin de les attraper et de les endormir, les soigneurs les habituent progressivement \u00e0 coop\u00e9rer et \u00e0 se pr\u00eater \u00e0 des actions d\u00e9termin\u00e9es en les r\u00e9compensant s&rsquo;ils le font : c&rsquo;est l&rsquo;entra\u00eenement m\u00e9dical.<\/p>\n<p>Mais le b\u00e9b\u00e9 s&rsquo;est quand m\u00eame fait attendre : \u00ab\u00a0Le suivi \u00e9chographique permet dans un premier temps de confirmer la gestation, de v\u00e9rifier ensuite son bon d\u00e9roulement et enfin d\u2019estimer la date de mise bas. Il existe tr\u00e8s peu de suivi \u00e9chographique de gestation des grands tamanoirs, nous l\u2019attendions depuis trois semaines !\u00a0\u00bb sourit Ma\u00efalen Perot, v\u00e9t\u00e9rinaire du parc.<\/p>\n<p><a data-article-figure=\"\" href=\"https:\/\/france3-regions.franceinfo.fr\/image\/hkf6KhNW2qznjpCNJUnbo2AgiDY\/1386x1146\/regions\/2025\/08\/19\/bebetam1-68a484925d210379676974.jpg\" data-pswp-width=\"1386\" data-pswp-height=\"1146\" target=\"_blank\" rel=\"nofollow noopener\"><\/p>\n<p>          <img width=\"600\" height=\"400\" class=\"article-image lazy\" data-src=\"https:\/\/www.europesays.com\/fr\/wp-content\/uploads\/2025\/08\/bebetam1-68a484925d210379676974.jpg\" alt=\"Sur le dos de sa m\u00e8re Cora, voici le dernier n\u00e9 des fourmiliers g\u00e9ants \u00e0 Biotropica.\" fetchpriority=\"high\" as=\"image\"\/><\/p>\n<p>\n            Sur le dos de sa m\u00e8re Cora, voici le dernier n\u00e9 des fourmiliers g\u00e9ants \u00e0 Biotropica.<br \/>\n                           \u2022<br \/>\n                                      \u00a9 La\u00ebtitia Lassalle\n                      <\/p>\n<p><\/a><\/p>\n<p>\u00a0<\/p>\n<p>Cette naissance intervient quelques semaines seulement apr\u00e8s celle <a href=\"https:\/\/france3-regions.franceinfo.fr\/normandie\/seine-maritime\/images-des-bebes-zorilles-du-sahara-naissent-a-biotropica-3196263.html\" target=\"_blank\" rel=\"noopener nofollow\">de b\u00e9b\u00e9s zorilles du Sahara<\/a>, et quelques mois apr\u00e8s<a href=\"https:\/\/france3-regions.franceinfo.fr\/normandie\/eure\/une-chauve-souris-geante-appelee-renard-volant-est-nee-a-biotropica-c-est-extremement-rare-3109759.html\" target=\"_blank\" rel=\"noopener nofollow\"> la venue au monde d&rsquo;une chauve-souris g\u00e9ante en f\u00e9vrier 2025<\/a>. Pour autant, 2025 n&rsquo;a rien d&rsquo;un cru d&rsquo;exception. \u00ab\u00a0Nous avons des naissances tous les ans. Apr\u00e8s, c&rsquo;est un peu au hasard des diff\u00e9rents calendriers, entre l&rsquo;arriv\u00e9e des nouvelles esp\u00e8ces chez nous et le temps d&rsquo;\u00e9levage des petits pr\u00e9c\u00e9dents\u00a0\u00bb d\u00e9taille La\u00ebtitia Lassalle.<\/p>\n<\/p>\n<p>C&rsquo;est l&rsquo;une des principales misisons des parcs zoologiques aujourd&rsquo;hui : la conservation des esp\u00e8ces en voie de disparition. L&rsquo;objectif est donc de favoriser la reproduction d&rsquo;esp\u00e8ces en danger d&rsquo;extinction mais aussi de mener des recherches pour mieux les comprendre et les prot\u00e9ger.<\/p>\n<p>Et le parc zoologique de Val-de-Reuil est parfois le seul en France \u00e0 pr\u00e9senter certains animaux comme ces viscaches des plaines. Apr\u00e8s deux naissances de jumeaux au printemps, le groupe compte neuf individus. C&rsquo;est le plus grand d&rsquo;Europe.<\/p>\n<\/p>\n<p>\u00ab\u00a0Chaque parc d\u00e9termine quelles esp\u00e8ces il souhaiterait avoir. Pour les animaux qui font partie du programme europ\u00e9en d&rsquo;\u00e9levage pour les esp\u00e8ces menac\u00e9es, nous devons pr\u00e9senter une candidature et d\u00e9tailler notre projet. Ensuite, c&rsquo;est le coordinateur du programme qui valide ou non en fonction des animaux disponibles et de la taille des enclos notamment. C&rsquo;est aussi lui qui d\u00e9termine dans quel parc se passe la reproduction pour \u00e9viter les probl\u00e8mes de consanguinit\u00e9\u00a0\u00bb, poursuit La\u00ebtitia Lassalle.<\/p>\n<p>Dans quelques mois, les \u00e9quipes de Biotropica sauront si le b\u00e9b\u00e9 fourmilier g\u00e9ant est vou\u00e9 \u00e0 rester. L\u00e0 encore, la d\u00e9cision est prise par le coordinateur du programme d&rsquo;\u00e9levage.<\/p>\n<p>\u00ab\u00a0Mais ce n&rsquo;est pas pour tout de suite. Il doit grandir et \u00eatre bien \u00e9lev\u00e9 par sa maman. Saci, le premier b\u00e9b\u00e9 de Gus et Cora, est n\u00e9 en juillet 2023 et il n&rsquo;est parti qu&rsquo;en juin 2025\u00a0\u00bb rappelle l&rsquo;assistante zoologique. De quoi laisser encore du temps aux visiteurs pour admirer le nouveau-n\u00e9.<\/p>\n","protected":false},"excerpt":{"rendered":"C&rsquo;est le deuxi\u00e8me petit de cette esp\u00e8ce menac\u00e9e dans la nature que le parc zoologique accueille. Il fait&hellip;\n","protected":false},"author":2,"featured_media":329709,"comment_status":"","ping_status":"","sticky":false,"template":"","format":"standard","meta":{"footnotes":""},"categories":[9587],"tags":[1111,11,1777,674,1011,27,12,5161,25,9590],"class_list":{"0":"post-329708","1":"post","2":"type-post","3":"status-publish","4":"format-standard","5":"has-post-thumbnail","7":"category-rouen","8":"tag-actu","9":"tag-actualites","10":"tag-eu","11":"tag-europe","12":"tag-fr","13":"tag-france","14":"tag-news","15":"tag-normandie","16":"tag-republique-francaise","17":"tag-rouen"},"share_on_mastodon":{"url":"https:\/\/pubeurope.com\/@fr\/115056464632945112","error":""},"_links":{"self":[{"href":"https:\/\/www.europesays.com\/fr\/wp-json\/wp\/v2\/posts\/329708","targetHints":{"allow":["GET"]}}],"collection":[{"href":"https:\/\/www.europesays.com\/fr\/wp-json\/wp\/v2\/posts"}],"about":[{"href":"https:\/\/www.europesays.com\/fr\/wp-json\/wp\/v2\/types\/post"}],"author":[{"embeddable":true,"href":"https:\/\/www.europesays.com\/fr\/wp-json\/wp\/v2\/users\/2"}],"replies":[{"embeddable":true,"href":"https:\/\/www.europesays.com\/fr\/wp-json\/wp\/v2\/comments?post=329708"}],"version-history":[{"count":0,"href":"https:\/\/www.europesays.com\/fr\/wp-json\/wp\/v2\/posts\/329708\/revisions"}],"wp:featuredmedia":[{"embeddable":true,"href":"https:\/\/www.europesays.com\/fr\/wp-json\/wp\/v2\/media\/329709"}],"wp:attachment":[{"href":"https:\/\/www.europesays.com\/fr\/wp-json\/wp\/v2\/media?parent=329708"}],"wp:term":[{"taxonomy":"category","embeddable":true,"href":"https:\/\/www.europesays.com\/fr\/wp-json\/wp\/v2\/categories?post=329708"},{"taxonomy":"post_tag","embeddable":true,"href":"https:\/\/www.europesays.com\/fr\/wp-json\/wp\/v2\/tags?post=329708"}],"curies":[{"name":"wp","href":"https:\/\/api.w.org\/{rel}","templated":true}]}}