{"id":329710,"date":"2025-08-19T16:51:12","date_gmt":"2025-08-19T16:51:12","guid":{"rendered":"https:\/\/www.europesays.com\/fr\/329710\/"},"modified":"2025-08-19T16:51:12","modified_gmt":"2025-08-19T16:51:12","slug":"un-spectacle-infernal","status":"publish","type":"post","link":"https:\/\/www.europesays.com\/fr\/329710\/","title":{"rendered":"Un spectacle infernal"},"content":{"rendered":"<p>Bienvenue en enfer\u00a0! est un spectacle tout en flammes et en humour, o\u00f9 la musique classique se m\u00eale aux rythmes funk avec l\u00e9g\u00e8ret\u00e9, sur des tableaux de jongle et d\u2019effets pyrotechniques toujours plus impressionnants. Avant d\u2019entrer vous serez accueilli par Jean-Luc le gardien des Portes Infernales, fra\u00eechement revenu de sa formation en alternance chez la cie FuegoLoko. L\u2019impitoyable d\u00e9mon amateur de musique vous proposera donc un r\u00e9cital enflamm\u00e9, pour vous faire gentiment patienter avant l\u2019entr\u00e9e au Royaume des T\u00e9n\u00e8bres.<\/p>\n<p class=\"note\">Mercredi 20\u00a0ao\u00fbt \u00e0 21\u00a0h\u00a015. Aux Essarts \u00e0 Pelvoux. Gratuit.<\/p>\n","protected":false},"excerpt":{"rendered":"Bienvenue en enfer\u00a0! est un spectacle tout en flammes et en humour, o\u00f9 la musique classique se m\u00eale&hellip;\n","protected":false},"author":2,"featured_media":329711,"comment_status":"","ping_status":"","sticky":false,"template":"","format":"standard","meta":{"footnotes":""},"categories":[9566],"tags":[1111,11,2430,32236,1687,4521,1777,674,1011,27,2731,12,25,3140,46714],"class_list":{"0":"post-329710","1":"post","2":"type-post","3":"status-publish","4":"format-standard","5":"has-post-thumbnail","7":"category-grenoble","8":"tag-actu","9":"tag-actualites","10":"tag-auvergne-rhone-alpes","11":"tag-brianconnais-pays-des-ecrins","12":"tag-culture-loisirs","13":"tag-edition-hautes-alpes-alpes-de-haute-provence","14":"tag-eu","15":"tag-europe","16":"tag-fr","17":"tag-france","18":"tag-grenoble","19":"tag-news","20":"tag-republique-francaise","21":"tag-spectacle","22":"tag-vallouise-pelvoux"},"share_on_mastodon":{"url":"https:\/\/pubeurope.com\/@fr\/115056468629216622","error":""},"_links":{"self":[{"href":"https:\/\/www.europesays.com\/fr\/wp-json\/wp\/v2\/posts\/329710","targetHints":{"allow":["GET"]}}],"collection":[{"href":"https:\/\/www.europesays.com\/fr\/wp-json\/wp\/v2\/posts"}],"about":[{"href":"https:\/\/www.europesays.com\/fr\/wp-json\/wp\/v2\/types\/post"}],"author":[{"embeddable":true,"href":"https:\/\/www.europesays.com\/fr\/wp-json\/wp\/v2\/users\/2"}],"replies":[{"embeddable":true,"href":"https:\/\/www.europesays.com\/fr\/wp-json\/wp\/v2\/comments?post=329710"}],"version-history":[{"count":0,"href":"https:\/\/www.europesays.com\/fr\/wp-json\/wp\/v2\/posts\/329710\/revisions"}],"wp:featuredmedia":[{"embeddable":true,"href":"https:\/\/www.europesays.com\/fr\/wp-json\/wp\/v2\/media\/329711"}],"wp:attachment":[{"href":"https:\/\/www.europesays.com\/fr\/wp-json\/wp\/v2\/media?parent=329710"}],"wp:term":[{"taxonomy":"category","embeddable":true,"href":"https:\/\/www.europesays.com\/fr\/wp-json\/wp\/v2\/categories?post=329710"},{"taxonomy":"post_tag","embeddable":true,"href":"https:\/\/www.europesays.com\/fr\/wp-json\/wp\/v2\/tags?post=329710"}],"curies":[{"name":"wp","href":"https:\/\/api.w.org\/{rel}","templated":true}]}}