{"id":329712,"date":"2025-08-19T16:52:11","date_gmt":"2025-08-19T16:52:11","guid":{"rendered":"https:\/\/www.europesays.com\/fr\/329712\/"},"modified":"2025-08-19T16:52:11","modified_gmt":"2025-08-19T16:52:11","slug":"pres-de-grenoble-drame-devant-le-magasin-gemo-une-femme-meurt-percutee-par-un-camion","status":"publish","type":"post","link":"https:\/\/www.europesays.com\/fr\/329712\/","title":{"rendered":"Pr\u00e8s de Grenoble. Drame devant le magasin G\u00e9mo, une femme meurt percut\u00e9e par un camion"},"content":{"rendered":"<p>            Par<br \/>\n        <strong><br \/>\n            <a href=\"https:\/\/actu.fr\/auteur\/julien-sournies\" title=\"Consulter tous les articles de Julien Sournies\" rel=\"nofollow noopener\" target=\"_blank\">Julien Sournies<\/a><br \/>\n        <\/strong><\/p>\n<p>        Publi\u00e9 le<\/p>\n<p>            19 ao\u00fbt 2025 \u00e0 18h12        <\/p>\n<p>Un <strong>drame<\/strong> s\u2019est produit pr\u00e8s de <a href=\"https:\/\/actu.fr\/grenoble\/\" rel=\"nofollow noopener\" target=\"_blank\">Grenoble<\/a> ce mardi 19 ao\u00fbt en d\u00e9but d\u2019apr\u00e8s-midi. Aux alentours de 15h, une femme de 70 ans a \u00e9t\u00e9 <strong>mortellement percut\u00e9e par un poids-lourd<\/strong> alors qu\u2019elle circulait sur un passage pi\u00e9ton situ\u00e9 sur l\u2019avenue Gabriel-P\u00e9ri \u00e0 Saint-Martin-d\u2019H\u00e8res (<a href=\"https:\/\/actu.fr\/auvergne-rhone-alpes\/isere_38\" rel=\"nofollow noopener\" target=\"_blank\">Is\u00e8re<\/a>), devant l\u2019enseigne G\u00e9mo, apprends actu Grenoble aupr\u00e8s de la Direction interd\u00e9partementale de la police nationale (DIPN).<\/p>\n<p>D\u00e9pistages n\u00e9gatifs sur le chauffeur<\/p>\n<p class=\" wall-content\">Intervenu sur les lieux, le Samu a rapidement pris en charge la septuag\u00e9naire, laquelle pr\u00e9sentait une s\u00e9rieuse blessure \u00e0 une jambe.<\/p>\n<p class=\" wall-content\">\u00c9vacu\u00e9e en urgence absolue au CHU Grenoble Alpes, la victime a malheureusement <strong>succomb\u00e9 \u00e0 ses blessures<\/strong> peu apr\u00e8s 16 heures.<\/p>\n<p>    <a href=\"https:\/\/www.google.com\/maps\/embed?pb=!1m18!1m12!1m3!1d2017.5412785769997!2d5.765182474776734!3d45.18490285203274!2m3!1f0!2f0!3f0!3m2!1i1024!2i768!4f13.1!3m3!1m2!1s0x478af50ef59c7a21%3A0x8040da3c9c833165!2sGEMO%20GRENOBLE%20-%20ST%20MARTIN%20D%27HERES%20Chaussures%20et%20V%C3%AAtements!5e1!3m2!1sfr!2sfr!4v1755618664050!5m2!1sfr!2sfr\" title=\"Ouvrie le lien\" rel=\"nofollow noopener\" target=\"_blank\">Cliquez ici pour visualiser le contenu<\/a><\/p>\n<p class=\" wall-content\">La police nationale rapporte par ailleurs que le chauffeur du camion a \u00e9t\u00e9 soumis \u00e0 un d\u00e9pistage d\u2019alcool et de drogue, lequel s\u2019est finalement av\u00e9r\u00e9 n\u00e9gatif. Pour comprendre les circonstances exactes de ce drame, une <strong>enqu\u00eate<\/strong> a \u00e9t\u00e9 ouverte.\u00a0<\/p>\n<p class=\" wall-content\">Personnalisez votre actualit\u00e9 en ajoutant vos villes et m\u00e9dias en favori avec <a href=\"https:\/\/moncompte.actu.fr\" title=\"D\u00e9couvez Mon Actu\" rel=\"nofollow noopener\" data-trk=\"{&quot;cta&quot;:{&quot;action&quot;:&quot;https:\\\/\\\/moncompte.actu.fr&quot;,&quot;category&quot;:&quot;mon compte&quot;,&quot;from&quot;:&quot;article footer&quot;,&quot;name&quot;:&quot;Mon actu&quot;,&quot;type&quot;:&quot;cta&quot;}}\" target=\"_blank\">Mon Actu<\/a>.<\/p>\n","protected":false},"excerpt":{"rendered":"Par Julien Sournies Publi\u00e9 le 19 ao\u00fbt 2025 \u00e0 18h12 Un drame s\u2019est produit pr\u00e8s de Grenoble ce&hellip;\n","protected":false},"author":2,"featured_media":329713,"comment_status":"","ping_status":"","sticky":false,"template":"","format":"standard","meta":{"footnotes":""},"categories":[9566],"tags":[119,1111,11,2430,1777,674,118,1011,27,2731,12,1072,1311,25],"class_list":{"0":"post-329712","1":"post","2":"type-post","3":"status-publish","4":"format-standard","5":"has-post-thumbnail","7":"category-grenoble","8":"tag-accident","9":"tag-actu","10":"tag-actualites","11":"tag-auvergne-rhone-alpes","12":"tag-eu","13":"tag-europe","14":"tag-faits-divers","15":"tag-fr","16":"tag-france","17":"tag-grenoble","18":"tag-news","19":"tag-police","20":"tag-pompiers","21":"tag-republique-francaise"},"share_on_mastodon":{"url":"https:\/\/pubeurope.com\/@fr\/115056472533174994","error":""},"_links":{"self":[{"href":"https:\/\/www.europesays.com\/fr\/wp-json\/wp\/v2\/posts\/329712","targetHints":{"allow":["GET"]}}],"collection":[{"href":"https:\/\/www.europesays.com\/fr\/wp-json\/wp\/v2\/posts"}],"about":[{"href":"https:\/\/www.europesays.com\/fr\/wp-json\/wp\/v2\/types\/post"}],"author":[{"embeddable":true,"href":"https:\/\/www.europesays.com\/fr\/wp-json\/wp\/v2\/users\/2"}],"replies":[{"embeddable":true,"href":"https:\/\/www.europesays.com\/fr\/wp-json\/wp\/v2\/comments?post=329712"}],"version-history":[{"count":0,"href":"https:\/\/www.europesays.com\/fr\/wp-json\/wp\/v2\/posts\/329712\/revisions"}],"wp:featuredmedia":[{"embeddable":true,"href":"https:\/\/www.europesays.com\/fr\/wp-json\/wp\/v2\/media\/329713"}],"wp:attachment":[{"href":"https:\/\/www.europesays.com\/fr\/wp-json\/wp\/v2\/media?parent=329712"}],"wp:term":[{"taxonomy":"category","embeddable":true,"href":"https:\/\/www.europesays.com\/fr\/wp-json\/wp\/v2\/categories?post=329712"},{"taxonomy":"post_tag","embeddable":true,"href":"https:\/\/www.europesays.com\/fr\/wp-json\/wp\/v2\/tags?post=329712"}],"curies":[{"name":"wp","href":"https:\/\/api.w.org\/{rel}","templated":true}]}}