{"id":329714,"date":"2025-08-19T16:53:11","date_gmt":"2025-08-19T16:53:11","guid":{"rendered":"https:\/\/www.europesays.com\/fr\/329714\/"},"modified":"2025-08-19T16:53:11","modified_gmt":"2025-08-19T16:53:11","slug":"choc-a-rennes-entre-une-voiture-de-police-municipale-et-un-automobiliste","status":"publish","type":"post","link":"https:\/\/www.europesays.com\/fr\/329714\/","title":{"rendered":"Choc \u00e0 Rennes entre une voiture de police municipale et un automobiliste"},"content":{"rendered":"<p>Ce mardi 19 ao\u00fbt, aux alentours de 14 h 15, un v\u00e9hicule de la police municipale a \u00e9t\u00e9 impliqu\u00e9 dans un accident \u00e0 Rennes. Les faits se sont produits \u00e0 l\u2019intersection de la rue Legraverend et du boulevard de Ch\u00e9zy, devant le Combi Bar. Les policiers se rendaient rapidement sur une intervention, gyrophares allum\u00e9s, lorsqu\u2019ils ont travers\u00e9 le boulevard. Un automobiliste, qui circulait avec un feu vert, ne leur a pas c\u00e9d\u00e9 le passage. La collision a \u00e9t\u00e9 violente.<\/p>\n<p>Le v\u00e9hicule de police a \u00e9t\u00e9 s\u00e9rieusement endommag\u00e9, mais aucun bless\u00e9 n\u2019est \u00e0 d\u00e9plorer. Par pr\u00e9caution, trois policiers municipaux ont \u00e9t\u00e9 transport\u00e9s \u00e0 l\u2019h\u00f4pital pour des examens. Treize sapeurs-pompiers et plusieurs v\u00e9hicules ont \u00e9t\u00e9 mobilis\u00e9s sur les lieux.<\/p>\n","protected":false},"excerpt":{"rendered":"Ce mardi 19 ao\u00fbt, aux alentours de 14 h 15, un v\u00e9hicule de la police municipale a \u00e9t\u00e9&hellip;\n","protected":false},"author":2,"featured_media":329715,"comment_status":"","ping_status":"","sticky":false,"template":"","format":"standard","meta":{"footnotes":""},"categories":[2821],"tags":[1111,11,829,765,1777,674,3383,1011,27,12,584,25],"class_list":{"0":"post-329714","1":"post","2":"type-post","3":"status-publish","4":"format-standard","5":"has-post-thumbnail","7":"category-rennes","8":"tag-actu","9":"tag-actualites","10":"tag-bretagne","11":"tag-en-continu","12":"tag-eu","13":"tag-europe","14":"tag-faits-divers-a-rennes","15":"tag-fr","16":"tag-france","17":"tag-news","18":"tag-rennes","19":"tag-republique-francaise"},"share_on_mastodon":{"url":"https:\/\/pubeurope.com\/@fr\/115056476485981111","error":""},"_links":{"self":[{"href":"https:\/\/www.europesays.com\/fr\/wp-json\/wp\/v2\/posts\/329714","targetHints":{"allow":["GET"]}}],"collection":[{"href":"https:\/\/www.europesays.com\/fr\/wp-json\/wp\/v2\/posts"}],"about":[{"href":"https:\/\/www.europesays.com\/fr\/wp-json\/wp\/v2\/types\/post"}],"author":[{"embeddable":true,"href":"https:\/\/www.europesays.com\/fr\/wp-json\/wp\/v2\/users\/2"}],"replies":[{"embeddable":true,"href":"https:\/\/www.europesays.com\/fr\/wp-json\/wp\/v2\/comments?post=329714"}],"version-history":[{"count":0,"href":"https:\/\/www.europesays.com\/fr\/wp-json\/wp\/v2\/posts\/329714\/revisions"}],"wp:featuredmedia":[{"embeddable":true,"href":"https:\/\/www.europesays.com\/fr\/wp-json\/wp\/v2\/media\/329715"}],"wp:attachment":[{"href":"https:\/\/www.europesays.com\/fr\/wp-json\/wp\/v2\/media?parent=329714"}],"wp:term":[{"taxonomy":"category","embeddable":true,"href":"https:\/\/www.europesays.com\/fr\/wp-json\/wp\/v2\/categories?post=329714"},{"taxonomy":"post_tag","embeddable":true,"href":"https:\/\/www.europesays.com\/fr\/wp-json\/wp\/v2\/tags?post=329714"}],"curies":[{"name":"wp","href":"https:\/\/api.w.org\/{rel}","templated":true}]}}