{"id":329716,"date":"2025-08-19T16:54:15","date_gmt":"2025-08-19T16:54:15","guid":{"rendered":"https:\/\/www.europesays.com\/fr\/329716\/"},"modified":"2025-08-19T16:54:15","modified_gmt":"2025-08-19T16:54:15","slug":"adrien-rabiot-place-sur-la-liste-des-transferts-par-lom-apres-la-defaite-a-rennes-et-une-altercation-avec-son-coequipier","status":"publish","type":"post","link":"https:\/\/www.europesays.com\/fr\/329716\/","title":{"rendered":"Adrien Rabiot plac\u00e9 sur la liste des transferts par l\u2019OM apr\u00e8s la d\u00e9faite \u00e0 Rennes et une altercation avec son co\u00e9quipier"},"content":{"rendered":"<p>La d\u00e9faite \u00e0 Rennes laisse encore des traces. Le milieu de terrain international fran\u00e7ais Adrien Rabiot a \u00e9t\u00e9 plac\u00e9, mardi, sur la liste des transferts par l\u2019Olympique de Marseille en raison de son comportement apr\u00e8s le match perdu, vendredi, face au Stade Rennais <a href=\"https:\/\/www.letelegramme.fr\/sports\/football\/stade-rennais\/a-dix-contre-onze-le-stade-rennais-domine-lom-et-lance-parfaitement-sa-saison-en-ligue-1-6872025.php\" target=\"_blank\" rel=\"noopener\">au Roazhon Park (1-0)<\/a>.<\/p>\n<p>Rabiot et le jeune attaquant anglais Jonathan Rowe ont \u00e9t\u00e9 les principaux protagonistes d\u2019une altercation d\u2019apr\u00e8s-match \u00e0 Rennes et l\u2019OM a d\u00e9cid\u00e9 de les placer tous les deux sur la liste des transferts, \u00e9voquant un \u00ab comportement inadmissible \u00bb.<\/p>\n<p>\u00ab Un manque d\u2019investissement \u00bb \u00e9galement reproch\u00e9<\/p>\n<p>\u00ab L\u2019Olympique de Marseille informe qu\u2019Adrien Rabiot et Jonathan Rowe ont \u00e9t\u00e9 plac\u00e9s sur la liste des transferts par le club. Cette d\u00e9cision a \u00e9t\u00e9 prise en raison d\u2019un comportement inadmissible dans le vestiaire apr\u00e8s le match contre le Stade Rennais, en accord avec le staff technique et en application du code de conduite interne du club. La d\u00e9cision a \u00e9t\u00e9 communiqu\u00e9e par le club aux deux joueurs ce lundi \u00bb, \u00e9crit l\u2019OM dans ce bref communiqu\u00e9.<\/p>\n<p>V\u00e9ronique Rabiot, la m\u00e8re et agent du milieu international de l\u2019OM, avait plus t\u00f4t dans la journ\u00e9e assur\u00e9 \u00e0 RTL que la d\u00e9cision avait \u00e9t\u00e9 prise par l\u2019entra\u00eeneur italien du club Roberto De Zerbi, en raison d\u2019un \u00ab manque d\u2019investissement \u00bb.<\/p>\n<p>Arriv\u00e9 \u00e0 Marseille l\u2019\u00e9t\u00e9 dernier, Rabiot (30 ans, 53 s\u00e9lections), avait r\u00e9ussi une saison derni\u00e8re de premier plan et avait largement contribu\u00e9 \u00e0 la qualification de l\u2019OM pour la Ligue des Champions. Il a inscrit dix buts et donn\u00e9 cinq passes d\u00e9cisives toutes comp\u00e9titions confondues.<\/p>\n<p>Jonathan Rowe, qui a peu jou\u00e9 la saison derni\u00e8re, \u00e9tait quant \u00e0 lui annonc\u00e9 sur le d\u00e9part avant m\u00eame les incidents de vendredi.<\/p>\n<p>Apr\u00e8s sa d\u00e9faite inaugurale \u00e0 Rennes, l\u2019OM re\u00e7oit le Paris FC samedi pour la deuxi\u00e8me journ\u00e9e de Ligue 1.<\/p>\n","protected":false},"excerpt":{"rendered":"La d\u00e9faite \u00e0 Rennes laisse encore des traces. Le milieu de terrain international fran\u00e7ais Adrien Rabiot a \u00e9t\u00e9&hellip;\n","protected":false},"author":2,"featured_media":329717,"comment_status":"","ping_status":"","sticky":false,"template":"","format":"standard","meta":{"footnotes":""},"categories":[2821],"tags":[1111,11,829,3166,1777,674,63,1011,27,66,30393,12,584,25,60],"class_list":{"0":"post-329716","1":"post","2":"type-post","3":"status-publish","4":"format-standard","5":"has-post-thumbnail","7":"category-rennes","8":"tag-actu","9":"tag-actualites","10":"tag-bretagne","11":"tag-en-continu-sports","12":"tag-eu","13":"tag-europe","14":"tag-football","15":"tag-fr","16":"tag-france","17":"tag-ligue-1","18":"tag-mercato-pro","19":"tag-news","20":"tag-rennes","21":"tag-republique-francaise","22":"tag-sports"},"share_on_mastodon":{"url":"https:\/\/pubeurope.com\/@fr\/115056480352049961","error":""},"_links":{"self":[{"href":"https:\/\/www.europesays.com\/fr\/wp-json\/wp\/v2\/posts\/329716","targetHints":{"allow":["GET"]}}],"collection":[{"href":"https:\/\/www.europesays.com\/fr\/wp-json\/wp\/v2\/posts"}],"about":[{"href":"https:\/\/www.europesays.com\/fr\/wp-json\/wp\/v2\/types\/post"}],"author":[{"embeddable":true,"href":"https:\/\/www.europesays.com\/fr\/wp-json\/wp\/v2\/users\/2"}],"replies":[{"embeddable":true,"href":"https:\/\/www.europesays.com\/fr\/wp-json\/wp\/v2\/comments?post=329716"}],"version-history":[{"count":0,"href":"https:\/\/www.europesays.com\/fr\/wp-json\/wp\/v2\/posts\/329716\/revisions"}],"wp:featuredmedia":[{"embeddable":true,"href":"https:\/\/www.europesays.com\/fr\/wp-json\/wp\/v2\/media\/329717"}],"wp:attachment":[{"href":"https:\/\/www.europesays.com\/fr\/wp-json\/wp\/v2\/media?parent=329716"}],"wp:term":[{"taxonomy":"category","embeddable":true,"href":"https:\/\/www.europesays.com\/fr\/wp-json\/wp\/v2\/categories?post=329716"},{"taxonomy":"post_tag","embeddable":true,"href":"https:\/\/www.europesays.com\/fr\/wp-json\/wp\/v2\/tags?post=329716"}],"curies":[{"name":"wp","href":"https:\/\/api.w.org\/{rel}","templated":true}]}}