{"id":329722,"date":"2025-08-19T16:57:12","date_gmt":"2025-08-19T16:57:12","guid":{"rendered":"https:\/\/www.europesays.com\/fr\/329722\/"},"modified":"2025-08-19T16:57:12","modified_gmt":"2025-08-19T16:57:12","slug":"ces-cinq-villas-de-celebrites-sont-a-vendre-sur-la-cote-dazur","status":"publish","type":"post","link":"https:\/\/www.europesays.com\/fr\/329722\/","title":{"rendered":"Ces cinq villas de c\u00e9l\u00e9brit\u00e9s sont \u00e0 vendre sur la C\u00f4te d&rsquo;Azur"},"content":{"rendered":"<p>Perch\u00e9es sur le Cap de Nice, nich\u00e9es sur les hauteurs de Cannes ou au c\u0153ur d\u2019une pin\u00e8de \u00e0 Antibes ou Vallauris, certaines villas t\u00e9moignent du pass\u00e9 feutr\u00e9 de la C\u00f4te d\u2019Azur. Dans les Alpes-Maritimes, terre d\u2019inspiration des peintres, \u00e9crivains et ic\u00f4nes de la chanson, ces cinq demeures de caract\u00e8re, charg\u00e9es d\u2019histoire, attendent leur nouveau propri\u00e9taire.<\/p>\n<p><strong>La Carri\u00e8re de Charles Trenet, \u00e0 Antibes<\/strong><\/p>\n<p>L\u2019atypique villa aux allures de paquebot est \u00e0 nouveau en vente. Enti\u00e8rement r\u00e9nov\u00e9e, elle est <a href=\"https:\/\/www.architecturedecollection.fr\/produit\/villa-architecture-paquebot-avec-piscine-la-carriere-charles-trenet-juan-les-pins\/\" target=\"_blank\" rel=\"noopener nofollow\">propos\u00e9e par l\u2019agence Architecture de collection \u00e0 6,6 millions d\u2019euros<\/a>. En 1938, le \u00ab\u00a0fou chantant\u00a0\u00bb, alors \u00e2g\u00e9 de 25 ans, avait acquis ce terrain chemin de Saint-Mayme et dessin\u00e9 lui-m\u00eame les plans de la maison.<\/p>\n<p>Il l\u2019a baptis\u00e9e La Carri\u00e8re en r\u00e9f\u00e9rence \u00e0 la sienne, alors en pleine ascension. De style Art d\u00e9co, d\u00e9cor\u00e9e par son ami Jean Cocteau, elle est r\u00e9partie sur quatre niveaux, pour une surface habitable de 347m\u00b2, au sein d\u2019un terrain arbor\u00e9 de 5.580m\u00b2, avec piscine longue de 20m\u00e8tres, maison de gardien et petit amphith\u00e9\u00e2tre.<\/p>\n<p>La cuisine, dont les murs et l\u2019\u00eelot central sont habill\u00e9s de lambris vernis, \u00e9voque la cabine d\u2019un bateau. Un portrait de Trenet, r\u00e9alis\u00e9 par Cocteau, subsiste sur une baie vitr\u00e9e s\u00e9parant le s\u00e9jour de la cuisine.<\/p>\n<p>Apr\u00e8s la mort de l\u2019interpr\u00e8te de Y a d\u2019la joie, en 2001, <a href=\"https:\/\/www.nicematin.com\/justice\/la-succession-trenet-pourrait-cacher-une-affaire-de-blanchiment-315385\" rel=\"nofollow noopener\" target=\"_blank\">la maison a aliment\u00e9 une longue saga judiciaire<\/a>. L\u00e9gu\u00e9e au compagnon et secr\u00e9taire particulier de l\u2019artiste, Georges El Assidi, dans l\u2019impossibilit\u00e9 de payer les droits de succession, La Carri\u00e8re avait \u00e9t\u00e9 mise aux ench\u00e8res en 2011 mais n\u2019avait pas trouv\u00e9 preneur.<\/p>\n<p>Elle avait finalement \u00e9t\u00e9 saisie par la banque et revendue.<\/p>\n<p><strong>La villa de James Bond, \u00e0 Nice<\/strong><\/p>\n<p>              <img ci-src=\"https:\/\/www.nicematin.com\/people\/protec\/DATA_ART_16008418-3yv5mjAL.jpg?vh=7a8993&amp;ci_seal=125c20a181\" alt=\"\"\/><br \/>\n        Roc fleuri, ancienne villa de Sean Connery, au Cap de Nice. <strong>Photo Lafage Century 21 Transactions..<\/strong> <\/p>\n<p>Cette demeure aux lignes Belle Epoque, aux balustrades de marbre, aux jardins en terrasse, connue sous le nom de Roc Fleuri, <a href=\"https:\/\/www.nicematin.com\/people\/l-incroyable-histoire-de-la-villa-de-james-bond-et-de-ses-proprietaires-successifs-986517\" rel=\"nofollow noopener\" target=\"_blank\">revient sur le march\u00e9, mais pas \u00e0 n\u2019importe quel prix<\/a>. Il faut d\u00e9sormais compter 23,5 millions d\u2019euros pour pr\u00e9tendre succ\u00e9der \u00e0 Sean Connery, l\u2019inoubliable agent 007, qui l\u2019a occup\u00e9e durant les ann\u00e9es 1970 et 1980.<\/p>\n<p>Construite dans la seconde moiti\u00e9 du XIXe si\u00e8cle par un colonel britannique, repens\u00e9e en 1928 par l\u2019architecte ni\u00e7ois Jean Ferraud, la propri\u00e9t\u00e9 se distingue par son ascenseur en acajou, sa piscine int\u00e9rieure et sa vue imprenable sur la Grande bleue.<\/p>\n<p>Une villa de 1.000m\u00b2, dans lequel le com\u00e9dien \u00e9cossais aimait se retirer avec son \u00e9pouse Micheline Roquebrune. Depuis la mort de Connery, en 2000, la maison a connu plusieurs propri\u00e9taires prestigieux: un magnat norv\u00e9gien de l\u2019informatique, l\u2019actrice italienne Edwige Fenech, puis un investisseur britannique.<\/p>\n<p>Une offre a \u00e9t\u00e9 d\u00e9pos\u00e9e, informe Benjamin Mondou, le patron de l\u2019agence Lafage Century 21 Transactions, charg\u00e9e de la commercialiser.<\/p>\n<p><strong>La Gatouni\u00e8re, refuge de Simeon et Edith Piaf \u00e0 Mougins<\/strong><\/p>\n<p>              <img ci-src=\"https:\/\/www.nicematin.com\/people\/protec\/DATA_ART_16013085-SuSKfDEX.jpg?vh=8ddcbe&amp;ci_seal=591c1d1184\" alt=\"\"\/><br \/>\n        A Mougins, la Gatouni\u00e8re a \u00e9t\u00e9 le refuge de l\u2019\u00e9crivain George Simeon puis d\u2019Edith Piaf. <strong>Photo Sotheby\u2019s international Realty.<\/strong> <\/p>\n<p>El\u00e9gante villa proven\u00e7ale aux tuiles ocre, <a href=\"https:\/\/www.cotedazur-sothebysrealty.com\/fr\/immobilier-luxe\/details\/1226\/la-gatouniere-villa-historique-a-mougins\/\" target=\"_blank\" rel=\"noopener nofollow\">aujourd\u2019hui propos\u00e9e \u00e0 la vente par Sotheby\u2019s pour 2,99 millions d\u2019euros<\/a>, La Gatouni\u00e8re, \u00e0 proximit\u00e9 du vieux village de Mougins, a tour \u00e0 tour \u00e9t\u00e9 le refuge de Georges Simenon et d\u2019\u00c9dith Piaf.<\/p>\n<p>Construite dans les ann\u00e9es 1950, la demeure, nich\u00e9e au c\u0153ur d\u2019un vaste terrain paysager, avec piscine, compte douze pi\u00e8ces, pour une superficie de 365m\u00b2, \u00e0 r\u00e9nover. Elle a d\u2019abord accueilli le c\u00e9l\u00e8bre romancier belge.<\/p>\n<p>Lass\u00e9 de l\u2019Am\u00e9rique, Simenon y a d\u00e9pos\u00e9 ses valises en 1955. Il y a \u00e9crit plusieurs romans, dont Maigret tend un pi\u00e8ge et La Boule noire. <a href=\"https:\/\/www.nicematin.com\/musique\/il-y-a-60-ans-disparaissait-edith-piaf-a-plascassier-un-varois-raconte-ses-histoires-d-amour-dans-un-livre-878242\" rel=\"nofollow noopener\" target=\"_blank\">En 1963, c\u2019est \u00c9dith Piaf qui s\u2019est install\u00e9e dans cette maison, avec son dernier \u00e9poux Th\u00e9o Sarapo<\/a>. Affaiblie par la maladie, la chanteuse y avait trouv\u00e9 un cadre apaisant pour quelques mois avant son d\u00e9c\u00e8s \u00e0 Grasse le 10 octobre de la m\u00eame ann\u00e9e.<\/p>\n<p>\u00ab\u00a0Ce bien attire particuli\u00e8rement la client\u00e8le am\u00e9ricaine. Edith Piaf est vue comme une vraie l\u00e9gende outre Atlantique, surtout depuis la sortie du film A Star is born, avec Lady Gaga\u00a0\u00bb, rapporte J\u00e9r\u00e9my Amar, charg\u00e9 de trouver le prochain acqu\u00e9reur.<\/p>\n<p><strong>A Grasse, La Rivolte de l\u2019\u00e9crivain russe Ivan Bounine<\/strong><\/p>\n<p>              <img ci-src=\"https:\/\/www.nicematin.com\/people\/protec\/DATA_ART_16013095-JGIeRur6.jpg?vh=f6aaba&amp;ci_seal=da4cba6594\" alt=\"\"\/><br \/>\n        La Rivolte, villa Belle Epoque \u00e0 Grasse, o\u00f9 l\u2019\u00e9crivain russe Ivan Bounine s\u2019\u00e9tait \u00e9tabli en 1923 apr\u00e8s avoir fui la r\u00e9volution. <strong>Photo Sothby\u2019s international Realty.<\/strong> <\/p>\n<p>\u00ab\u00a0Oui je vis au Paradis\u00a0\u00bb, \u00e9crivait Ivan Bounine en contemplant la mer depuis sa maison de Grasse. N\u00e9 en 1870 \u00e0 Voronej, en Russie, d\u2019une famille noble et pauvre, Ivan Bounine, avait fui la r\u00e9volution et trouv\u00e9 refuge \u00e0 Paris, en 1920, puis \u00e0 Grasse, en 1923.<\/p>\n<p>Il s\u2019\u00e9tait \u00e9tabli \u00e0 la villa Mont-Fleuri, rebaptis\u00e9e plus tard La Rivolte. En 1933, son \u0153uvre La Vie d\u2019Arseniev, \u00e9crite dans la cit\u00e9 des parfums, dans laquelle de nombreux passages d\u00e9crivent le paysage grassois, est r\u00e9compens\u00e9e par le prix Nobel de litt\u00e9rature.<\/p>\n<p>La propri\u00e9t\u00e9 de style Belle Epoque, construite en 1893, compte quatorze pi\u00e8ces pour 337m\u00b2. A l\u2019ext\u00e9rieur, la piscine de 12,5m\u00e8tres c\u00f4toie un sauna et un terrain de p\u00e9tanque. <a href=\"https:\/\/www.cotedazur-sothebysrealty.com\/fr\/presse\/details\/1119\/la-rivolte-grasse-demeure-19eme-siecle\/\" target=\"_blank\" rel=\"noopener nofollow\">Mise \u00e0 prix par Sotheby\u2019s \u00e0 3,4 millions d\u2019euros.<\/a><\/p>\n<p><strong>La villa de Petula Clark \u00e0 Vallauris<\/strong><\/p>\n<p>              <img ci-src=\"https:\/\/www.nicematin.com\/people\/protec\/DATA_ART_16013105-WU29hoDC.jpg?vh=b3324f&amp;ci_seal=e417b8ff73\" alt=\"\"\/><br \/>\n        La villa de Petula Clarck \u00e0 Vallauris. <strong>Photo Sotheby\u2019s international Realty.<\/strong> <\/p>\n<p>A Vallauris, au c\u0153ur du quartier des Brusquets, sur un terrain de 6.000m\u00b2, au fond d\u2019un chemin priv\u00e9, la b\u00e2tisse, agr\u00e9ment\u00e9e d\u2019une tour, a accueilli les vacances en famille de Petula Clark.<\/p>\n<p>La chanteuse britannique au succ\u00e8s plan\u00e9taire, aujourd\u2019hui \u00e2g\u00e9e de 92 ans, l\u2019a investie dans les ann\u00e9es 1960, alors qu\u2019elle encha\u00eenait les tourn\u00e9es internationales et les succ\u00e8s plan\u00e9taires (Downtown, This is My Song, I Know a Place).<\/p>\n<p>La demeure de 250m\u00b2, qui compte un salon cath\u00e9drale avec chemin\u00e9e, une cuisine proven\u00e7ale, quatre chambres avec salles de bains, dont une avec acc\u00e8s dans la tour, et un appartement s\u00e9par\u00e9 en rez-de-jardin, <a href=\"https:\/\/www.cotedazur-sothebysrealty.com\/fr\/immobilier-luxe\/details\/1348\/ancienne-maison-petula-clark-vallauris\/\" target=\"_blank\" rel=\"noopener nofollow\">est propos\u00e9e par Sotheby\u2019s pour 1,79 million d\u2019euros<\/a>.<\/p>\n<p>Un jardin en restanques, une majestueuse pin\u00e8de, un potager, une bambouseraie, un terrain de p\u00e9tanque et une piscine \u00e0 d\u00e9bordement compl\u00e8tent le tableau.<\/p>\n","protected":false},"excerpt":{"rendered":"Perch\u00e9es sur le Cap de Nice, nich\u00e9es sur les hauteurs de Cannes ou au c\u0153ur d\u2019une pin\u00e8de \u00e0&hellip;\n","protected":false},"author":2,"featured_media":329723,"comment_status":"","ping_status":"","sticky":false,"template":"","format":"standard","meta":{"footnotes":""},"categories":[2819],"tags":[1111,11,1777,674,1011,27,1116,12,2401,973,882,25],"class_list":{"0":"post-329722","1":"post","2":"type-post","3":"status-publish","4":"format-standard","5":"has-post-thumbnail","7":"category-nice","8":"tag-actu","9":"tag-actualites","10":"tag-eu","11":"tag-europe","12":"tag-fr","13":"tag-france","14":"tag-immobilier","15":"tag-news","16":"tag-nice","17":"tag-people","18":"tag-provence-alpes-cote-dazur","19":"tag-republique-francaise"},"share_on_mastodon":{"url":"https:\/\/pubeurope.com\/@fr\/115056492264476176","error":""},"_links":{"self":[{"href":"https:\/\/www.europesays.com\/fr\/wp-json\/wp\/v2\/posts\/329722","targetHints":{"allow":["GET"]}}],"collection":[{"href":"https:\/\/www.europesays.com\/fr\/wp-json\/wp\/v2\/posts"}],"about":[{"href":"https:\/\/www.europesays.com\/fr\/wp-json\/wp\/v2\/types\/post"}],"author":[{"embeddable":true,"href":"https:\/\/www.europesays.com\/fr\/wp-json\/wp\/v2\/users\/2"}],"replies":[{"embeddable":true,"href":"https:\/\/www.europesays.com\/fr\/wp-json\/wp\/v2\/comments?post=329722"}],"version-history":[{"count":0,"href":"https:\/\/www.europesays.com\/fr\/wp-json\/wp\/v2\/posts\/329722\/revisions"}],"wp:featuredmedia":[{"embeddable":true,"href":"https:\/\/www.europesays.com\/fr\/wp-json\/wp\/v2\/media\/329723"}],"wp:attachment":[{"href":"https:\/\/www.europesays.com\/fr\/wp-json\/wp\/v2\/media?parent=329722"}],"wp:term":[{"taxonomy":"category","embeddable":true,"href":"https:\/\/www.europesays.com\/fr\/wp-json\/wp\/v2\/categories?post=329722"},{"taxonomy":"post_tag","embeddable":true,"href":"https:\/\/www.europesays.com\/fr\/wp-json\/wp\/v2\/tags?post=329722"}],"curies":[{"name":"wp","href":"https:\/\/api.w.org\/{rel}","templated":true}]}}