{"id":329726,"date":"2025-08-19T16:59:19","date_gmt":"2025-08-19T16:59:19","guid":{"rendered":"https:\/\/www.europesays.com\/fr\/329726\/"},"modified":"2025-08-19T16:59:19","modified_gmt":"2025-08-19T16:59:19","slug":"un-chantier-sur-la-2x2-nantes-cholet-annonce-a-la-rentree","status":"publish","type":"post","link":"https:\/\/www.europesays.com\/fr\/329726\/","title":{"rendered":"un chantier sur la 2X2 Nantes-Cholet annonc\u00e9 \u00e0 la rentr\u00e9e"},"content":{"rendered":"<p>            Par<br \/>\n        <strong><br \/>\n            <a href=\"https:\/\/actu.fr\/auteur\/herve-pavageau\" title=\"Consulter tous les articles de Herv\u00e9 Pavageau\" target=\"_blank\" rel=\"noopener\">Herv\u00e9 Pavageau<\/a><br \/>\n        <\/strong><\/p>\n<p>        Publi\u00e9 le<\/p>\n<p>            19 ao\u00fbt 2025 \u00e0 18h48        <\/p>\n<p>La rentr\u00e9e scolaire va avoir un go\u00fbt de bouchons<a href=\"https:\/\/actu.fr\/tag\/vignoble-nantais\" target=\"_blank\" rel=\"noopener\"> dans le Vignoble nantais<\/a>, pour ceux qui empruntent quotidiennement <b>la Nationale Nantes-Cholet<\/b>. Un an apr\u00e8s la r\u00e9novation de 10\u00a0km de chauss\u00e9e entre <b>Vallet et La Chapelle-Heulin<\/b>, un nouveau programme de r\u00e9fection compl\u00e8te des enrob\u00e9s va d\u00e9marrer sur la RN 249. Cette fois au niveau <b>de Haute-Goulaine<\/b>. Les travaux sont pr\u00e9vus sur une portion de quatre kilom\u00e8tres, du lundi 8\u00a0septembre au vendredi 17\u00a0octobre.<\/p>\n<p>Trafic tr\u00e8s perturb\u00e9<\/p>\n<p class=\" wall-content\">Durant cette p\u00e9riode, le trafic sera tr\u00e8s perturb\u00e9. Chaque jour, pr\u00e8s de 33\u2009000 v\u00e9hicules utilisent cette route nationale en deux fois deux voies qui traverse le vignoble. La RN249 est l\u2019un des axes routiers les plus fr\u00e9quent\u00e9s du territoire. Le trafic, notamment de poids lourds, y est de plus en plus important.<\/p>\n<p>Circulation sur une seule voie<\/p>\n<p class=\" wall-content\">Pendant le chantier, une seule voie sera ouverte \u00e0 la circulation, dans les deux sens. La vitesse sera limit\u00e9e \u00e0 90\u00a0km\/h, au lieu de 110\u00a0km\/h.<\/p>\n<blockquote class=\"ac-article-quote wall-content\">\n<p>Des dispositifs de s\u00e9curit\u00e9 et de la signalisation seront aussi am\u00e9lior\u00e9s dans le cadre de l\u2019intervention.<\/p>\n<p>La Direction interd\u00e9partementale des routes de l\u2019Ouest.<\/p><\/blockquote>\n<p class=\" wall-content\">La Diro pr\u00e9voit aussi un programme de modernisation des glissi\u00e8res de s\u00e9curit\u00e9.<\/p>\n<p class=\" wall-content\">Plus pr\u00e9cis\u00e9ment, les basculements du trafic routier sur une seule voie se feront au niveau des \u00e9changeurs de la RD 115 dans le secteur du lyc\u00e9e de la Herdrie \u00e0 Haute-Goulaine jusqu\u2019aux \u00e9changeurs de Tournebride, entre <a href=\"https:\/\/actu.fr\/pays-de-la-loire\/haute-goulaine_44071\" target=\"_blank\" rel=\"noopener\">Haute-Goulaine<\/a> et <a href=\"https:\/\/actu.fr\/pays-de-la-loire\/la-haie-fouassiere_44070\" target=\"_blank\" rel=\"noopener\">La\u00a0Haye-Fouassi\u00e8re<\/a>.<\/p>\n<p class=\" wall-content\">Des d\u00e9viations seront mises en place le temps des travaux qui vont impacter la circulation.<\/p>\n<p>Votre r\u00e9gion, votre actu !<\/p>\n<p>Recevez chaque jour les infos qui comptent pour vous.<\/p>\n<p>\t<a href=\"https:\/\/actu.fr\/newsletter\" class=\"ac-btn ac-btn--corner ac-btn--medium ac-btn--blue800\" target=\"_blank\" rel=\"noopener\">S&rsquo;incrire<\/a><\/p>\n<p class=\" wall-content\">Sur cet axe routier tr\u00e8s fr\u00e9quent\u00e9, de forts ralentissements quotidiens sont pr\u00e9visibles sur cette portion de la route nationale qui permet d\u2019entrer et de sortir de l\u2019agglom\u00e9ration nantaise via<b> le pont de Bellevue<\/b>.<\/p>\n<p class=\" wall-content\">C\u2019est surtout aux heures de pointe que les perturbations risquent d\u2019\u00eatre importantes et que les temps de trajet vont s\u2019allonger.<\/p>\n<p class=\" wall-content\">L\u2019an dernier, lors de l\u2019intervention entre<a href=\"https:\/\/actu.fr\/pays-de-la-loire\/vallet_44212\" target=\"_blank\" rel=\"noopener\"> Vallet <\/a>et <a href=\"https:\/\/actu.fr\/pays-de-la-loire\/la-chapelle-heulin_44032\" target=\"_blank\" rel=\"noopener\">La Chapelle-Heulin<\/a>, des usagers avaient vu leur trajet augmenter, entra\u00eenant des ralentissements quotidiens allant jusqu\u2019\u00e0 20\u00a0minutes en p\u00e9riode de pointe.<\/p>\n<p class=\" wall-content\">Ce programme de r\u00e9fection de la chauss\u00e9e fait partie des 11 grands chantiers pr\u00e9vus en 2025 sur le r<b>\u00e9seau des routes nationales en Loire-Atlantique.<\/b><\/p>\n<p class=\" wall-content\">Cette ann\u00e9e, l\u2019\u00c9tat investit 16\u00a0millions d\u2019euros dans l\u2019am\u00e9lioration et l\u2019entretien d\u2019un r\u00e9seau qui comprend 280\u00a0km de routes nationales, 88 \u00e9changeurs et 312 ouvrages d\u2019art.<\/p>\n<p>Trois autres chantiers d\u2019ici fin 2025<\/p>\n<p class=\" wall-content\">En parall\u00e8le, trois autres chantiers majeurs sont pr\u00e9vus d\u2019ici la fin de l\u2019ann\u00e9e dans le d\u00e9partement.<\/p>\n<p class=\" wall-content\">Sur l\u2019axe Rennes-Saint-Nazaire, quatre kilom\u00e8tres de chauss\u00e9e vont \u00eatre r\u00e9nov\u00e9s<b> au niveau de Prinquiau<\/b> du 8\u00a0septembre au 24\u00a0octobre.<\/p>\n<p class=\" wall-content\">Un remplacement des joints de chauss\u00e9e est pr\u00e9vu <b>sur le p\u00e9riph\u00e9rique de Nantes<\/b>, au niveau de la Porte d\u2019Anjou, du 27\u00a0octobre au 7\u00a0novembre.<\/p>\n<p class=\" wall-content\">Un r\u00e9am\u00e9nagement de l\u2019\u00e9changeur de la Mo\u00ebre \u00e0 Savenay est aussi pr\u00e9vu du 17 au 24\u00a0octobre.<\/p>\n<p class=\" wall-content\">Personnalisez votre actualit\u00e9 en ajoutant vos villes et m\u00e9dias en favori avec <a href=\"https:\/\/moncompte.actu.fr\" title=\"D\u00e9couvez Mon Actu\" rel=\"nofollow noopener\" data-trk=\"{&quot;cta&quot;:{&quot;action&quot;:&quot;https:\\\/\\\/moncompte.actu.fr&quot;,&quot;category&quot;:&quot;mon compte&quot;,&quot;from&quot;:&quot;article footer&quot;,&quot;name&quot;:&quot;Mon actu&quot;,&quot;type&quot;:&quot;cta&quot;}}\" target=\"_blank\">Mon Actu<\/a>.<\/p>\n","protected":false},"excerpt":{"rendered":"Par Herv\u00e9 Pavageau Publi\u00e9 le 19 ao\u00fbt 2025 \u00e0 18h48 La rentr\u00e9e scolaire va avoir un go\u00fbt de&hellip;\n","protected":false},"author":2,"featured_media":329727,"comment_status":"","ping_status":"","sticky":false,"template":"","format":"standard","meta":{"footnotes":""},"categories":[2818],"tags":[1111,11,1777,674,1011,27,766,12,2636,25,5009,104,2086,2900],"class_list":{"0":"post-329726","1":"post","2":"type-post","3":"status-publish","4":"format-standard","5":"has-post-thumbnail","7":"category-nantes","8":"tag-actu","9":"tag-actualites","10":"tag-eu","11":"tag-europe","12":"tag-fr","13":"tag-france","14":"tag-nantes","15":"tag-news","16":"tag-pays-de-la-loire","17":"tag-republique-francaise","18":"tag-securite-routiere","19":"tag-societe","20":"tag-travaux","21":"tag-vignoble-nantais"},"share_on_mastodon":{"url":"https:\/\/pubeurope.com\/@fr\/115056500139686007","error":""},"_links":{"self":[{"href":"https:\/\/www.europesays.com\/fr\/wp-json\/wp\/v2\/posts\/329726","targetHints":{"allow":["GET"]}}],"collection":[{"href":"https:\/\/www.europesays.com\/fr\/wp-json\/wp\/v2\/posts"}],"about":[{"href":"https:\/\/www.europesays.com\/fr\/wp-json\/wp\/v2\/types\/post"}],"author":[{"embeddable":true,"href":"https:\/\/www.europesays.com\/fr\/wp-json\/wp\/v2\/users\/2"}],"replies":[{"embeddable":true,"href":"https:\/\/www.europesays.com\/fr\/wp-json\/wp\/v2\/comments?post=329726"}],"version-history":[{"count":0,"href":"https:\/\/www.europesays.com\/fr\/wp-json\/wp\/v2\/posts\/329726\/revisions"}],"wp:featuredmedia":[{"embeddable":true,"href":"https:\/\/www.europesays.com\/fr\/wp-json\/wp\/v2\/media\/329727"}],"wp:attachment":[{"href":"https:\/\/www.europesays.com\/fr\/wp-json\/wp\/v2\/media?parent=329726"}],"wp:term":[{"taxonomy":"category","embeddable":true,"href":"https:\/\/www.europesays.com\/fr\/wp-json\/wp\/v2\/categories?post=329726"},{"taxonomy":"post_tag","embeddable":true,"href":"https:\/\/www.europesays.com\/fr\/wp-json\/wp\/v2\/tags?post=329726"}],"curies":[{"name":"wp","href":"https:\/\/api.w.org\/{rel}","templated":true}]}}