{"id":329728,"date":"2025-08-19T17:00:26","date_gmt":"2025-08-19T17:00:26","guid":{"rendered":"https:\/\/www.europesays.com\/fr\/329728\/"},"modified":"2025-08-19T17:00:26","modified_gmt":"2025-08-19T17:00:26","slug":"en-panne-lelephant-des-machines-de-lile-ne-peut-pas-voyager","status":"publish","type":"post","link":"https:\/\/www.europesays.com\/fr\/329728\/","title":{"rendered":"en panne, l&rsquo;\u00c9l\u00e9phant des Machines de l&rsquo;\u00eele ne peut pas voyager"},"content":{"rendered":"<p>            Par<br \/>\n        <strong><br \/>\n            <a href=\"https:\/\/actu.fr\/auteur\/thomas-bernard\" title=\"Consulter tous les articles de Thomas Bernard\" rel=\"nofollow noopener\" target=\"_blank\">Thomas Bernard<\/a><br \/>\n        <\/strong><\/p>\n<p>        Publi\u00e9 le<\/p>\n<p>            19 ao\u00fbt 2025 \u00e0 18h17        <\/p>\n<p>Le pachyderme le plus c\u00e9l\u00e8bre de la cit\u00e9 des ducs de Bretagne est rest\u00e9 \u00e0 quai. Comme annonc\u00e9 <a href=\"https:\/\/www.lesmachines-nantes.fr\/?fbclid=PAZXh0bgNhZW0CMTEAAad0_AZ_u1OZnRcGaSSkr7eC_vj6t1IuL3dUbkVsb8zgnzVPIYPUIUFYo7-OOA_aem_D4W1ZjyuS-F1LwTvPxmfVA\" rel=\"nofollow noopener\" target=\"_blank\">sur le site des Machines de l\u2019\u00eele<\/a>, <strong>l\u2019\u00c9l\u00e9phant de Nantes est tomb\u00e9 en panne<\/strong> ce mardi 19\u00a0ao\u00fbt 2025.<\/p>\n<p>Pas de voyage pendant 48\u00a0heures<\/p>\n<p class=\" wall-content\">\u00ab\u2009Pour des raisons techniques, <strong>les voyages en Grand \u00c9l\u00e9phant sont annul\u00e9s les 19 et 20\u00a0ao\u00fbt, ainsi que le 21\u00a0ao\u00fbt jusqu\u2019\u00e0 12\u2009h\u200930\u2009\u00bb<\/strong>, informe les Machines de l\u2019\u00eele. Si les visiteurs ne peuvent pas d\u00e9couvrir l\u2019\u00eele de Nantes \u00e0 bord de l\u2019animal m\u00e9canique le plus c\u00e9l\u00e8bre de la ville de Jules Verne, ils pourront d\u00e9couvrir la Galerie des Machines et le Carrousel des Mondes Marins.<\/p>\n<p class=\" wall-content\">Personnalisez votre actualit\u00e9 en ajoutant vos villes et m\u00e9dias en favori avec <a href=\"https:\/\/moncompte.actu.fr\" title=\"D\u00e9couvez Mon Actu\" rel=\"nofollow noopener\" data-trk=\"{&quot;cta&quot;:{&quot;action&quot;:&quot;https:\\\/\\\/moncompte.actu.fr&quot;,&quot;category&quot;:&quot;mon compte&quot;,&quot;from&quot;:&quot;article footer&quot;,&quot;name&quot;:&quot;Mon actu&quot;,&quot;type&quot;:&quot;cta&quot;}}\" target=\"_blank\">Mon Actu<\/a>.<\/p>\n","protected":false},"excerpt":{"rendered":"Par Thomas Bernard Publi\u00e9 le 19 ao\u00fbt 2025 \u00e0 18h17 Le pachyderme le plus c\u00e9l\u00e8bre de la cit\u00e9&hellip;\n","protected":false},"author":2,"featured_media":329729,"comment_status":"","ping_status":"","sticky":false,"template":"","format":"standard","meta":{"footnotes":""},"categories":[2818],"tags":[1111,11,1777,674,1011,27,766,12,2636,25,104],"class_list":{"0":"post-329728","1":"post","2":"type-post","3":"status-publish","4":"format-standard","5":"has-post-thumbnail","7":"category-nantes","8":"tag-actu","9":"tag-actualites","10":"tag-eu","11":"tag-europe","12":"tag-fr","13":"tag-france","14":"tag-nantes","15":"tag-news","16":"tag-pays-de-la-loire","17":"tag-republique-francaise","18":"tag-societe"},"share_on_mastodon":{"url":"https:\/\/pubeurope.com\/@fr\/115056503890287982","error":""},"_links":{"self":[{"href":"https:\/\/www.europesays.com\/fr\/wp-json\/wp\/v2\/posts\/329728","targetHints":{"allow":["GET"]}}],"collection":[{"href":"https:\/\/www.europesays.com\/fr\/wp-json\/wp\/v2\/posts"}],"about":[{"href":"https:\/\/www.europesays.com\/fr\/wp-json\/wp\/v2\/types\/post"}],"author":[{"embeddable":true,"href":"https:\/\/www.europesays.com\/fr\/wp-json\/wp\/v2\/users\/2"}],"replies":[{"embeddable":true,"href":"https:\/\/www.europesays.com\/fr\/wp-json\/wp\/v2\/comments?post=329728"}],"version-history":[{"count":0,"href":"https:\/\/www.europesays.com\/fr\/wp-json\/wp\/v2\/posts\/329728\/revisions"}],"wp:featuredmedia":[{"embeddable":true,"href":"https:\/\/www.europesays.com\/fr\/wp-json\/wp\/v2\/media\/329729"}],"wp:attachment":[{"href":"https:\/\/www.europesays.com\/fr\/wp-json\/wp\/v2\/media?parent=329728"}],"wp:term":[{"taxonomy":"category","embeddable":true,"href":"https:\/\/www.europesays.com\/fr\/wp-json\/wp\/v2\/categories?post=329728"},{"taxonomy":"post_tag","embeddable":true,"href":"https:\/\/www.europesays.com\/fr\/wp-json\/wp\/v2\/tags?post=329728"}],"curies":[{"name":"wp","href":"https:\/\/api.w.org\/{rel}","templated":true}]}}