{"id":329730,"date":"2025-08-19T17:03:02","date_gmt":"2025-08-19T17:03:02","guid":{"rendered":"https:\/\/www.europesays.com\/fr\/329730\/"},"modified":"2025-08-19T17:03:02","modified_gmt":"2025-08-19T17:03:02","slug":"une-nouvelle-residence-sweetly-a-merignac","status":"publish","type":"post","link":"https:\/\/www.europesays.com\/fr\/329730\/","title":{"rendered":"Une nouvelle r\u00e9sidence Sweetly \u00e0 M\u00e9rignac"},"content":{"rendered":"<p>                                                <img decoding=\"async\" loading=\"lazy\" src=\"https:\/\/www.europesays.com\/fr\/wp-content\/uploads\/2025\/08\/639-le315-rueEiffel-hd-scaled-760x396-c-default.jpg\"   width=\"760\" height=\"396\" alt=\"\" aria-describedby=\"caption-post-203340\"\/><\/p>\n<p id=\"caption-attachment-203340\" class=\"wp-caption-text\">La r\u00e9sidence Sweetly M\u00e9rignac est un espace de coliving \u00a9 D. R.<\/p>\n<p>Le groupe Sweetly annonce l\u2019ouverture imminente de sa derni\u00e8re r\u00e9sidence \u00e0 M\u00e9rignac, proche du p\u00f4le d\u2019activit\u00e9s Bordeaux A\u00e9roparc. Sweetly (filiale de LP Services\/LP Promotion dont le si\u00e8ge social est \u00e0 Toulouse) d\u00e9veloppe une nouvelle g\u00e9n\u00e9ration de r\u00e9sidences en coliving pour les jeunes actifs ou les travailleurs nomades constituant une client\u00e8le d\u2019affaires. La r\u00e9sidence de M\u00e9rignac (2e dans la ville) propose 93 unit\u00e9s du studio au duo en colocation, toutes meubl\u00e9es et enti\u00e8rement \u00e9quip\u00e9es, incluant mobilier contemporain et internet haut d\u00e9bit dans le loyer. La r\u00e9sidence inclut des espaces priv\u00e9s \u2013 dont les surfaces varient de 17 \u00e0 40\u00a0m2 \u2013 et des espaces partag\u00e9s. Elle propose en int\u00e9rieur un salon d\u00e9tente, un espace de coworking, une salle fitness, une caf\u00e9t\u00e9ria et une laverie connect\u00e9e, et en ext\u00e9rieur, une grande terrasse rooftop am\u00e9nag\u00e9es avec ping-pong et barbecue. Un sweet manager est pr\u00e9sent sur site pour garantir le bon d\u00e9roulement de la vie de la r\u00e9sidence, accompagner les r\u00e9sidents et organiser des animations. Enfin, elle b\u00e9n\u00e9ficie d\u2019un parking s\u00e9curis\u00e9, d\u2019un local \u00e0 v\u00e9los et d\u2019un acc\u00e8s contr\u00f4l\u00e9.<\/p>\n<p><img decoding=\"async\" aria-describedby=\"caption-attachment-203341\" class=\"wp-image-203341\" src=\"https:\/\/www.europesays.com\/fr\/wp-content\/uploads\/2025\/08\/639-le315-terrassecommune-hd.png\" alt=\"\" width=\"2000\"  \/><\/p>\n<p id=\"caption-attachment-203341\" class=\"wp-caption-text\">La terrasse rooftop avec table de ping-pong et barbecue \u00a9 D. R.<\/p>\n","protected":false},"excerpt":{"rendered":"La r\u00e9sidence Sweetly M\u00e9rignac est un espace de coliving \u00a9 D. R. Le groupe Sweetly annonce l\u2019ouverture imminente&hellip;\n","protected":false},"author":2,"featured_media":329731,"comment_status":"","ping_status":"","sticky":false,"template":"","format":"standard","meta":{"footnotes":""},"categories":[2817],"tags":[1111,11,1997,1777,674,1011,27,12,2219,25],"class_list":{"0":"post-329730","1":"post","2":"type-post","3":"status-publish","4":"format-standard","5":"has-post-thumbnail","7":"category-bordeaux","8":"tag-actu","9":"tag-actualites","10":"tag-bordeaux","11":"tag-eu","12":"tag-europe","13":"tag-fr","14":"tag-france","15":"tag-news","16":"tag-nouvelle-aquitaine","17":"tag-republique-francaise"},"share_on_mastodon":{"url":"https:\/\/pubeurope.com\/@fr\/115056517433807867","error":""},"_links":{"self":[{"href":"https:\/\/www.europesays.com\/fr\/wp-json\/wp\/v2\/posts\/329730","targetHints":{"allow":["GET"]}}],"collection":[{"href":"https:\/\/www.europesays.com\/fr\/wp-json\/wp\/v2\/posts"}],"about":[{"href":"https:\/\/www.europesays.com\/fr\/wp-json\/wp\/v2\/types\/post"}],"author":[{"embeddable":true,"href":"https:\/\/www.europesays.com\/fr\/wp-json\/wp\/v2\/users\/2"}],"replies":[{"embeddable":true,"href":"https:\/\/www.europesays.com\/fr\/wp-json\/wp\/v2\/comments?post=329730"}],"version-history":[{"count":0,"href":"https:\/\/www.europesays.com\/fr\/wp-json\/wp\/v2\/posts\/329730\/revisions"}],"wp:featuredmedia":[{"embeddable":true,"href":"https:\/\/www.europesays.com\/fr\/wp-json\/wp\/v2\/media\/329731"}],"wp:attachment":[{"href":"https:\/\/www.europesays.com\/fr\/wp-json\/wp\/v2\/media?parent=329730"}],"wp:term":[{"taxonomy":"category","embeddable":true,"href":"https:\/\/www.europesays.com\/fr\/wp-json\/wp\/v2\/categories?post=329730"},{"taxonomy":"post_tag","embeddable":true,"href":"https:\/\/www.europesays.com\/fr\/wp-json\/wp\/v2\/tags?post=329730"}],"curies":[{"name":"wp","href":"https:\/\/api.w.org\/{rel}","templated":true}]}}