{"id":329732,"date":"2025-08-19T17:05:23","date_gmt":"2025-08-19T17:05:23","guid":{"rendered":"https:\/\/www.europesays.com\/fr\/329732\/"},"modified":"2025-08-19T17:05:23","modified_gmt":"2025-08-19T17:05:23","slug":"le-but-du-roi-pele-au-stade-lescure-a-bordeaux","status":"publish","type":"post","link":"https:\/\/www.europesays.com\/fr\/329732\/","title":{"rendered":"le but du \u00ab\u00a0Roi Pel\u00e9\u00a0\u00bb au stade Lescure \u00e0 Bordeaux"},"content":{"rendered":"<p>Le gardien des Girondins, Pierre Rigoni, r\u00e9alise un premier arr\u00eat face \u00e0 une tentative du num\u00e9ro\u00a010 br\u00e9silien, mais Adilson r\u00e9cup\u00e8re le ballon et ouvre le score pour Santos. \u00c0\u00a0la 46e\u00a0minute, Pel\u00e9, d\u2019un superbe tir du pied gauche, double la mise pour les Br\u00e9siliens. \u00c0\u00a0ce moment-l\u00e0, le match semble prendre un tournant d\u00e9cisif, et le sublime but du \u00ab\u00a0Roi\u00a0\u00bb para\u00eet sceller le sort des Girondins en mettant fin \u00e0 l\u2019espoir d\u2019une remont\u00e9e.<\/p>\n<p>        <img decoding=\"async\" id=\"25216436\" src=\"https:\/\/www.europesays.com\/fr\/wp-content\/uploads\/2025\/08\/sudouest-photo-1-27191648-1.jpg\" alt=\"\u00c0 l'occasion d'un gala sportif de la presse, les Girondins invitent le Santos FC (Br\u00e9sil). La manifestation est une r\u00e9elle r\u00e9ussite populaire et sportive.\" itemprop=\"contentURL\"\/><\/p>\n<p>    \u00c0 l&rsquo;occasion d&rsquo;un gala sportif de la presse, les Girondins invitent le Santos FC (Br\u00e9sil). La manifestation est une r\u00e9elle r\u00e9ussite populaire et sportive.<\/p>\n<p>Archives \u00ab\u00a0Sud Ouest\u00a0\u00bb<\/p>\n<p>Les efforts girondins sont r\u00e9compens\u00e9s lorsque <a href=\"https:\/\/fr.wikipedia.org\/wiki\/Didier_Cou%C3%A9cou\" target=\"_blank\" rel=\"nofollow noopener\">Didier Cou\u00e9cou<\/a> transforme un penalty, leur permettant d\u2019\u00e9galiser \u00e0 dix minutes de la fin. Le score est alors de 2-2. Le public du parc Lescure exulte, vivant une fin de match aussi surprenante qu\u2019intense. Le Santos de Pel\u00e9 est une \u00e9quipe incarn\u00e9e par son \u00ab\u00a0Roi\u00a0\u00bb, qui, \u00e0 33\u00a0ans, n\u2019a rien perdu de sa splendeur.<\/p>\n","protected":false},"excerpt":{"rendered":"Le gardien des Girondins, Pierre Rigoni, r\u00e9alise un premier arr\u00eat face \u00e0 une tentative du num\u00e9ro\u00a010 br\u00e9silien, mais&hellip;\n","protected":false},"author":2,"featured_media":329733,"comment_status":"","ping_status":"","sticky":false,"template":"","format":"standard","meta":{"footnotes":""},"categories":[2817],"tags":[1111,11,1997,1777,674,1011,27,12,2219,25],"class_list":{"0":"post-329732","1":"post","2":"type-post","3":"status-publish","4":"format-standard","5":"has-post-thumbnail","7":"category-bordeaux","8":"tag-actu","9":"tag-actualites","10":"tag-bordeaux","11":"tag-eu","12":"tag-europe","13":"tag-fr","14":"tag-france","15":"tag-news","16":"tag-nouvelle-aquitaine","17":"tag-republique-francaise"},"share_on_mastodon":{"url":"","error":""},"_links":{"self":[{"href":"https:\/\/www.europesays.com\/fr\/wp-json\/wp\/v2\/posts\/329732","targetHints":{"allow":["GET"]}}],"collection":[{"href":"https:\/\/www.europesays.com\/fr\/wp-json\/wp\/v2\/posts"}],"about":[{"href":"https:\/\/www.europesays.com\/fr\/wp-json\/wp\/v2\/types\/post"}],"author":[{"embeddable":true,"href":"https:\/\/www.europesays.com\/fr\/wp-json\/wp\/v2\/users\/2"}],"replies":[{"embeddable":true,"href":"https:\/\/www.europesays.com\/fr\/wp-json\/wp\/v2\/comments?post=329732"}],"version-history":[{"count":0,"href":"https:\/\/www.europesays.com\/fr\/wp-json\/wp\/v2\/posts\/329732\/revisions"}],"wp:featuredmedia":[{"embeddable":true,"href":"https:\/\/www.europesays.com\/fr\/wp-json\/wp\/v2\/media\/329733"}],"wp:attachment":[{"href":"https:\/\/www.europesays.com\/fr\/wp-json\/wp\/v2\/media?parent=329732"}],"wp:term":[{"taxonomy":"category","embeddable":true,"href":"https:\/\/www.europesays.com\/fr\/wp-json\/wp\/v2\/categories?post=329732"},{"taxonomy":"post_tag","embeddable":true,"href":"https:\/\/www.europesays.com\/fr\/wp-json\/wp\/v2\/tags?post=329732"}],"curies":[{"name":"wp","href":"https:\/\/api.w.org\/{rel}","templated":true}]}}