{"id":329735,"date":"2025-08-19T17:10:29","date_gmt":"2025-08-19T17:10:29","guid":{"rendered":"https:\/\/www.europesays.com\/fr\/329735\/"},"modified":"2025-08-19T17:10:29","modified_gmt":"2025-08-19T17:10:29","slug":"la-revolution-sensuelle-et-scintillante-de-mickalene-thomas","status":"publish","type":"post","link":"https:\/\/www.europesays.com\/fr\/329735\/","title":{"rendered":"la r\u00e9volution sensuelle et scintillante de Mickalene Thomas"},"content":{"rendered":"<p class=\"editor-content__paragraph\">Et si le strass \u00e9tait un outil de r\u00e9sistance\u00a0? Aux Abattoirs de Toulouse, <strong>Mickalene Thomas<\/strong>, artiste star de la sc\u00e8ne am\u00e9ricaine, c\u00e9l\u00e8bre les identit\u00e9s noires et les amours queer dans des <strong>peintures aux textures chatoyantes<\/strong>, rehauss\u00e9es d\u2019\u00e9mail et de paillettes. \u00ab\u00a0All About Love\u00a0\u00bb est la <strong>premi\u00e8re grande r\u00e9trospective en France<\/strong> de cette figure de l\u2019art contemporain class\u00e9e par le magazine Time parmi les 100\u00a0personnalit\u00e9s les plus influentes du monde. Peintures, collages, photographies, vid\u00e9os, installations fa\u00e7on period rooms\u00a0: chaque \u0153uvre<strong> bouscule les codes de l\u2019histoire de l\u2019art et de l\u2019\u00e9rotisme noir<\/strong>.<\/p>\n<p class=\"editor-content__paragraph\">Cette <strong>libert\u00e9 formelle et politique<\/strong> s\u2019enracine dans un parcours singulier. N\u00e9e en 1971 \u00e0 Camden dans le New Jersey, Mickalene Thomas grandit dans une Am\u00e9rique marqu\u00e9e par les tensions raciales. Form\u00e9e au Pratt Institute de New York puis \u00e0 Yale, <strong>inspir\u00e9e par les \u0153uvres de Carrie Mae Weems et <a href=\"https:\/\/www.beauxarts.com\/grand-format\/faith-ringgold-eclatante-figure-de-lart-afro-americain-et-de-la-lutte-contre-le-racisme-est-morte\/\" target=\"_blank\" rel=\"noopener\">Faith Ringgold<\/a><\/strong>, elle s\u2019est forg\u00e9 un <strong>langage personnel<\/strong>, nourri de culture pop, de souvenirs intimes et d\u2019histoire de l\u2019art.<\/p>\n<p>        \u00c0 lire aussi :<br \/>\n        <a class=\"renvoi-explicite__link\" href=\"https:\/\/www.beauxarts.com\/grand-format\/faith-ringgold-eclatante-figure-de-lart-afro-americain-et-de-la-lutte-contre-le-racisme-est-morte\/\" target=\"_blank\" rel=\"noopener\">Faith Ringgold, \u00e9clatante figure de l&rsquo;art afro-am\u00e9ricain et de la lutte contre le racisme, est morte<\/a><\/p>\n<p>\u00ab\u00a0Inverser les rapports de force et de pouvoir\u00a0\u00bb<\/p>\n<p>    <img loading=\"lazy\" decoding=\"async\" class=\"image__img\" src=\"https:\/\/www.europesays.com\/fr\/wp-content\/uploads\/2025\/08\/webmickalene-thomas-964x1087.jpg\" alt=\"Mickalene Thomas en 2023 devant \u00ab\u00a0May 1975\u00a0\u00bb, 2019\" width=\"964\" height=\"1087\"\/><\/p>\n<p>Mickalene Thomas en 2023\u00a0devant \u00ab\u00a0May 1975\u00a0\u00bb, 2019<\/p>\n<p>    i<\/p>\n<p class=\"editor-content__paragraph\">Apr\u00e8s The Broad \u00e0 Los Angeles, la Barnes Foundation de Philadelphie et la Hayward Gallery de Londres, <strong> \u00ab\u00a0All About Love\u00a0\u00bb<\/strong> ach\u00e8ve donc sa tourn\u00e9e \u00e0 Toulouse <strong>dans une version enrichie<\/strong>, orchestr\u00e9e par Lauriane Gricourt, directrice des Abattoirs, avec la conservatrice Tatiana Rybaltchenko. L\u2019exposition emprunte son titre au livre <strong>All About Love: New Visions<\/strong> \u00a0(1999) de<strong> bell hooks<\/strong>, intellectuelle afro-am\u00e9ricaine, figure du f\u00e9minisme intersectionnel, qui appelle \u00e0<strong> repenser l\u2019amour<\/strong> comme \u00ab\u00a0moyen d\u2019\u00e9mancipation et d\u2019affirmation\u00a0\u00bb. Pour Mickalene Thomas, il irrigue tout\u00a0: \u00ab\u00a0Mon art s\u2019enracine principalement dans<strong> la d\u00e9couverte de soi, la c\u00e9l\u00e9bration, la joie<\/strong>, la sensualit\u00e9, et dans un besoin de voir des images positives des femmes noires dans le monde\u00a0\u00bb.<\/p>\n<p class=\"editor-content__paragraph\">R\u00e9parti en<strong> huit sections<\/strong> \u2013 \u00ab\u00a0D\u00e9esses noires\u00a0\u00bb, \u00ab\u00a0Resist\u00a0\u00bb, \u00ab\u00a0Les Lutteuses\u00a0\u00bb, \u00ab\u00a0M\u00e9moire domestique\u00a0\u00bb\u2026 \u2013, le parcours immerge le visiteur dans une <strong>exp\u00e9rience vibrante et intime<\/strong>. D\u00e8s l\u2019entr\u00e9e, le ton est donn\u00e9 avec <strong>quatre peintures monumentales de femmes noires<\/strong> aux regards francs, entour\u00e9es de <strong>motifs baroques<\/strong> et de <strong>strass \u00e9clatants<\/strong>. Ses mod\u00e8les, ses \u00ab\u00a0muses\u00a0\u00bb \u2013 des amies, amantes, proches \u2013 sont pr\u00e9sent\u00e9es dans toute leur sensualit\u00e9, leur autorit\u00e9 et leur puissance. Elles ne subissent pas, elles<strong> imposent leur pr\u00e9sence<\/strong>. Elles revisitent <a href=\"https:\/\/www.beauxarts.com\/grand-format\/edouard-manet-en-2-minutes\/\" target=\"_blank\" rel=\"noopener\">\u00c9douard Manet<\/a>, <a href=\"https:\/\/www.beauxarts.com\/encyclo\/henri-matisse-en-2-minutes\/\" target=\"_blank\" rel=\"noopener\">Henri Matisse<\/a> ou encore <a href=\"https:\/\/www.beauxarts.com\/grand-format\/jean-auguste-dominique-ingres-en-2-minutes\/\" target=\"_blank\" rel=\"noopener\">Jean-Auguste-Dominique Ingres<\/a>, mais \u00e0 leurs conditions. \u00ab\u00a0L\u2019utilisation du strass, c\u2019est une mani\u00e8re de glorifier cette histoire et de<strong> sortir des sch\u00e9mas de domination<\/strong>, d\u2019inverser les rapports de force et de pouvoir\u00a0\u00bb, souligne Tatiana Rybaltchenko.<\/p>\n<p>    <img loading=\"lazy\" decoding=\"async\" class=\"image__img\" src=\"https:\/\/www.europesays.com\/fr\/wp-content\/uploads\/2025\/08\/webmickalene_thomas_5904-corrige-964x644.jpg\" alt=\"Vues de l\u2019exposition \u00ab\u00a0Mickalene Thomas : All About Love\u00a0\u00bb aux Abattoirs, mus\u00e9e \u2013 Frac Occitanie, Toulouse\" width=\"964\" height=\"644\"\/><\/p>\n<p>Vues de l\u2019exposition \u00ab\u00a0Mickalene Thomas\u00a0: All About Love\u00a0\u00bb aux Abattoirs, mus\u00e9e \u2013 Frac Occitanie, Toulouse, 2025<\/p>\n<p>    i<\/p>\n<p class=\"legende__cartel\">\u00a9 Les Abattoirs \/ Courtesy Mickalene Thomas \/ Photos Cyril Boixel<\/p>\n<blockquote class=\"editor-content__blockquote editor-content__blockquote--align-left\">\n<p>\u00ab\u00a0Je d\u00e9finis mon travail comme un acte f\u00e9ministe et politique\u2026 Je suis noire, queer et femme.\u00a0\u00bb<\/p>\n<\/blockquote>\n<p class=\"editor-content__paragraph\">La <strong>photographie<\/strong>, \u00e9l\u00e9ment central de sa d\u00e9marche, s\u2019invite aussi dans le parcours. Dans Nus exotiques (2023), elle<strong> retravaille des images issues d\u2019un magazine<\/strong> fran\u00e7ais des ann\u00e9es 1950. Repeintes, agrandies, recouvertes de verre teint\u00e9, elles <strong>interrogent la f\u00e9tichisation des corps noirs<\/strong>. Cette <strong>r\u00e9appropriation critique de l\u2019image<\/strong> participe d\u2019une strat\u00e9gie plus large\u00a0: retourner les repr\u00e9sentations dominantes, les d\u00e9construire, les embellir autrement. \u00ab\u00a0Je d\u00e9finis mon travail comme un acte f\u00e9ministe et politique\u2026 Je suis noire, queer et femme\u00a0\u00bb, souligne l\u2019artiste. Dans sa s\u00e9rie \u00ab\u00a0Resist\u00a0\u00bb, elle revient ainsi sur les<strong> luttes pour les droits civiques aux \u00c9tats-Unis <\/strong>\u2013 une mise en lumi\u00e8re de r\u00e9cits souvent invisibilis\u00e9s.<\/p>\n<p>Un dialogue aussi puissant qu\u2019intime avec l\u2019histoire de l\u2019art<\/p>\n<p class=\"editor-content__paragraph\">La sc\u00e9nographie, pens\u00e9e comme un prolongement de l\u2019\u0153uvre, enveloppe le visiteur dans des <strong>d\u00e9cors intimes<\/strong>. Reconstitu\u00e9s au c\u0153ur de la nef, les <strong>salons de sa m\u00e8re et de sa grand-m\u00e8re<\/strong> agissent comme autant de portraits domestiques. Plus loin, dans une salle lambriss\u00e9e aux poufs \u00e9carlates, les <strong>corps puissants des lutteuses<\/strong> de \u00ab\u00a0Brawlin\u2019Spitfire Wrestlers\u00a0\u00bb, s\u00e9rie r\u00e9alis\u00e9e au d\u00e9but de sa carri\u00e8re (2005\u20132007), <strong>multiplient \u00ab\u00a0les expressions du d\u00e9sir\u00a0\u00bb<\/strong> en s\u2019inspirant \u00ab\u00a0\u00e0 la fois de la mythologie des amazones et de la tradition iconographique des lutteuses\u00a0\u00bb.<\/p>\n<p>    <img loading=\"lazy\" decoding=\"async\" class=\"image__img\" src=\"https:\/\/www.europesays.com\/fr\/wp-content\/uploads\/2025\/08\/webmickalene_thomas_6063-corrige-964x644.jpg\" alt=\"Vues de l\u2019exposition \u00ab\u00a0Mickalene Thomas : All About Love\u00a0\u00bb aux Abattoirs, mus\u00e9e \u2013 Frac Occitanie, Toulouse\" width=\"964\" height=\"644\"\/><\/p>\n<p>Vues de l\u2019exposition \u00ab\u00a0Mickalene Thomas\u00a0: All About Love\u00a0\u00bb aux Abattoirs, mus\u00e9e \u2013 Frac Occitanie, Toulouse, 2025<\/p>\n<p>    i<\/p>\n<p class=\"legende__cartel\">\u00a9 Les Abattoirs \/ Courtesy Mickalene Thomas \/ Photos Cyril Boixel<\/p>\n<p class=\"editor-content__paragraph\">Mais c\u2019est au sous-sol que le dialogue avec l\u2019histoire de l\u2019art prend une toute autre ampleur. Invit\u00e9e par le mus\u00e9e de l\u2019Orangerie en 2022\u00a0dans le cadre de son \u00ab\u00a0Contrepoint contemporain\u00a0\u00bb, Mickalene Thomas revient notamment sur<strong> son exp\u00e9rience \u00e0 Giverny<\/strong>. Me As Muse (2016), installation de douze \u00e9crans <strong>m\u00ealant autoportraits et odalisques r\u00e9invent\u00e9es<\/strong>, se d\u00e9ploie sur la voix d\u2019Eartha Kitt \u00e9voquant violence et \u00e9mancipation. L\u2019histoire de l\u2019art y est retourn\u00e9e comme un gant. La beaut\u00e9, loin d\u2019\u00eatre un ornement, devient alors un <strong>geste radical et sensuel<\/strong>. Un acte d\u2019amour\u00a0; et de r\u00e9bellion.<\/p>\n<p>        \u00c0 lire aussi :<br \/>\n        <a class=\"renvoi-explicite__link\" href=\"https:\/\/www.beauxarts.com\/grand-format\/ils-sappelaient-laure-josepha-belizaire-comment-les-musees-sortent-les-modeles-noirs-de-lombre-et-leur-redonnent-une-identite\/\" target=\"_blank\" rel=\"noopener\">Ils s\u2019appelaient Laure, Josepha, B\u00e9lizaire\u2026 Comment les mus\u00e9es sortent les mod\u00e8les noirs de l\u2019ombre<\/a><\/p>\n<p>  Arrow<\/p>\n<p>Mickalene Thomas. All About Love<\/p>\n<p>Du 13 juin 2025 au 9 novembre 2025<\/p>\n<p class=\"url-expo\"><a href=\"https:\/\/www.lesabattoirs.org\/Expositions\/mickalene-thomas-all-about-love\/\" target=\"_blank\" rel=\"noopener\">www.lesabattoirs.org<\/a><\/p>\n<p class=\"annexe-content__infos\">Les Abattoirs &#8211; Toulouse \u2022 76 All\u00e9es Charles de Fitte \u2022 31300 Toulouse<br \/><a href=\"http:\/\/www.lesabattoirs.org\/\" target=\"_blank\" rel=\"noopener\">www.lesabattoirs.org<\/a><\/p>\n","protected":false},"excerpt":{"rendered":"Et si le strass \u00e9tait un outil de r\u00e9sistance\u00a0? Aux Abattoirs de Toulouse, Mickalene Thomas, artiste star de&hellip;\n","protected":false},"author":2,"featured_media":329736,"comment_status":"","ping_status":"","sticky":false,"template":"","format":"standard","meta":{"footnotes":""},"categories":[2816],"tags":[1111,11,1396,1777,674,1011,27,46715,46716,12,2680,1585,25,2312],"class_list":{"0":"post-329735","1":"post","2":"type-post","3":"status-publish","4":"format-standard","5":"has-post-thumbnail","7":"category-toulouse","8":"tag-actu","9":"tag-actualites","10":"tag-art-contemporain","11":"tag-eu","12":"tag-europe","13":"tag-fr","14":"tag-france","15":"tag-les-abattoirs-toulouse","16":"tag-mickalene-thomas","17":"tag-news","18":"tag-occitanie","19":"tag-peinture","20":"tag-republique-francaise","21":"tag-toulouse"},"share_on_mastodon":{"url":"https:\/\/pubeurope.com\/@fr\/115056544805671731","error":""},"_links":{"self":[{"href":"https:\/\/www.europesays.com\/fr\/wp-json\/wp\/v2\/posts\/329735","targetHints":{"allow":["GET"]}}],"collection":[{"href":"https:\/\/www.europesays.com\/fr\/wp-json\/wp\/v2\/posts"}],"about":[{"href":"https:\/\/www.europesays.com\/fr\/wp-json\/wp\/v2\/types\/post"}],"author":[{"embeddable":true,"href":"https:\/\/www.europesays.com\/fr\/wp-json\/wp\/v2\/users\/2"}],"replies":[{"embeddable":true,"href":"https:\/\/www.europesays.com\/fr\/wp-json\/wp\/v2\/comments?post=329735"}],"version-history":[{"count":0,"href":"https:\/\/www.europesays.com\/fr\/wp-json\/wp\/v2\/posts\/329735\/revisions"}],"wp:featuredmedia":[{"embeddable":true,"href":"https:\/\/www.europesays.com\/fr\/wp-json\/wp\/v2\/media\/329736"}],"wp:attachment":[{"href":"https:\/\/www.europesays.com\/fr\/wp-json\/wp\/v2\/media?parent=329735"}],"wp:term":[{"taxonomy":"category","embeddable":true,"href":"https:\/\/www.europesays.com\/fr\/wp-json\/wp\/v2\/categories?post=329735"},{"taxonomy":"post_tag","embeddable":true,"href":"https:\/\/www.europesays.com\/fr\/wp-json\/wp\/v2\/tags?post=329735"}],"curies":[{"name":"wp","href":"https:\/\/api.w.org\/{rel}","templated":true}]}}