{"id":329737,"date":"2025-08-19T17:12:22","date_gmt":"2025-08-19T17:12:22","guid":{"rendered":"https:\/\/www.europesays.com\/fr\/329737\/"},"modified":"2025-08-19T17:12:22","modified_gmt":"2025-08-19T17:12:22","slug":"ces-chiffres-qui-montrent-que-ledition-2025-sera-un-grand-cru","status":"publish","type":"post","link":"https:\/\/www.europesays.com\/fr\/329737\/","title":{"rendered":"ces chiffres qui montrent que l&rsquo;\u00e9dition 2025 sera un grand cr\u00fb"},"content":{"rendered":"<p>            Par<br \/>\n        <strong><br \/>\n            <a href=\"https:\/\/actu.fr\/auteur\/nicolas-demollien\" title=\"Consulter tous les articles de Nicolas Demollien\" target=\"_blank\" rel=\"noopener\">Nicolas Demollien<\/a><br \/>\n        <\/strong><\/p>\n<p>        Publi\u00e9 le<\/p>\n<p>            19 ao\u00fbt 2025 \u00e0 18h28        <\/p>\n<p>On a d\u00e9j\u00e0 h\u00e2te d\u2019y \u00eatre\u2009! La prochaine <a href=\"https:\/\/actu.fr\/tag\/braderie-de-lille\" target=\"_blank\" rel=\"noopener\">Braderie de Lille<\/a> (Nord) aura lieu les <b>samedi\u00a06 et dimanche 7 septembre 2025<\/b> et elle s\u2019annonce sous les meilleurs auspices au regard des <b>chiffres annonc\u00e9s<\/b> par la Ville.<\/p>\n<p>Un nombre d\u2019inscrits impressionnant pour la Braderie de Lille 2025<\/p>\n<p class=\" wall-content\">En premier lieu, c\u2019est le nombre d\u2019exposants qui promet aux visiteurs un immense choix. Ils sont en effet <b>6\u2009000 \u00e0 vouloir tenir un stand<\/b> lors de cette grande f\u00eate.<\/p>\n<p class=\" wall-content\">On trouvera ainsi <b>2 003 commer\u00e7ants<\/b> et <b>516 brocanteurs<\/b>, soit la jauge maximale pour ces derniers. \u00ab\u2009Les places sont parties tr\u00e8s vite en ce qui les concerne\u2009\u00bb, sourit l\u2019adjoint au maire lillois Jacques Richir.<\/p>\n<p class=\" wall-content\"><b>Plus de 3000 particuliers<\/b> souhaitent aussi participer\u2009: <b>1 230 riverains et 556 particuliers qui habitent sur l\u2019ancien p\u00e9rim\u00e8tre<\/b> de la Braderie et sont prioritaires. \u00c0 cela s\u2019ajoutent <b>1 473 personnes sur liste d\u2019attente<\/b>, qui vont se voir attribuer une place parmi celles restantes. Mais il y aura des d\u00e9\u00e7us puisque tout le monde ne pourra pas en avoir.<\/p>\n<p class=\" wall-content\">\u00ab\u2009Nous allons d\u00e9buter l\u2019attribution des places. Pour les personnes sur liste d\u2019attente, elles se font dans l\u2019ordre des inscriptions. \u00c0 l\u2019heure actuelle, cela repr\u00e9sente <b>1 000 demandes de plus que l\u2019an pass\u00e9<\/b>\u2009\u00bb, commente Jacques Richir. Rappelons que ces inscriptions sont ouvertes gratuitement aux habitants de Lille, Lomme et Hellemmes.<\/p>\n<p class=\" wall-content\">Seule chance encore possible de participer\u2009: la Braderie des enfants \u00e0 Saint-Sauveur pour laquelle<b> il reste encore une trentaine de places le dimanche<\/b>. \u00ab\u2009Mais elles devraient rapidement trouver preneur \u00bb, affirme l\u2019\u00e9lu.<\/p>\n<p class=\" wall-content\">Parmi les exposants, on ajoutera une<b> centaine d\u2019associations et autres partis politiques<\/b> qui seront pr\u00e9sents du c\u00f4t\u00e9 de la Porte de Paris.<\/p>\n<p>Votre r\u00e9gion, votre actu !<\/p>\n<p>Recevez chaque jour les infos qui comptent pour vous.<\/p>\n<p>\t<a href=\"https:\/\/actu.fr\/newsletter\" class=\"ac-btn ac-btn--corner ac-btn--medium ac-btn--blue800\" target=\"_blank\" rel=\"noopener\">S&rsquo;incrire<\/a><\/p>\n<p class=\" wall-content\">Enfin, on notera que <b>18 bouquinistes<\/b> seront \u00e9galement pr\u00e9sents au Palais des Beaux arts.<\/p>\n<p>Six tas de moules d\u00e9clar\u00e9s pour le moment<\/p>\n<p class=\" wall-content\">Petite d\u00e9ception en revanche concernant les fameux <b>tas de moules<\/b> qui font la l\u00e9gende de la Braderie. Pour le moment, seules six demandes ont \u00e9t\u00e9 faites aupr\u00e8s de la Ville par les restaurateurs suivants\u2009:<\/p>\n<ul class=\" wall-content\">\n<li>La Chicor\u00e9e,<\/li>\n<li>Le Verlaine,<\/li>\n<li>L\u2019gaiette,<\/li>\n<li>Fripouille,<\/li>\n<li>Aux artistes,<\/li>\n<li>Parisis.<\/li>\n<\/ul>\n<p class=\" wall-content\">\u00ab\u2009Nous aurions aim\u00e9 en avoir un peu plus\u2009\u00bb, souffle Jacques Richir, qui se r\u00e9jouit tout de m\u00eame de noter que ces tas sont diss\u00e9min\u00e9s en plusieurs quartiers.<\/p>\n<p class=\" wall-content\">Pour le reste, les <b>750 agents mobilis\u00e9s<\/b> pour l\u2019occasion sont dans les starting-blocks pour mettre sur pied une \u00e9dition 2025 m\u00e9morable. D\u00e9cid\u00e9ment, on a vraiment h\u00e2te d\u2019y \u00eatre.<\/p>\n<p class=\" wall-content\">Personnalisez votre actualit\u00e9 en ajoutant vos villes et m\u00e9dias en favori avec <a href=\"https:\/\/moncompte.actu.fr\" title=\"D\u00e9couvez Mon Actu\" rel=\"nofollow noopener\" data-trk=\"{&quot;cta&quot;:{&quot;action&quot;:&quot;https:\\\/\\\/moncompte.actu.fr&quot;,&quot;category&quot;:&quot;mon compte&quot;,&quot;from&quot;:&quot;article footer&quot;,&quot;name&quot;:&quot;Mon actu&quot;,&quot;type&quot;:&quot;cta&quot;}}\" target=\"_blank\">Mon Actu<\/a>.<\/p>\n","protected":false},"excerpt":{"rendered":"Par Nicolas Demollien Publi\u00e9 le 19 ao\u00fbt 2025 \u00e0 18h28 On a d\u00e9j\u00e0 h\u00e2te d\u2019y \u00eatre\u2009! La prochaine&hellip;\n","protected":false},"author":2,"featured_media":329738,"comment_status":"","ping_status":"","sticky":false,"template":"","format":"standard","meta":{"footnotes":""},"categories":[2815],"tags":[1111,11,18703,1777,674,1011,27,811,1307,1652,12,25],"class_list":{"0":"post-329737","1":"post","2":"type-post","3":"status-publish","4":"format-standard","5":"has-post-thumbnail","7":"category-lille","8":"tag-actu","9":"tag-actualites","10":"tag-braderie-de-lille","11":"tag-eu","12":"tag-europe","13":"tag-fr","14":"tag-france","15":"tag-hauts-de-france","16":"tag-lille","17":"tag-loisirs-culture","18":"tag-news","19":"tag-republique-francaise"},"share_on_mastodon":{"url":"https:\/\/pubeurope.com\/@fr\/115056551092477646","error":""},"_links":{"self":[{"href":"https:\/\/www.europesays.com\/fr\/wp-json\/wp\/v2\/posts\/329737","targetHints":{"allow":["GET"]}}],"collection":[{"href":"https:\/\/www.europesays.com\/fr\/wp-json\/wp\/v2\/posts"}],"about":[{"href":"https:\/\/www.europesays.com\/fr\/wp-json\/wp\/v2\/types\/post"}],"author":[{"embeddable":true,"href":"https:\/\/www.europesays.com\/fr\/wp-json\/wp\/v2\/users\/2"}],"replies":[{"embeddable":true,"href":"https:\/\/www.europesays.com\/fr\/wp-json\/wp\/v2\/comments?post=329737"}],"version-history":[{"count":0,"href":"https:\/\/www.europesays.com\/fr\/wp-json\/wp\/v2\/posts\/329737\/revisions"}],"wp:featuredmedia":[{"embeddable":true,"href":"https:\/\/www.europesays.com\/fr\/wp-json\/wp\/v2\/media\/329738"}],"wp:attachment":[{"href":"https:\/\/www.europesays.com\/fr\/wp-json\/wp\/v2\/media?parent=329737"}],"wp:term":[{"taxonomy":"category","embeddable":true,"href":"https:\/\/www.europesays.com\/fr\/wp-json\/wp\/v2\/categories?post=329737"},{"taxonomy":"post_tag","embeddable":true,"href":"https:\/\/www.europesays.com\/fr\/wp-json\/wp\/v2\/tags?post=329737"}],"curies":[{"name":"wp","href":"https:\/\/api.w.org\/{rel}","templated":true}]}}