{"id":329739,"date":"2025-08-19T17:14:31","date_gmt":"2025-08-19T17:14:31","guid":{"rendered":"https:\/\/www.europesays.com\/fr\/329739\/"},"modified":"2025-08-19T17:14:31","modified_gmt":"2025-08-19T17:14:31","slug":"les-inscriptions-pour-la-braderie-de-lille-2025-sont-terminees-et-tout-le-monde-naura-pas-demplacement","status":"publish","type":"post","link":"https:\/\/www.europesays.com\/fr\/329739\/","title":{"rendered":"Les inscriptions pour la braderie de Lille 2025 sont termin\u00e9es et tout le monde n&rsquo;aura pas d&#8217;emplacement"},"content":{"rendered":"<p>Les inscriptions pour obtenir un emplacement \u00e0 la braderie de Lille se terminent ce mardi. Plus de 6.000 personnes sont inscrites pour 5.000 emplacements disponibles. Toutes les personnes sur liste d&rsquo;attente ne pourront pas \u00eatre plac\u00e9es.<\/p>\n<p>Une odeur de friture et de moules se r\u00e9pandra bient\u00f4t dans les rues de Lille.\u00a0<a target=\"_blank\" rel=\"nofollow noopener noreferrer\" class=\"IciLink ici-link IciArticleLink g-ici-body-regular-1 underline brand svelte-lu7k6w\" href=\"https:\/\/www.lille.fr\/Braderie-de-Lille\/Actualites\/Guide-de-la-Braderie-de-Lille-2025\">La braderie<\/a>\u00a0se rapproche, l&rsquo;\u00e9dition 2025 se tient du samedi 6 septembre au dimanche 7 septembre. \u00c0\u00a0un peu plus de deux semaines du coup d&rsquo;envoi, les inscriptions pour d\u00e9crocher un emplacement se terminent ce mardi 19 ao\u00fbt 2025. <strong>Plus de 6.000 personnes sont inscrites<\/strong> cette ann\u00e9e,\u00a0dont 500 brocanteurs, plus de 3.000 riverains et pr\u00e8s de 2.300 commer\u00e7ants, pour 5.000 emplacements disponibles.<\/p>\n<p>1.200 personnes sur liste d&rsquo;attente<\/p>\n<p>\u00ab\u00a0C&rsquo;est un tr\u00e8s bon bilan, c&rsquo;est quasiment 15\u00a0% de plus que l&rsquo;an dernier, estime\u00a0Jacques Richir, l&rsquo;\u00e9lu charg\u00e9 de la braderie \u00e0 la mairie de Lille.\u00a0On constate aussi que de plus en plus de personnes s&rsquo;inscrivent sur internet, c&rsquo;est plus de 90 % des inscrits. C&rsquo;est une tr\u00e8s, tr\u00e8s belle \u00e9dition qui s&rsquo;annonce pour peu que la m\u00e9t\u00e9o soit au rendez-vous\u00a0\u00bb.<\/p>\n<p>Mais tous les inscrits ne d\u00e9crocheront pas un emplacement.\u00a0<strong>1.200 personnes sont sur liste d&rsquo;attente<\/strong>, notamment des habitants de Lille, Lomme et Hellemmes, les seules communes autoris\u00e9es \u00e0 s&rsquo;inscrire.\u00a0\u00ab\u00a0Malheureusement, on n&rsquo;est pas s\u00fbr de pouvoir tous les replacer parce qu&rsquo;on a seulement 52 kilom\u00e8tres de rues, on est limit\u00e9, ils seront plac\u00e9s par ordre d&rsquo;arriv\u00e9e. En tout cas, il y a un vrai engouement et peut-\u00eatre que l&rsquo;an prochain, on rajoutera quelques rues\u00a0\u00bb, pr\u00e9cise-t-il.<\/p>\n<p>La gratuit\u00e9 pour les bradeurs<\/p>\n<p><strong>La braderie de Lille est gratuite<\/strong> pour les inscrits mais pas pour la Ville. \u00ab\u00a0L&rsquo;inscription est gratuite pour tous les bradeux, tous ceux qui vendent. Nous, on met plus de 750.000 euros de moyens financiers pour le personnel, les postes de secours, etc. Mais on est tr\u00e8s heureux parce que la braderie de Lille, c&rsquo;est l&rsquo;image d&rsquo;une ville accueillante, joyeuse festive\u00a0\u00bb,\u00a0explique\u00a0Jacques Richir, l&rsquo;\u00e9lu charg\u00e9 de la braderie \u00e0 la mairie de Lille.<\/p>\n<p>Des urinoirs en plus dans les rues<\/p>\n<p>Peu de changements sont pr\u00e9vus pour cette \u00e9dition 2025, seuls <strong>les horaires d&rsquo;ouverture des bars<\/strong> et des restaurants sont modifi\u00e9s. Ils seront ouverts jusqu&rsquo;\u00e0 3h au lieu de 2h dans la nuit de vendredi \u00e0 samedi, et jusqu&rsquo;\u00e0 5h dans la nuit de samedi \u00e0 dimanche pour permettre \u00e0 la Ville de nettoyer les rues.<\/p>\n<p><strong>Des sanitaires suppl\u00e9mentaires<\/strong> sont \u00e9galement install\u00e9s.\u00a0\u00ab\u00a0C&rsquo;\u00e9tait une vraie demande, il n&rsquo;y avait\u00a0 pas assez de place et des gens un peu press\u00e9s n&rsquo;attendaient pas et urinaient \u00e0 c\u00f4t\u00e9 des toilettes, on a donc bien renforc\u00e9 les sanitaires, avec 64 urinoirs par exemple, on esp\u00e8re que \u00e7a va fonctionner\u00a0\u00bb, pr\u00e9cise\u00a0Floriane Gabriels, directeur adjoint \u00e0 la Ville de Lille.<\/p>\n<p>Enfin, la braderie des enfants se tiendra \u00e9galement le dimanche, et plus seulement le samedi cette ann\u00e9e. Il reste d&rsquo;ailleurs une trentaine de places disponibles le dimanche. Pour l&rsquo;instant, 128 enfants sont inscrits.<\/p>\n<p>L&rsquo;engouement pour la braderie perdure<\/p>\n<p>L&rsquo;engouement pour la braderie de Lille se v\u00e9rifie ann\u00e9e apr\u00e8s ann\u00e9e. <strong>Jusqu&rsquo;2,5 millions de personnes sont attendues<\/strong> dans les rues de Lille.\u00a0\u00ab\u00a0Je crois que la braderie, c&rsquo;est un moment que les gens aiment bien, on s&rsquo;y prom\u00e8ne, on vend. Il y a aussi un besoin de gagner un peu d&rsquo;argent, et puis, il y l&rsquo;int\u00e9r\u00eat pour la seconde main\u00a0\u00bb, conclut Jacques Richir, l&rsquo;\u00e9lu charg\u00e9 de la braderie \u00e0 la mairie de Lille.<\/p>\n<p>\u00c0 lire aussi   <img decoding=\"async\" src=\"https:\/\/www.europesays.com\/fr\/wp-content\/uploads\/2025\/08\/1755623671_918_560x315\" alt=\"Des terrasses de restaurants pr\u00e8s de la Grand Place \u00e0 Lille\" style=\"--_image-preview:url('data:image\/jpeg;base64,\/9j\/2wBDACgcHiMeGSgjISMtKygwPGRBPDc3PHtYXUlkkYCZlo+AjIqgtObDoKrarYqMyP\/L2u71\/\/\/\/m8H\/\/\/\/6\/+b9\/\/j\/2wBDASstLTw1PHZBQXb4pYyl+Pj4+Pj4+Pj4+Pj4+Pj4+Pj4+Pj4+Pj4+Pj4+Pj4+Pj4+Pj4+Pj4+Pj4+Pj4+Pj4+Pj\/wAARCAAXACoDASIAAhEBAxEB\/8QAGAAAAwEBAAAAAAAAAAAAAAAAAAECAwT\/xAAXEAEBAQEAAAAAAAAAAAAAAAAAAREC\/8QAFgEBAQEAAAAAAAAAAAAAAAAAAAIB\/8QAFBEBAAAAAAAAAAAAAAAAAAAAAP\/aAAwDAQACEQMRAD8Ac6XOnPKudA30azlUB6NIkqcyuaApjXlcgAHgwBg\/\/9k=');\" loading=\"lazy\" fetchpriority=\"low\" aria-hidden=\"true\" class=\"svelte-1pnmlwx rounded\" onload=\"this.__e=event\" onerror=\"this.__e=event\"\/><\/p>\n","protected":false},"excerpt":{"rendered":"Les inscriptions pour obtenir un emplacement \u00e0 la braderie de Lille se terminent ce mardi. Plus de 6.000&hellip;\n","protected":false},"author":2,"featured_media":329740,"comment_status":"","ping_status":"","sticky":false,"template":"","format":"standard","meta":{"footnotes":""},"categories":[2815],"tags":[1111,11,1777,674,1011,27,811,1307,12,25],"class_list":{"0":"post-329739","1":"post","2":"type-post","3":"status-publish","4":"format-standard","5":"has-post-thumbnail","7":"category-lille","8":"tag-actu","9":"tag-actualites","10":"tag-eu","11":"tag-europe","12":"tag-fr","13":"tag-france","14":"tag-hauts-de-france","15":"tag-lille","16":"tag-news","17":"tag-republique-francaise"},"share_on_mastodon":{"url":"https:\/\/pubeurope.com\/@fr\/115056559521136054","error":""},"_links":{"self":[{"href":"https:\/\/www.europesays.com\/fr\/wp-json\/wp\/v2\/posts\/329739","targetHints":{"allow":["GET"]}}],"collection":[{"href":"https:\/\/www.europesays.com\/fr\/wp-json\/wp\/v2\/posts"}],"about":[{"href":"https:\/\/www.europesays.com\/fr\/wp-json\/wp\/v2\/types\/post"}],"author":[{"embeddable":true,"href":"https:\/\/www.europesays.com\/fr\/wp-json\/wp\/v2\/users\/2"}],"replies":[{"embeddable":true,"href":"https:\/\/www.europesays.com\/fr\/wp-json\/wp\/v2\/comments?post=329739"}],"version-history":[{"count":0,"href":"https:\/\/www.europesays.com\/fr\/wp-json\/wp\/v2\/posts\/329739\/revisions"}],"wp:featuredmedia":[{"embeddable":true,"href":"https:\/\/www.europesays.com\/fr\/wp-json\/wp\/v2\/media\/329740"}],"wp:attachment":[{"href":"https:\/\/www.europesays.com\/fr\/wp-json\/wp\/v2\/media?parent=329739"}],"wp:term":[{"taxonomy":"category","embeddable":true,"href":"https:\/\/www.europesays.com\/fr\/wp-json\/wp\/v2\/categories?post=329739"},{"taxonomy":"post_tag","embeddable":true,"href":"https:\/\/www.europesays.com\/fr\/wp-json\/wp\/v2\/tags?post=329739"}],"curies":[{"name":"wp","href":"https:\/\/api.w.org\/{rel}","templated":true}]}}