{"id":329741,"date":"2025-08-19T17:17:16","date_gmt":"2025-08-19T17:17:16","guid":{"rendered":"https:\/\/www.europesays.com\/fr\/329741\/"},"modified":"2025-08-19T17:17:16","modified_gmt":"2025-08-19T17:17:16","slug":"un-candidat-potentiel-du-mouvement-marseille-a-coeur-depose-une-main-courante-contre-sebastien-delogu","status":"publish","type":"post","link":"https:\/\/www.europesays.com\/fr\/329741\/","title":{"rendered":"Un candidat potentiel du mouvement Marseille \u00e0 c\u0153ur d\u00e9pose une main courante contre S\u00e9bastien Delogu"},"content":{"rendered":"<p>\u00c0 sept mois des municipales, la bataille des affiches a d\u00e9j\u00e0 commenc\u00e9 sur les murs de la ville. Depuis une quinzaine de jours, le Dr Sa\u00efd Ouichou, m\u00e9decin g\u00e9n\u00e9raliste dans les quartiers Nord et figure du mouvement Marseille \u00e0 c\u0153ur de <a href=\"https:\/\/www.laprovence.com\/article\/politique\/8635504501819214\/municipales-2026-a-marseille-frederic-collart-sinvite-au-bal-des-pretendants\" target=\"_blank\" rel=\"noopener\">Fr\u00e9d\u00e9ric Collart<\/a>, placarde des quatre par trois \u00e0 son nom dans les 15e et 16e arrondissements, la circonscription du d\u00e9put\u00e9 Insoumis S\u00e9bastien Delogu.<\/p>\n<p>Vendredi 15\u00a0ao\u00fbt, apr\u00e8s moult collages et recollages, la tension est mont\u00e9e d\u2019un cran. Les deux hommes ont \u00e9chang\u00e9 par SMS et l\u2019un de ces messages a \u00e9t\u00e9 jug\u00e9 \u00ab\u00a0assez intimidant\u00a0\u00bb par le Dr Sa\u00efd Ouichou qui a d\u00e9pos\u00e9 ce lundi 18\u00a0ao\u00fbt une main courante. \u00ab\u00a0Dans une conversation par SMS, j\u2019ai demand\u00e9 \u00e0 ce que ses \u00e9quipes respectent un principe de courtoisie car j\u2019ai constat\u00e9 que mes affiches ont \u00e9t\u00e9 recouvertes par les siennes, explique dans cette main courante le potentiel candidat de Marseille \u00e0 c\u0153ur. Il m\u2019a r\u00e9pondu\u00a0: s\u2019il te pla\u00eet, reste \u00e0 ta place, c\u2019est la derni\u00e8re fois que je te le dis. Sur conseil de mes proches, je pr\u00e9f\u00e8re faire une main courante. Sait-on jamais\u00a0\u00bb.<\/p>\n<p>Joint par La Provence, Sa\u00efd Ouichou, qui se trouve par ailleurs \u00eatre le m\u00e9decin g\u00e9n\u00e9raliste du d\u00e9put\u00e9 LFI, confirme les faits et indique avoir d\u00e9pos\u00e9 cette main courante \u00ab\u00a0par pr\u00e9caution\u00a0\u00bb\u00a0: \u00ab\u00a0S\u00e9bastien Delogu a d\u00e9j\u00e0 \u00e9t\u00e9 <a href=\"https:\/\/www.laprovence.com\/article\/faits-divers-justice\/3651661472114714\/le-depute-lfi-de-marseille-sebastien-delogu-condamne-a-5000-euros-damende-pour-des-violences\" target=\"_blank\" rel=\"noopener\">condamn\u00e9 pour violences<\/a> (pour avoir port\u00e9 des coups au proviseur adjoint et la CPE d\u2019un lyc\u00e9e marseillais au moment du mouvement contre la r\u00e9forme des retraites, NDLR). Je ne voulais pas que ce SMS d\u2019intimidation reste sans r\u00e9ponse\u00a0\u00bb.<\/p>\n<p>Dans ses SMS, le Dr Ouichou invite S\u00e9bastien Delogu et ses \u00e9quipes \u00e0 mener une campagne \u00ab\u00a0dans un climat apais\u00e9\u00a0\u00bb.<\/p>\n<p>Hier, la d\u00e9couverte de cette main courante, \u00ab\u00a0par voie de presse, dans le Figaro\u00a0\u00bb, a suscit\u00e9 l\u2019ire de l\u2019entourage de S\u00e9bastien Delogu. \u00ab\u00a0Cet \u00e9change de SMS ne comporte ni insulte, ni menace, ce que confirme le fait qu\u2019il n\u2019y ait pas de plainte. Divulguer un message priv\u00e9 pour faire du buzz est indigne du d\u00e9bat politique\u00a0\u00bb. Et de tancer\u00a0: \u00ab\u00a0Mais il est sans doute plus facile de lancer des boules puantes que d\u2019expliquer aux habitants pourquoi le Dr Ouichou se range derri\u00e8re un mouvement politique qui a gouvern\u00e9 la ville pendant des ann\u00e9es et a laiss\u00e9 \u00e0 l\u2019abandon les quartiers Nord\u00a0\u00bb.<\/p>\n","protected":false},"excerpt":{"rendered":"\u00c0 sept mois des municipales, la bataille des affiches a d\u00e9j\u00e0 commenc\u00e9 sur les murs de la ville.&hellip;\n","protected":false},"author":2,"featured_media":329742,"comment_status":"","ping_status":"","sticky":false,"template":"","format":"standard","meta":{"footnotes":""},"categories":[2814],"tags":[17,1111,11,1102,426,6521,25372,1777,674,1011,27,884,15777,12,13131,882,16,25,96],"class_list":{"0":"post-329741","1":"post","2":"type-post","3":"status-publish","4":"format-standard","5":"has-post-thumbnail","7":"category-marseille","8":"tag-17","9":"tag-actu","10":"tag-actualites","11":"tag-breakingnews","12":"tag-candidat","13":"tag-coeur","14":"tag-depose","15":"tag-eu","16":"tag-europe","17":"tag-fr","18":"tag-france","19":"tag-marseille","20":"tag-mouvement","21":"tag-news","22":"tag-potentiel","23":"tag-provence-alpes-cote-dazur","24":"tag-region","25":"tag-republique-francaise","26":"tag-une"},"share_on_mastodon":{"url":"https:\/\/pubeurope.com\/@fr\/115056570764498093","error":""},"_links":{"self":[{"href":"https:\/\/www.europesays.com\/fr\/wp-json\/wp\/v2\/posts\/329741","targetHints":{"allow":["GET"]}}],"collection":[{"href":"https:\/\/www.europesays.com\/fr\/wp-json\/wp\/v2\/posts"}],"about":[{"href":"https:\/\/www.europesays.com\/fr\/wp-json\/wp\/v2\/types\/post"}],"author":[{"embeddable":true,"href":"https:\/\/www.europesays.com\/fr\/wp-json\/wp\/v2\/users\/2"}],"replies":[{"embeddable":true,"href":"https:\/\/www.europesays.com\/fr\/wp-json\/wp\/v2\/comments?post=329741"}],"version-history":[{"count":0,"href":"https:\/\/www.europesays.com\/fr\/wp-json\/wp\/v2\/posts\/329741\/revisions"}],"wp:featuredmedia":[{"embeddable":true,"href":"https:\/\/www.europesays.com\/fr\/wp-json\/wp\/v2\/media\/329742"}],"wp:attachment":[{"href":"https:\/\/www.europesays.com\/fr\/wp-json\/wp\/v2\/media?parent=329741"}],"wp:term":[{"taxonomy":"category","embeddable":true,"href":"https:\/\/www.europesays.com\/fr\/wp-json\/wp\/v2\/categories?post=329741"},{"taxonomy":"post_tag","embeddable":true,"href":"https:\/\/www.europesays.com\/fr\/wp-json\/wp\/v2\/tags?post=329741"}],"curies":[{"name":"wp","href":"https:\/\/api.w.org\/{rel}","templated":true}]}}