{"id":329743,"date":"2025-08-19T17:18:16","date_gmt":"2025-08-19T17:18:16","guid":{"rendered":"https:\/\/www.europesays.com\/fr\/329743\/"},"modified":"2025-08-19T17:18:16","modified_gmt":"2025-08-19T17:18:16","slug":"reportage-le-15-aout-a-marseille-quand-la-ville-fete-la-vierge-marie","status":"publish","type":"post","link":"https:\/\/www.europesays.com\/fr\/329743\/","title":{"rendered":"[REPORTAGE] Le 15 ao\u00fbt \u00e0 Marseille : quand la ville f\u00eate la Vierge Marie"},"content":{"rendered":"<p>Tous les 15 ao\u00fbt, les rues du Panier, un quartier populaire de Marseille, sont travers\u00e9es par une procession \u00e0 la Vierge. Cette tradition, populaire et enracin\u00e9e, remonte \u00e0 1807. Elle rassemble de nombreux fid\u00e8les, et reste un moment fort de la vie catholique marseillaise.<\/p>\n<p>Boulevard Voltaire vous y emm\u00e8ne.<\/p>\n<\/p>\n<p>                    <a href=\"#\" rel=\"nofollow\" onclick=\"window.print(); pfTrackEvent('[REPORTAGE] Le 15 ao\u00fbt \u00e0 Marseille : quand la ville f\u00eate la Vierge Marie'); return false;\" title=\"Printer Friendly, PDF &amp; Email\"><br \/>\n                    <img decoding=\"async\" src=\"https:\/\/www.europesays.com\/fr\/wp-content\/uploads\/2025\/04\/printfriendly-icon-sm.png\" alt=\"Print Friendly, PDF &amp; Email\" class=\"pf-button-img\" style=\"width: 17px;height: 17px;\"\/>Imprimer, enregistrer en PDF cet article<br \/>\n                    <\/a><\/p>\n","protected":false},"excerpt":{"rendered":"Tous les 15 ao\u00fbt, les rues du Panier, un quartier populaire de Marseille, sont travers\u00e9es par une procession&hellip;\n","protected":false},"author":2,"featured_media":329744,"comment_status":"","ping_status":"","sticky":false,"template":"","format":"standard","meta":{"footnotes":""},"categories":[2814],"tags":[1111,11,1777,674,1011,27,884,12,882,25],"class_list":{"0":"post-329743","1":"post","2":"type-post","3":"status-publish","4":"format-standard","5":"has-post-thumbnail","7":"category-marseille","8":"tag-actu","9":"tag-actualites","10":"tag-eu","11":"tag-europe","12":"tag-fr","13":"tag-france","14":"tag-marseille","15":"tag-news","16":"tag-provence-alpes-cote-dazur","17":"tag-republique-francaise"},"share_on_mastodon":{"url":"https:\/\/pubeurope.com\/@fr\/115056574723921252","error":""},"_links":{"self":[{"href":"https:\/\/www.europesays.com\/fr\/wp-json\/wp\/v2\/posts\/329743","targetHints":{"allow":["GET"]}}],"collection":[{"href":"https:\/\/www.europesays.com\/fr\/wp-json\/wp\/v2\/posts"}],"about":[{"href":"https:\/\/www.europesays.com\/fr\/wp-json\/wp\/v2\/types\/post"}],"author":[{"embeddable":true,"href":"https:\/\/www.europesays.com\/fr\/wp-json\/wp\/v2\/users\/2"}],"replies":[{"embeddable":true,"href":"https:\/\/www.europesays.com\/fr\/wp-json\/wp\/v2\/comments?post=329743"}],"version-history":[{"count":0,"href":"https:\/\/www.europesays.com\/fr\/wp-json\/wp\/v2\/posts\/329743\/revisions"}],"wp:featuredmedia":[{"embeddable":true,"href":"https:\/\/www.europesays.com\/fr\/wp-json\/wp\/v2\/media\/329744"}],"wp:attachment":[{"href":"https:\/\/www.europesays.com\/fr\/wp-json\/wp\/v2\/media?parent=329743"}],"wp:term":[{"taxonomy":"category","embeddable":true,"href":"https:\/\/www.europesays.com\/fr\/wp-json\/wp\/v2\/categories?post=329743"},{"taxonomy":"post_tag","embeddable":true,"href":"https:\/\/www.europesays.com\/fr\/wp-json\/wp\/v2\/tags?post=329743"}],"curies":[{"name":"wp","href":"https:\/\/api.w.org\/{rel}","templated":true}]}}