{"id":329747,"date":"2025-08-19T17:20:11","date_gmt":"2025-08-19T17:20:11","guid":{"rendered":"https:\/\/www.europesays.com\/fr\/329747\/"},"modified":"2025-08-19T17:20:11","modified_gmt":"2025-08-19T17:20:11","slug":"une-plaque-commemorative-des-justes-arrachee-pres-de-lyon","status":"publish","type":"post","link":"https:\/\/www.europesays.com\/fr\/329747\/","title":{"rendered":"une plaque comm\u00e9morative des Justes arrach\u00e9e pr\u00e8s de Lyon"},"content":{"rendered":"<p>La maire socialiste de Villeurbanne, C\u00e9dric Van\u00a0Styvendael, a d\u00e9nonc\u00e9 un \u00abacte antis\u00e9mite\u00bb et annonc\u00e9 que la plaque sera r\u00e9install\u00e9e d\u2019ici la fin de la semaine.<\/p>\n<p class=\"fig-paragraph\">Une plaque en hommage aux Justes, ceux qui ont cach\u00e9 ou sauv\u00e9 des Juifs pendant la Seconde Guerre mondiale parfois au p\u00e9ril de leur vie, a \u00e9t\u00e9 arrach\u00e9e dans un parc de\u00a0<a href=\"http:\/\/www.lefigaro.fr\/lyon\/des-chauves-souris-pour-lutter-contre-les-moustiques-dans-les-ecoles-de-villeurbanne-20250819\" data-fig-type=\"NewsFlash\" data-gtm-custom-categorie=\"navigation\" data-gtm-custom-action=\"crossclick\" data-gtm-custom-label=\"Contextuel\" data-gtm-event=\"customEventSPE\" data-fig-domain=\"LEFIGARO\" target=\"_blank\" rel=\"noopener\">Villeurbanne<\/a>, dans la banlieue de Lyon, a indiqu\u00e9 mardi la mairie. \u00abLe mariage de la l\u00e2chet\u00e9 et la b\u00eatise doit nous inqui\u00e9ter et nous mobiliser\u00bb, a r\u00e9agi le maire socialiste\u00a0<a href=\"http:\/\/www.lefigaro.fr\/lyon\/on-en-a-ras-le-bol-des-habitants-au-maire-la-colere-des-villeurbannais-apres-une-nouvelle-fusillade-20231108\" data-fig-type=\"Article\" data-gtm-custom-categorie=\"navigation\" data-gtm-custom-action=\"crossclick\" data-gtm-custom-label=\"Contextuel\" data-gtm-event=\"customEventSPE\" data-fig-domain=\"LEFIGARO\" target=\"_blank\" rel=\"noopener\">C\u00e9dric Van\u00a0Styvendael<\/a>\u00a0dans un communiqu\u00e9.<\/p>\n<p class=\"fig-paragraph\">La plaque avait \u00e9t\u00e9 install\u00e9e \u00abil y a quelques mois en hommage aux Justes villeurbannais qui ont contribu\u00e9 \u00e0 sauver des Juifs au p\u00e9ril de leur vie, apr\u00e8s que le r\u00e9gime de Vichy avait mis en place des lois antis\u00e9mites\u00bb, pr\u00e9cise-t-il.<\/p>\n<p>                                    <a class=\"fig-a11y-skip a11y-hidden\" href=\"#fig-a11y-skip-main-inarticle\"><br \/>\n        Passer la publicit\u00e9<br \/>\n    <\/a><\/p>\n<p>\u00abR\u00e9install\u00e9e d\u2019ici \u00e0 la fin de la semaine\u00bb<\/p>\n<p class=\"fig-paragraph\">\u00abElle a \u00e9t\u00e9 arrach\u00e9e dans le square des Justes dans la soir\u00e9e du 17 ao\u00fbt &#8211; pas de tag ou d&rsquo;inscription\u00bb et sera \u00abr\u00e9install\u00e9e d&rsquo;ici \u00e0 la fin de la semaine\u00bb, assure le maire en ajoutant: \u00abAucun acte antis\u00e9mite ne doit \u00eatre minimis\u00e9\u00bb. C\u00e9dric Van\u00a0Styvendael n&rsquo;a pas d\u00e9pos\u00e9 plainte, ont pr\u00e9cis\u00e9 ses services, les circonstances de l&rsquo;\u00e9v\u00e9nement n&rsquo;\u00e9tant pas clairement \u00e9tablies.<\/p>\n<p class=\"fig-body-link\">\n            \u00c0 lire aussi<br \/>\n        <a class=\"fig-body-link__link\" href=\"http:\/\/www.lefigaro.fr\/faits-divers\/indignation-apres-l-abattage-d-un-arbre-plante-en-hommage-a-ilan-halimi-20250815\" data-fig-type=\"Article\" data-gtm-custom-categorie=\"navigation\" data-gtm-custom-action=\"crossclick\" data-gtm-custom-label=\"Contextuel\" data-gtm-event=\"customEventSPE\" data-fig-domain=\"LEFIGARO\" target=\"_blank\" rel=\"noopener\">\u00abC\u2019est le tuer une deuxi\u00e8me fois\u00bb\u00a0: indignation apr\u00e8s l\u2019abattage d\u2019un arbre plant\u00e9 en hommage \u00e0 Ilan Halimi<br \/>\n    <\/a>\n<\/p>\n<p class=\"fig-paragraph\"><a href=\"http:\/\/www.lefigaro.fr\/lyon\/polemique-apres-deux-agressions-antisemites-a-villeurbanne-ou-l-ancien-maire-attaque-frontalement-lfi-20250321\" data-fig-type=\"NewsFlash\" data-gtm-custom-categorie=\"navigation\" data-gtm-custom-action=\"crossclick\" data-gtm-custom-label=\"Contextuel\" data-gtm-event=\"customEventSPE\" data-fig-domain=\"LEFIGARO\" target=\"_blank\" rel=\"noopener\">Plusieurs actes antis\u00e9mites ont \u00e9t\u00e9 recens\u00e9s ces derniers mois \u00e0 Villeurbanne<\/a>, o\u00f9 vit une importante communaut\u00e9 juive. Cet incident intervient peu apr\u00e8s l&rsquo;abattage \u00e0 \u00c9pinay-sur-Seine, pr\u00e8s de Paris, d&rsquo;<a href=\"http:\/\/www.lefigaro.fr\/politique\/aurore-berge-la-memoire-ne-s-abat-pas-ils-peuvent-abattre-un-arbre-nous-replanterons-20250815\" data-fig-type=\"Article\" data-gtm-custom-categorie=\"navigation\" data-gtm-custom-action=\"crossclick\" data-gtm-custom-label=\"Contextuel\" data-gtm-event=\"customEventSPE\" data-fig-domain=\"LEFIGARO\" target=\"_blank\" rel=\"noopener\">un olivier plant\u00e9 en hommage \u00e0 Ilan Halimi<\/a>, jeune Juif tortur\u00e9 \u00e0 mort en 2006.<\/p>\n","protected":false},"excerpt":{"rendered":"La maire socialiste de Villeurbanne, C\u00e9dric Van\u00a0Styvendael, a d\u00e9nonc\u00e9 un \u00abacte antis\u00e9mite\u00bb et annonc\u00e9 que la plaque sera&hellip;\n","protected":false},"author":2,"featured_media":329748,"comment_status":"","ping_status":"","sticky":false,"template":"","format":"standard","meta":{"footnotes":""},"categories":[1889],"tags":[1111,11,6155,2430,1777,674,1011,27,2428,12,25,10775],"class_list":{"0":"post-329747","1":"post","2":"type-post","3":"status-publish","4":"format-standard","5":"has-post-thumbnail","7":"category-lyon","8":"tag-actu","9":"tag-actualites","10":"tag-antisemitisme","11":"tag-auvergne-rhone-alpes","12":"tag-eu","13":"tag-europe","14":"tag-fr","15":"tag-france","16":"tag-lyon","17":"tag-news","18":"tag-republique-francaise","19":"tag-shoah"},"share_on_mastodon":{"url":"https:\/\/pubeurope.com\/@fr\/115056582586712575","error":""},"_links":{"self":[{"href":"https:\/\/www.europesays.com\/fr\/wp-json\/wp\/v2\/posts\/329747","targetHints":{"allow":["GET"]}}],"collection":[{"href":"https:\/\/www.europesays.com\/fr\/wp-json\/wp\/v2\/posts"}],"about":[{"href":"https:\/\/www.europesays.com\/fr\/wp-json\/wp\/v2\/types\/post"}],"author":[{"embeddable":true,"href":"https:\/\/www.europesays.com\/fr\/wp-json\/wp\/v2\/users\/2"}],"replies":[{"embeddable":true,"href":"https:\/\/www.europesays.com\/fr\/wp-json\/wp\/v2\/comments?post=329747"}],"version-history":[{"count":0,"href":"https:\/\/www.europesays.com\/fr\/wp-json\/wp\/v2\/posts\/329747\/revisions"}],"wp:featuredmedia":[{"embeddable":true,"href":"https:\/\/www.europesays.com\/fr\/wp-json\/wp\/v2\/media\/329748"}],"wp:attachment":[{"href":"https:\/\/www.europesays.com\/fr\/wp-json\/wp\/v2\/media?parent=329747"}],"wp:term":[{"taxonomy":"category","embeddable":true,"href":"https:\/\/www.europesays.com\/fr\/wp-json\/wp\/v2\/categories?post=329747"},{"taxonomy":"post_tag","embeddable":true,"href":"https:\/\/www.europesays.com\/fr\/wp-json\/wp\/v2\/tags?post=329747"}],"curies":[{"name":"wp","href":"https:\/\/api.w.org\/{rel}","templated":true}]}}