{"id":329753,"date":"2025-08-19T17:27:52","date_gmt":"2025-08-19T17:27:52","guid":{"rendered":"https:\/\/www.europesays.com\/fr\/329753\/"},"modified":"2025-08-19T17:27:52","modified_gmt":"2025-08-19T17:27:52","slug":"paris-le-studio-cache-du-palais-de-tokyo-transforme-en-chambre-dhotel-a-loccasion-dun-concours","status":"publish","type":"post","link":"https:\/\/www.europesays.com\/fr\/329753\/","title":{"rendered":"Paris\u00a0: le studio cach\u00e9 du Palais de Tokyo transform\u00e9 en chambre d\u2019h\u00f4tel \u00e0 l\u2019occasion d\u2019un concours"},"content":{"rendered":"<p class=\"paragraph text_align_left lp-f-body-02\">Et si vous passiez une nuit l\u00e0 o\u00f9 personne n\u2019a jamais dormi ? Le 28 ao\u00fbt prochain, le <a href=\"https:\/\/www.leparisien.fr\/culture-loisirs\/sortir-region-parisienne\/palais-de-tokyo-les-20-ans-de-la-soiree-des-arts-du-feu-dans-loeil-du-parisien-28-01-2024-EF3AIHJE5JAQNBXLS57LY2PFPY.php\" target=\"_blank\" rel=\"noreferrer nofollow noopener\">Palais de Tokyo<\/a> (XVIe arrondissement de Paris), temple parisien de l\u2019art contemporain, ouvrira exceptionnellement les portes de son appartement d\u2019artiste pour une exp\u00e9rience in\u00e9dite et \u00ab ultra-\u00e9ph\u00e9m\u00e8re \u00bb.<\/p>\n<p class=\"paragraph text_align_left lp-f-body-02\">Transform\u00e9 en chambre d\u2019h\u00f4tel \u00e9ph\u00e9m\u00e8re par <a href=\"https:\/\/www.leparisien.fr\/paris-75\/paris-staycation-un-site-qui-lutte-contre-le-blues-du-dimanche-soir-avec-des-shots-de-vacances-de-luxe-18-10-2019-8175858.php\" target=\"_blank\" rel=\"noreferrer nofollow noopener\">Staycation<\/a>, sp\u00e9cialiste des s\u00e9jours de proximit\u00e9 en partenariat avec des h\u00f4tels haut de gamme, ce lieu habituellement r\u00e9serv\u00e9 \u00e0 la cr\u00e9ation artistique accueillera deux privil\u00e9gi\u00e9s le temps d\u2019une nuit.<\/p>\n<p class=\"paragraph text_align_left lp-f-body-02\">L\u2019exp\u00e9rience commence d\u00e8s 16 heures le jeudi avec un acc\u00e8s aux expositions jusqu\u2019\u00e0 minuit, accompagn\u00e9 d\u2019un m\u00e9diateur. Les visiteurs pourront d\u00e9ambuler dans les galeries, s\u2019impr\u00e9gnant de l\u2019atmosph\u00e8re unique du lieu.<\/p>\n<p>Abonnement et cuv\u00e9e du Palais<\/p>\n<p class=\"paragraph text_align_left lp-f-body-02\">Puis viendra l\u2019heure de rejoindre leur chambre d\u2019exception : un appartement au style brut et industriel con\u00e7u par le cabinet d\u2019architectes Freaks, o\u00f9 tr\u00f4ne un impressionnant lit \u00e0 baldaquin mobile permettant de choisir sa vue sur l\u2019art.<\/p>\n<p class=\"paragraph text_align_left lp-f-body-02\">\u00ab Un abonnement annuel Tokyopass Duo et une bouteille de Double Trouble, la cuv\u00e9e du Palais, vous attendront dans la chambre \u00bb, pr\u00e9cise le Palais de Tokyo. Pour les heureux \u00e9lus, l\u2019exp\u00e9rience se prolongera au r\u00e9veil avec un petit-d\u00e9jeuner inclus.<\/p>\n<p class=\"paragraph text_align_left lp-f-body-02\">Pour tenter sa chance et participer au concours, il suffit de suivre le compte Instagram de Staycation ainsi que celui du <a href=\"https:\/\/www.leparisien.fr\/paris-75\/paris-une-association-demande-la-protection-du-palais-de-tokyo-en-proie-a-des-degradations-13-02-2024-2OT4MUTROZHFVLXXAPQKKDFA5M.php\" target=\"_blank\" rel=\"noreferrer nofollow noopener\">Palais de Tokyo<\/a>, de taguer la personne que vous souhaitez emmener avec vous puis de partager la publication. Le tirage au sort sera effectu\u00e9 le 25 ao\u00fbt.<\/p>\n","protected":false},"excerpt":{"rendered":"Et si vous passiez une nuit l\u00e0 o\u00f9 personne n\u2019a jamais dormi ? Le 28 ao\u00fbt prochain, le&hellip;\n","protected":false},"author":2,"featured_media":329754,"comment_status":"","ping_status":"","sticky":false,"template":"","format":"standard","meta":{"footnotes":""},"categories":[1888],"tags":[1111,1928,11,1927,872,1777,674,1011,27,1944,12,1926,626,1925,25],"class_list":{"0":"post-329753","1":"post","2":"type-post","3":"status-publish","4":"format-standard","5":"has-post-thumbnail","7":"category-paris","8":"tag-actu","9":"tag-actu-paris","10":"tag-actualites","11":"tag-actualites-paris","12":"tag-culture-et-loisirs","13":"tag-eu","14":"tag-europe","15":"tag-fr","16":"tag-france","17":"tag-ma-ville","18":"tag-news","19":"tag-news-paris","20":"tag-paris","21":"tag-paris-news","22":"tag-republique-francaise"},"share_on_mastodon":{"url":"https:\/\/pubeurope.com\/@fr\/115056614040569806","error":""},"_links":{"self":[{"href":"https:\/\/www.europesays.com\/fr\/wp-json\/wp\/v2\/posts\/329753","targetHints":{"allow":["GET"]}}],"collection":[{"href":"https:\/\/www.europesays.com\/fr\/wp-json\/wp\/v2\/posts"}],"about":[{"href":"https:\/\/www.europesays.com\/fr\/wp-json\/wp\/v2\/types\/post"}],"author":[{"embeddable":true,"href":"https:\/\/www.europesays.com\/fr\/wp-json\/wp\/v2\/users\/2"}],"replies":[{"embeddable":true,"href":"https:\/\/www.europesays.com\/fr\/wp-json\/wp\/v2\/comments?post=329753"}],"version-history":[{"count":0,"href":"https:\/\/www.europesays.com\/fr\/wp-json\/wp\/v2\/posts\/329753\/revisions"}],"wp:featuredmedia":[{"embeddable":true,"href":"https:\/\/www.europesays.com\/fr\/wp-json\/wp\/v2\/media\/329754"}],"wp:attachment":[{"href":"https:\/\/www.europesays.com\/fr\/wp-json\/wp\/v2\/media?parent=329753"}],"wp:term":[{"taxonomy":"category","embeddable":true,"href":"https:\/\/www.europesays.com\/fr\/wp-json\/wp\/v2\/categories?post=329753"},{"taxonomy":"post_tag","embeddable":true,"href":"https:\/\/www.europesays.com\/fr\/wp-json\/wp\/v2\/tags?post=329753"}],"curies":[{"name":"wp","href":"https:\/\/api.w.org\/{rel}","templated":true}]}}