{"id":329755,"date":"2025-08-19T17:30:27","date_gmt":"2025-08-19T17:30:27","guid":{"rendered":"https:\/\/www.europesays.com\/fr\/329755\/"},"modified":"2025-08-19T17:30:27","modified_gmt":"2025-08-19T17:30:27","slug":"quinte-du-mercredi-20-aout-2025-a-vincennes-les-pronostics","status":"publish","type":"post","link":"https:\/\/www.europesays.com\/fr\/329755\/","title":{"rendered":"Quint\u00e9 du mercredi 20 ao\u00fbt 2025 \u00e0 Vincennes : les pronostics"},"content":{"rendered":"<p class=\"article-p mdl\">Retrouvez les pronostics de Dominique Cordier pour le Quint\u00e9 du mercredi 20 ao\u00fbt 2025 \u00e0 Vincennes, le Prix de Beaune. <strong>D\u00e9part \u00e0 18h10. 14 partants. <\/strong>Trot attel\u00e9. 2.700 m\u00e8tres. Grande piste. Trotteurs de 7 \u00e0 11 ans.&#13;<\/p>\n<p class=\"article-p mdl\">Le lot tient la route, mais il ne faut pas s\u2019 attendre \u00e0 toucher des millions, ses favoris \u00e9tant tous appel\u00e9s \u00e0 bien se comporter, \u00e0 commencer par le n\u00f4tre, le <strong>7 Grand Roi Kalouma<\/strong>, dont il faut effacer les deux r\u00e9cents \u00e9checs pour se persuader qu\u2019il conserve la pointure \u00e0 ce niveau.&#13;<\/p>\n<p class=\"article-p mdl\">Le<strong> 9 Hurricane Carter <\/strong>est lui dans la forme de sa vie, assez pour ambitionner le succ\u00e8s lui aussi.&#13;<\/p>\n<p class=\"article-p mdl\">Bien engag\u00e9 en bas de tableau, le <strong>12 Hold Up du Saptel <\/strong>est l\u2019outsider de RTL. La grande piste de Vincennes n\u2019a plus aucun secret pour lui et il est en forme. Une place est \u00e0 sa port\u00e9e, plus si affinit\u00e9s.&#13;<\/p>\n<p class=\"article-p mdl\">Le plus riche de la course, le <strong>14 Gordon Mijack<\/strong>, sera lui aussi \u00e0 belle cote, mais sa candidature m\u00e9rite cr\u00e9dit.&#13;<\/p>\n<p class=\"article-p mdl\">A l\u2019inverse, le 1 <strong>Halma d\u2019Amer<\/strong>, la Cendrillon de l\u2019\u00e9preuve, m\u00e9rite qu\u2019on s\u2019int\u00e9resse \u00e0 son cas. Non pour son palmar\u00e8s r\u00e9cent, qui ferait plut\u00f4t pleurer, mais pour son driver du jour, qui n\u2019est autre que Jean-Michel Bazire. Un d\u00e9clic est manifestement attendu de la part de cette jument de qualit\u00e9 honn\u00eate.&#13;&#13;&#13;&#13;&#13; <\/p>\n<p>            Les pronostics :<\/p>\n<p class=\"article-p mdl\">7. Grand Roi Kalouma&#13;<br \/>9. Hurricane Carter&#13;<br \/>12. Hold Up du Saptel&#13;<br \/>5. Indy Park&#13;<br \/>4. Canto dei Venti&#13;<br \/>1. Halma d\u2019Amer&#13;<br \/>14. Gordon Mijack<\/p>\n<p>            L&rsquo;outsider de RTL :<\/p>\n<p class=\"article-p mdl\">12. Hold Up du Saptel<\/p>\n<p>    R\u00e9sultats du lundi 18 ao\u00fbt 2025 \u00e0 Clairefontaine-Deauville<\/p>\n<p class=\"article-p mdl\">La favorite de RTL se classe 5e, l\u2019outsider de RTL 3e. La s\u00e9lection indique le Bonus 4sur5.<\/p>\n<p>    La r\u00e9daction vous recommande<\/p>\n<p class=\"s-newsletter__title\">\n                L\u2019actualit\u00e9 par la r\u00e9daction de RTL dans votre bo\u00eete mail.\n            <\/p>\n<p class=\"s-newsletter__subtitle\">\n                Gr\u00e2ce \u00e0 votre compte RTL abonnez-vous \u00e0 la newsletter RTL info pour suivre toute l&rsquo;actualit\u00e9 au quotidien\n            <\/p>\n<p>\n                                    Lire la suite\n                                <\/p>\n","protected":false},"excerpt":{"rendered":"Retrouvez les pronostics de Dominique Cordier pour le Quint\u00e9 du mercredi 20 ao\u00fbt 2025 \u00e0 Vincennes, le Prix&hellip;\n","protected":false},"author":2,"featured_media":3836,"comment_status":"","ping_status":"","sticky":false,"template":"","format":"standard","meta":{"footnotes":""},"categories":[1888],"tags":[11,2621,2622,1777,674,107,2619,1011,27,12,626,2623,25],"class_list":{"0":"post-329755","1":"post","2":"type-post","3":"status-publish","4":"format-standard","5":"has-post-thumbnail","7":"category-paris","8":"tag-actualites","9":"tag-chevaux","10":"tag-courses","11":"tag-eu","12":"tag-europe","13":"tag-fil-info","14":"tag-fil-sport","15":"tag-fr","16":"tag-france","17":"tag-news","18":"tag-paris","19":"tag-quinte","20":"tag-republique-francaise"},"share_on_mastodon":{"url":"https:\/\/pubeurope.com\/@fr\/115056621869378781","error":""},"_links":{"self":[{"href":"https:\/\/www.europesays.com\/fr\/wp-json\/wp\/v2\/posts\/329755","targetHints":{"allow":["GET"]}}],"collection":[{"href":"https:\/\/www.europesays.com\/fr\/wp-json\/wp\/v2\/posts"}],"about":[{"href":"https:\/\/www.europesays.com\/fr\/wp-json\/wp\/v2\/types\/post"}],"author":[{"embeddable":true,"href":"https:\/\/www.europesays.com\/fr\/wp-json\/wp\/v2\/users\/2"}],"replies":[{"embeddable":true,"href":"https:\/\/www.europesays.com\/fr\/wp-json\/wp\/v2\/comments?post=329755"}],"version-history":[{"count":0,"href":"https:\/\/www.europesays.com\/fr\/wp-json\/wp\/v2\/posts\/329755\/revisions"}],"wp:featuredmedia":[{"embeddable":true,"href":"https:\/\/www.europesays.com\/fr\/wp-json\/wp\/v2\/media\/3836"}],"wp:attachment":[{"href":"https:\/\/www.europesays.com\/fr\/wp-json\/wp\/v2\/media?parent=329755"}],"wp:term":[{"taxonomy":"category","embeddable":true,"href":"https:\/\/www.europesays.com\/fr\/wp-json\/wp\/v2\/categories?post=329755"},{"taxonomy":"post_tag","embeddable":true,"href":"https:\/\/www.europesays.com\/fr\/wp-json\/wp\/v2\/tags?post=329755"}],"curies":[{"name":"wp","href":"https:\/\/api.w.org\/{rel}","templated":true}]}}