{"id":329758,"date":"2025-08-19T17:34:33","date_gmt":"2025-08-19T17:34:33","guid":{"rendered":"https:\/\/www.europesays.com\/fr\/329758\/"},"modified":"2025-08-19T17:34:33","modified_gmt":"2025-08-19T17:34:33","slug":"ce-qui-compte-a-la-fin-cest-lavis-du-peuple-ukrainien","status":"publish","type":"post","link":"https:\/\/www.europesays.com\/fr\/329758\/","title":{"rendered":"\u00ab\u00a0Ce qui compte \u00e0 la fin, c\u2019est l\u2019avis du peuple ukrainien\u00a0\u00bb"},"content":{"rendered":"<blockquote class=\"question\"><p>Depuis quand \u00eates-vous en France\u00a0?<\/p><\/blockquote>\n<p>\u00ab\u00a0Je suis arriv\u00e9e en 2017, simplement dans l\u2019id\u00e9e de m\u2019installer dans votre pays, bien avant le d\u00e9but du conflit. Au d\u00e9but de la guerre avec la Russie, j\u2019ai organis\u00e9 une petite manifestation devant la mairie de Dijon, puis nous avons cr\u00e9\u00e9 l\u2019association.\u00a0\u00bb<\/p>\n<blockquote class=\"question\"><p>\u00c0 quoi devrait ressembler l\u2019\u00e9v\u00e9nement de ce dimanche\u00a0?<\/p><\/blockquote>\n<p>\u00ab\u00a0L\u2019Ukraine a quitt\u00e9 l\u2019URSS, le 24\u00a0ao\u00fbt 1991. Chaque ann\u00e9e, depuis 34 ans, nous f\u00eatons ainsi notre ind\u00e9pendance. Mais il est difficile de comprendre <a href=\"https:\/\/www.bienpublic.com\/defense-guerre-conflit\/2025\/08\/19\/guerre-en-ukraine-poutine-serait-pret-a-rencontrer-zelensky-d-ici-deux-semaines\" target=\"_blank\" rel=\"noopener\">l\u2019Ukraine<\/a> d\u2019aujourd\u2019hui sans replonger dans son pass\u00e9. C\u2019est ce que nous ferons dimanche avec des cartes, des photos, et diff\u00e9rents petits reportages.\u00a0\u00bb<\/p>\n<blockquote class=\"question\"><p>Les derni\u00e8res discussions entre les pr\u00e9sidents Trump et Poutine, puis Trump, Zelenski et, entre autres, Macron, vous donnent-elles l\u2019espoir d\u2019une fin rapide du conflit\u00a0?<\/p><\/blockquote>\n<p>\u00ab\u00a0Ce qui me donne de l\u2019espoir, c\u2019est plut\u00f4t le peuple et l\u2019arm\u00e9e ukrainienne. Il ne faut jamais l\u2019oublier\u00a0: les diff\u00e9rents pr\u00e9sidents peuvent parler entre eux, mais m\u00eame pour notre propre pr\u00e9sident, ce qui compte le plus \u00e0 la fin, c\u2019est l\u2019avis du peuple.\u00a0\u00bb<\/p>\n<blockquote class=\"question\"><p>Et que dit le peuple ukrainien\u00a0?<\/p><\/blockquote>\n<p>\u00ab\u00a0Nous savons qu\u2019une paix imm\u00e9diate est impossible, car cela reviendrait \u00e0 se soumettre aux conditions impos\u00e9es par la Russie. Ce que nous attendons, ce sont des propositions concr\u00e8tes du gouvernement sur lesquelles le peuple ukrainien pourra se prononcer.\u00a0\u00bb<\/p>\n<blockquote class=\"question\"><p>Ce mardi apr\u00e8s-midi, le pr\u00e9sident Zelensky a dit non \u00e0 la proposition du pr\u00e9sident Poutine de le recevoir un Moscou. Ce refus vous semble-t-il justifi\u00e9\u00a0?<\/p><\/blockquote>\n<p>\u00ab\u00a0Oui, il me semble que le plus b\u00e9n\u00e9fique serait une rencontre en Europe, en pr\u00e9sence d\u2019autres chefs d\u2019\u00c9tat comme la France, l\u2019Allemagne, le Royaume-Uni\u2026\u00a0\u00bb.<\/p>\n<blockquote class=\"question\"><p>Le pr\u00e9sident fran\u00e7ais vous semble-t-il pouvoir jouer un r\u00f4le particulier de m\u00e9diateur\u00a0?<\/p><\/blockquote>\n<p>\u00ab\u00a0C\u2019est ce qu\u2019il a toujours dit, qu\u2019il se tenait aux c\u00f4t\u00e9s de l\u2019Ukraine, et il me semble suffisamment puissant pour le faire.\u00a0\u00bb<\/p>\n","protected":false},"excerpt":{"rendered":"Depuis quand \u00eates-vous en France\u00a0? \u00ab\u00a0Je suis arriv\u00e9e en 2017, simplement dans l\u2019id\u00e9e de m\u2019installer dans votre pays,&hellip;\n","protected":false},"author":2,"featured_media":329759,"comment_status":"","ping_status":"","sticky":false,"template":"","format":"standard","meta":{"footnotes":""},"categories":[1591],"tags":[11,2931,3206,2930,8587,8588,1887,107,12,316,1885,1886,132,104,1631],"class_list":{"0":"post-329758","1":"post","2":"type-post","3":"status-publish","4":"format-standard","5":"has-post-thumbnail","7":"category-russie","8":"tag-actualites","9":"tag-cote-dor","10":"tag-defense-guerre-conflit","11":"tag-dijon","12":"tag-dijon-ville","13":"tag-edition-dijon-et-son-agglomeration","14":"tag-federation-de-russie","15":"tag-fil-info","16":"tag-news","17":"tag-politique","18":"tag-russia","19":"tag-russian-federation","20":"tag-russie","21":"tag-societe","22":"tag-vie-associative"},"share_on_mastodon":{"url":"https:\/\/pubeurope.com\/@fr\/115056637688425188","error":""},"_links":{"self":[{"href":"https:\/\/www.europesays.com\/fr\/wp-json\/wp\/v2\/posts\/329758","targetHints":{"allow":["GET"]}}],"collection":[{"href":"https:\/\/www.europesays.com\/fr\/wp-json\/wp\/v2\/posts"}],"about":[{"href":"https:\/\/www.europesays.com\/fr\/wp-json\/wp\/v2\/types\/post"}],"author":[{"embeddable":true,"href":"https:\/\/www.europesays.com\/fr\/wp-json\/wp\/v2\/users\/2"}],"replies":[{"embeddable":true,"href":"https:\/\/www.europesays.com\/fr\/wp-json\/wp\/v2\/comments?post=329758"}],"version-history":[{"count":0,"href":"https:\/\/www.europesays.com\/fr\/wp-json\/wp\/v2\/posts\/329758\/revisions"}],"wp:featuredmedia":[{"embeddable":true,"href":"https:\/\/www.europesays.com\/fr\/wp-json\/wp\/v2\/media\/329759"}],"wp:attachment":[{"href":"https:\/\/www.europesays.com\/fr\/wp-json\/wp\/v2\/media?parent=329758"}],"wp:term":[{"taxonomy":"category","embeddable":true,"href":"https:\/\/www.europesays.com\/fr\/wp-json\/wp\/v2\/categories?post=329758"},{"taxonomy":"post_tag","embeddable":true,"href":"https:\/\/www.europesays.com\/fr\/wp-json\/wp\/v2\/tags?post=329758"}],"curies":[{"name":"wp","href":"https:\/\/api.w.org\/{rel}","templated":true}]}}