{"id":329760,"date":"2025-08-19T17:35:29","date_gmt":"2025-08-19T17:35:29","guid":{"rendered":"https:\/\/www.europesays.com\/fr\/329760\/"},"modified":"2025-08-19T17:35:29","modified_gmt":"2025-08-19T17:35:29","slug":"kiev-aurait-propose-a-washington-un-accord-de-100-milliards-de-dollars-finance-par-leurope-en-echange-de-garanties-de-securite","status":"publish","type":"post","link":"https:\/\/www.europesays.com\/fr\/329760\/","title":{"rendered":"Kiev aurait propos\u00e9 \u00e0 Washington un accord de 100 milliards de dollars financ\u00e9 par l\u2019Europe en \u00e9change de garanties de s\u00e9curit\u00e9"},"content":{"rendered":"<p>En plus de cet accord, r\u00e9v\u00e9l\u00e9 par le Financial Times, une coop\u00e9ration \u00e0 hauteur de 50 milliards de dollars entre Kiev et Washington serait pr\u00e9vue pour produire des drones via des entreprises ukrainiennes.<\/p>\n<p class=\"fig-paragraph\">L\u2019Ukraine aurait promis d\u2019acheter des armes am\u00e9ricaines financ\u00e9es par l\u2019Europe pour un montant de 100 milliards de dollars afin d\u2019obtenir des\u00a0<a href=\"http:\/\/www.lefigaro.fr\/international\/rencontre-trump-zelensky-quels-scenarios-pour-des-garanties-de-securite-a-l-ukraine-20250818\" target=\"_blank\" data-fig-type=\"Article\" rel=\"noopener\" data-gtm-custom-categorie=\"navigation\" data-gtm-custom-action=\"crossclick\" data-gtm-custom-label=\"Contextuel\" data-gtm-event=\"customEventSPE\" data-fig-domain=\"LEFIGARO\">garanties de s\u00e9curit\u00e9<\/a>\u00a0de la part des \u00c9tats-Unis apr\u00e8s un accord de paix avec la Russie, selon un document consult\u00e9 par le\u00a0<a href=\"https:\/\/www.ft.com\/content\/8dad9c67-59da-4f38-b43a-3d6ba5f1df57\" target=\"_blank\" rel=\"sponsored noopener\" data-gtm-custom-categorie=\"navigation\" data-gtm-custom-action=\"crossclick\" data-gtm-custom-label=\"Contextuel\" data-gtm-event=\"customEventSPE\">Financial Times<\/a> .<\/p>\n<p class=\"fig-paragraph\">D\u2019apr\u00e8s les propositions mentionn\u00e9es dans ce document, Kiev et Washington concluraient \u00e9galement un accord de 50 milliards de dollars pour produire des\u00a0<a href=\"http:\/\/www.lefigaro.fr\/flash-actu\/guerre-en-ukraine-des-drones-ukrainiens-provoquent-un-incendie-dans-un-depot-petrolier-russe-20250803\" target=\"_blank\" data-fig-type=\"NewsFlash\" rel=\"noopener\" data-gtm-custom-categorie=\"navigation\" data-gtm-custom-action=\"crossclick\" data-gtm-custom-label=\"Contextuel\" data-gtm-event=\"customEventSPE\" data-fig-domain=\"LEFIGARO\">drones<\/a>\u00a0via des entreprises ukrainiennes orient\u00e9es vers la production massive de cette technologie,\u00a0<a href=\"http:\/\/www.lefigaro.fr\/international\/2025-est-le-prologue-d-un-nouveau-type-de-guerre-quand-les-ukrainiens-pressent-l-europe-a-se-preparer-a-une-future-bataille-des-drones-20250806\" target=\"_blank\" data-fig-type=\"Article\" rel=\"noopener\" data-gtm-custom-categorie=\"navigation\" data-gtm-custom-action=\"crossclick\" data-gtm-custom-label=\"Contextuel\" data-gtm-event=\"customEventSPE\" data-fig-domain=\"LEFIGARO\">devenue indispensable sur la ligne de front<\/a>\u00a0depuis trois ans et demi. Fin avril, le vice-ministre ukrainien de la D\u00e9fense Valerii Churkin a ainsi\u00a0<a href=\"https:\/\/kyivindependent.com\/ukraine-uses-over-95-of-domestically-made-drones-at-front-line-defense-ministry-says\/\" target=\"_blank\" rel=\"sponsored noopener\" data-gtm-custom-categorie=\"navigation\" data-gtm-custom-action=\"crossclick\" data-gtm-custom-label=\"Contextuel\" data-gtm-event=\"customEventSPE\">assur\u00e9<\/a>\u00a0que 95% des drones utilis\u00e9s par l\u2019arm\u00e9e ukrainienne \u00e9taient d\u00e9sormais produits dans le pays.<\/p>\n<p>                                    <a class=\"fig-a11y-skip a11y-hidden\" href=\"#fig-a11y-skip-main-inarticle\"><br \/>\n        Passer la publicit\u00e9<br \/>\n    <\/a><\/p>\n<p class=\"fig-paragraph\">Kiev avait partag\u00e9 ces deux propositions d\u2019accords de s\u00e9curit\u00e9 avec les \u00c9tats-Unis dans une liste de points \u00e0 \u00e9voquer avec ses alli\u00e9s europ\u00e9ens en amont de la\u00a0<a href=\"http:\/\/www.lefigaro.fr\/international\/rencontre-poutine-zelensky-garanties-de-securite-ce-qu-il-faut-retenir-du-sommet-a-washington-avec-trump-sur-l-ukraine-20250819\" target=\"_blank\" data-fig-type=\"NewsFlash\" rel=\"noopener\" data-gtm-custom-categorie=\"navigation\" data-gtm-custom-action=\"crossclick\" data-gtm-custom-label=\"Contextuel\" data-gtm-event=\"customEventSPE\" data-fig-domain=\"LEFIGARO\">r\u00e9union<\/a>\u00a0organis\u00e9e lundi \u00e0 la Maison-Blanche entre Donald Trump et sept dirigeants du Vieux Continent, selon quatre personnes proches du dossier interrog\u00e9es par le quotidien britannique.<\/p>\n<p class=\"fig-paragraph\">Le document ne pr\u00e9cise pas quelles armes l\u2019Ukraine souhaite acqu\u00e9rir dans le cadre du premier accord hypoth\u00e9tique, mais Kiev aurait clairement exprim\u00e9 son d\u00e9sir d\u2019acheter au moins 10 syst\u00e8mes de d\u00e9fense a\u00e9rienne Patriot fabriqu\u00e9s aux \u00c9tats-Unis pour prot\u00e9ger ses villes et ses infrastructures critiques, indique le Financial Times. Les syst\u00e8mes Patriot, dont la premi\u00e8re livraison a eu lieu en avril 2023, sont en effet indispensables pour prot\u00e9ger le ciel ukrainien\u00a0: ils sont utilis\u00e9s pour intercepter les missiles de croisi\u00e8re et missiles balistiques russes.<\/p>\n<p>\u00abL\u2019Union europ\u00e9enne paie pour \u00e7a. (&#8230;) Ce sera des affaires pour nous.\u00bb<\/p>\n<p class=\"fig-paragraph\">Plus largement, la proposition ukrainienne de financement par l\u2019Europe d\u2019un accord de 100 milliards de dollars pour acheter des armes am\u00e9ricaines, y compris des missiles et d\u2019autres \u00e9quipements militaires en plus des batteries Patriot, semble \u00eatre faite pour s\u00e9duire Donald Trump en favorisant l\u2019industrie am\u00e9ricaine tout en ne co\u00fbtant rien aux \u00c9tats-Unis. Interrog\u00e9 lundi, Trump a ainsi affirm\u00e9\u00a0: \u00abNous ne donnons rien. Nous vendons des armes\u00bb, rapporte la cha\u00eene d\u2019information\u00a0<a href=\"https:\/\/www.foxnews.com\/politics\/trump-calls-white-house-talks-very-good-early-step-toward-russia-ukraine-peace-heres-whats-next\" target=\"_blank\" rel=\"sponsored noopener\" data-gtm-custom-categorie=\"navigation\" data-gtm-custom-action=\"crossclick\" data-gtm-custom-label=\"Contextuel\" data-gtm-event=\"customEventSPE\">Fox News<\/a> .<\/p>\n<p class=\"fig-paragraph\">Mi-juillet, le pr\u00e9sident r\u00e9publicain avait d\u00e9j\u00e0 tenu des propos similaires en promettant de\u00a0<a href=\"http:\/\/www.lefigaro.fr\/international\/accord-entre-les-usa-et-l-otan-l-ukraine-va-recevoir-un-grand-nombre-d-armes-annonce-trump-20250714\" target=\"_blank\" data-fig-type=\"NewsFlash\" rel=\"noopener\" data-gtm-custom-categorie=\"navigation\" data-gtm-custom-action=\"crossclick\" data-gtm-custom-label=\"Contextuel\" data-gtm-event=\"customEventSPE\" data-fig-domain=\"LEFIGARO\">nouvelles livraisons d\u2019armes<\/a>\u00a0\u00e0 l\u2019Ukraine via l\u2019Otan, notamment des syst\u00e8mes Patriot. \u00abC\u2019est une tr\u00e8s grosse affaire que nous avons conclue. Des \u00e9quipements militaires d\u2019une valeur de plusieurs milliards de dollars vont \u00eatre achet\u00e9s aux \u00c9tats-Unis, aller \u00e0 l\u2019Otan, etc. et seront rapidement distribu\u00e9s sur le champ de bataille\u00bb, avait-il d\u00e9clar\u00e9 en soulignant que cela ne co\u00fbterait pas un centime aux \u00c9tats-Unis. \u00abIls [les Ukrainiens, NDLR] ont besoin de protection. Mais l\u2019Union europ\u00e9enne paie pour \u00e7a. Nous ne payons rien (&#8230;). Ce sera des affaires pour nous, et nous leur enverrons des Patriots dont ils ont d\u00e9sesp\u00e9r\u00e9ment besoin\u00bb, avait\u00a0<a href=\"http:\/\/www.lefigaro.fr\/international\/les-etats-unis-vont-finalement-envoyer-des-systemes-antiaeriens-patriot-a-l-ukraine-20250714\" target=\"_blank\" data-fig-type=\"NewsFlash\" rel=\"noopener\" data-gtm-custom-categorie=\"navigation\" data-gtm-custom-action=\"crossclick\" data-gtm-custom-label=\"Contextuel\" data-gtm-event=\"customEventSPE\" data-fig-domain=\"LEFIGARO\">surench\u00e9ri<\/a>\u00a0Donald Trump.<\/p>\n<p class=\"fig-paragraph\">Une explication on ne peut plus limpide\u00a0: si l\u2019accord de 100 milliards de dollars, apparemment sur la table avant la r\u00e9union d\u2019hier \u00e0 Washington, \u00e9tait formalis\u00e9, les Europ\u00e9ens auraient \u00e0 nouveau \u00e0 mettre la main \u00e0 la poche, dans des proportions in\u00e9dites jusqu\u2019ici. Selon l\u2019<a href=\"https:\/\/www.ifw-kiel.de\/publications\/news\/ukraine-support-tracker-europe-now-leading-spender-on-weapons-production-for-ukraine\/\" target=\"_blank\" rel=\"sponsored noopener\" data-gtm-custom-categorie=\"navigation\" data-gtm-custom-action=\"crossclick\" data-gtm-custom-label=\"Contextuel\" data-gtm-event=\"customEventSPE\">Ukraine Support Tracker<\/a> \u00a0de l\u2019Institut de Kiel pour l\u2019\u00e9conomie mondiale, un think-tank allemand, entre le 24 f\u00e9vrier 2022 et juin 2025, l\u2019Europe a allou\u00e9 au moins 35,1 milliards d\u2019euros d\u2019aide militaire \u00e0 l\u2019Ukraine via des achats de mat\u00e9riel de d\u00e9fense, soit 4,4 milliards d\u2019euros de plus que les \u00c9tats-Unis.<\/p>\n","protected":false},"excerpt":{"rendered":"En plus de cet accord, r\u00e9v\u00e9l\u00e9 par le Financial Times, une coop\u00e9ration \u00e0 hauteur de 50 milliards de&hellip;\n","protected":false},"author":2,"featured_media":329761,"comment_status":"","ping_status":"","sticky":false,"template":"","format":"standard","meta":{"footnotes":""},"categories":[1590],"tags":[11,73,1777,674,131,12,1778,220],"class_list":{"0":"post-329760","1":"post","2":"type-post","3":"status-publish","4":"format-standard","5":"has-post-thumbnail","7":"category-ukraine","8":"tag-actualites","9":"tag-etats-unis","10":"tag-eu","11":"tag-europe","12":"tag-guerre-en-ukraine","13":"tag-news","14":"tag-ue","15":"tag-ukraine"},"share_on_mastodon":{"url":"https:\/\/pubeurope.com\/@fr\/115056641539806892","error":""},"_links":{"self":[{"href":"https:\/\/www.europesays.com\/fr\/wp-json\/wp\/v2\/posts\/329760","targetHints":{"allow":["GET"]}}],"collection":[{"href":"https:\/\/www.europesays.com\/fr\/wp-json\/wp\/v2\/posts"}],"about":[{"href":"https:\/\/www.europesays.com\/fr\/wp-json\/wp\/v2\/types\/post"}],"author":[{"embeddable":true,"href":"https:\/\/www.europesays.com\/fr\/wp-json\/wp\/v2\/users\/2"}],"replies":[{"embeddable":true,"href":"https:\/\/www.europesays.com\/fr\/wp-json\/wp\/v2\/comments?post=329760"}],"version-history":[{"count":0,"href":"https:\/\/www.europesays.com\/fr\/wp-json\/wp\/v2\/posts\/329760\/revisions"}],"wp:featuredmedia":[{"embeddable":true,"href":"https:\/\/www.europesays.com\/fr\/wp-json\/wp\/v2\/media\/329761"}],"wp:attachment":[{"href":"https:\/\/www.europesays.com\/fr\/wp-json\/wp\/v2\/media?parent=329760"}],"wp:term":[{"taxonomy":"category","embeddable":true,"href":"https:\/\/www.europesays.com\/fr\/wp-json\/wp\/v2\/categories?post=329760"},{"taxonomy":"post_tag","embeddable":true,"href":"https:\/\/www.europesays.com\/fr\/wp-json\/wp\/v2\/tags?post=329760"}],"curies":[{"name":"wp","href":"https:\/\/api.w.org\/{rel}","templated":true}]}}