{"id":329765,"date":"2025-08-19T17:38:18","date_gmt":"2025-08-19T17:38:18","guid":{"rendered":"https:\/\/www.europesays.com\/fr\/329765\/"},"modified":"2025-08-19T17:38:18","modified_gmt":"2025-08-19T17:38:18","slug":"le-suspect-de-lattaque-dans-un-marche-de-noel-en-allemagne-est-accuse-de-meurtre","status":"publish","type":"post","link":"https:\/\/www.europesays.com\/fr\/329765\/","title":{"rendered":"Le suspect de l&rsquo;attaque dans un march\u00e9 de No\u00ebl en Allemagne est accus\u00e9 de meurtre"},"content":{"rendered":"<p>Le suspect de l&rsquo;attaque meurtri\u00e8re \u00e0 la voiture-b\u00e9lier dans un march\u00e9 de No\u00ebl de Magdebourg, en Allemagne, a \u00e9t\u00e9 inculp\u00e9 de meurtre, de tentative de meurtre ainsi que de coups et blessures, ont annonc\u00e9 mardi les procureurs. Il aurait tent\u00e9 de tuer le plus de personnes possible.<\/p>\n<p>Lors de l&rsquo;attaque du 20 d\u00e9cembre dernier, qui a dur\u00e9 un peu plus d&rsquo;une minute, cinq femmes et un gar\u00e7on ont \u00e9t\u00e9 tu\u00e9s, et de nombreuses autres personnes ont \u00e9t\u00e9 bless\u00e9es.<\/p>\n<p>Les autorit\u00e9s ont identifi\u00e9 le suspect comme \u00e9tant un m\u00e9decin saoudien de 50 ans, arriv\u00e9 en Allemagne en 2006 et titulaire d&rsquo;un permis de r\u00e9sidence permanente. Son nom n&rsquo;a pas \u00e9t\u00e9 officiellement divulgu\u00e9, conform\u00e9ment aux r\u00e8gles allemandes relatives \u00e0 la protection de la vie priv\u00e9e.<\/p>\n<p>Dans un acte d&rsquo;accusation d\u00e9pos\u00e9 aupr\u00e8s du tribunal d&rsquo;\u00c9tat de Magdebourg, les procureurs indiquent qu&rsquo;il est inculp\u00e9 de six chefs de meurtre, de 338 chefs de tentative de meurtre et de 309 chefs de coups et blessures. Il est \u00e9galement accus\u00e9 d&rsquo;entrave dangereuse \u00e0 la circulation routi\u00e8re.<\/p>\n<p>Les accusations de meurtre sont passibles d&rsquo;une peine maximale d&#8217;emprisonnement \u00e0 perp\u00e9tuit\u00e9. Le tribunal de Magdebourg d\u00e9cidera s&rsquo;il y a lieu de renvoyer l&rsquo;affaire en proc\u00e8s.<\/p>\n<p>Les procureurs ont indiqu\u00e9 que l&rsquo;homme n&rsquo;\u00e9tait pas sous l&#8217;emprise de l&rsquo;alcool et qu&rsquo;il aurait commis l&rsquo;attaque \u00abpar m\u00e9contentement et frustration face au d\u00e9roulement et \u00e0 l&rsquo;issue d&rsquo;un litige civil et \u00e0 l&rsquo;\u00e9chec de plusieurs plaintes p\u00e9nales\u00bb.<\/p>\n<p>Il aurait voulu tuer le plus de personnes possible et aurait pass\u00e9 plusieurs semaines \u00e0 pr\u00e9parer l&rsquo;attaque, sans que personne d&rsquo;autre ne soit au courant de ses plans. L&rsquo;attaque a \u00e9t\u00e9 perp\u00e9tr\u00e9e au volant d&rsquo;une BMW X3 de location, qui a atteint une vitesse de 48 km\/h lors du carnage.<\/p>\n<p>Les autorit\u00e9s ont affirm\u00e9 que l&rsquo;homme se pr\u00e9sentait comme un ex-musulman tr\u00e8s critique envers l&rsquo;islam et qui, sur les r\u00e9seaux sociaux, avait exprim\u00e9 son soutien \u00e0 l&rsquo;extr\u00eame droite.<\/p>\n<p>Le suspect avait d\u00e9j\u00e0 attir\u00e9 l&rsquo;attention des autorit\u00e9s pour des menaces, mais n&rsquo;avait commis aucun acte de violence.<\/p>\n<p>The Associated Press<\/p>\n","protected":false},"excerpt":{"rendered":"Le suspect de l&rsquo;attaque meurtri\u00e8re \u00e0 la voiture-b\u00e9lier dans un march\u00e9 de No\u00ebl de Magdebourg, en Allemagne, a&hellip;\n","protected":false},"author":2,"featured_media":329766,"comment_status":"","ping_status":"","sticky":false,"template":"","format":"standard","meta":{"footnotes":""},"categories":[1587],"tags":[20267,11,672,1804,1805,1803,1777,674,1801,46717,12,46718,1802,16022,5118],"class_list":{"0":"post-329765","1":"post","2":"type-post","3":"status-publish","4":"format-standard","5":"has-post-thumbnail","7":"category-allemagne","8":"tag-acte-de-violence","9":"tag-actualites","10":"tag-allemagne","11":"tag-bundesrepublik-deutschland","12":"tag-de","13":"tag-deutschland","14":"tag-eu","15":"tag-europe","16":"tag-germany","17":"tag-magdebourg","18":"tag-news","19":"tag-protection-de-la-vie-privee","20":"tag-republique-federale-dallemagne","21":"tag-suspect","22":"tag-tentative-de-meurtre"},"share_on_mastodon":{"url":"https:\/\/pubeurope.com\/@fr\/115056653288347363","error":""},"_links":{"self":[{"href":"https:\/\/www.europesays.com\/fr\/wp-json\/wp\/v2\/posts\/329765","targetHints":{"allow":["GET"]}}],"collection":[{"href":"https:\/\/www.europesays.com\/fr\/wp-json\/wp\/v2\/posts"}],"about":[{"href":"https:\/\/www.europesays.com\/fr\/wp-json\/wp\/v2\/types\/post"}],"author":[{"embeddable":true,"href":"https:\/\/www.europesays.com\/fr\/wp-json\/wp\/v2\/users\/2"}],"replies":[{"embeddable":true,"href":"https:\/\/www.europesays.com\/fr\/wp-json\/wp\/v2\/comments?post=329765"}],"version-history":[{"count":0,"href":"https:\/\/www.europesays.com\/fr\/wp-json\/wp\/v2\/posts\/329765\/revisions"}],"wp:featuredmedia":[{"embeddable":true,"href":"https:\/\/www.europesays.com\/fr\/wp-json\/wp\/v2\/media\/329766"}],"wp:attachment":[{"href":"https:\/\/www.europesays.com\/fr\/wp-json\/wp\/v2\/media?parent=329765"}],"wp:term":[{"taxonomy":"category","embeddable":true,"href":"https:\/\/www.europesays.com\/fr\/wp-json\/wp\/v2\/categories?post=329765"},{"taxonomy":"post_tag","embeddable":true,"href":"https:\/\/www.europesays.com\/fr\/wp-json\/wp\/v2\/tags?post=329765"}],"curies":[{"name":"wp","href":"https:\/\/api.w.org\/{rel}","templated":true}]}}