{"id":329767,"date":"2025-08-19T17:39:21","date_gmt":"2025-08-19T17:39:21","guid":{"rendered":"https:\/\/www.europesays.com\/fr\/329767\/"},"modified":"2025-08-19T17:39:21","modified_gmt":"2025-08-19T17:39:21","slug":"leurope-finit-dans-le-vert-les-negociations-sur-lukraine-se-poursuivent-19-08-2025-a-1904","status":"publish","type":"post","link":"https:\/\/www.europesays.com\/fr\/329767\/","title":{"rendered":"L&rsquo;Europe finit dans le vert, les n\u00e9gociations sur l&rsquo;Ukraine se poursuivent &#8211; 19\/08\/2025 \u00e0 19:04"},"content":{"rendered":"<p>        <img fetchpriority=\"high\" decoding=\"async\" src=\"https:\/\/www.europesays.com\/fr\/wp-content\/uploads\/2025\/08\/e2bb33138d91a169f309afc32e67e537-760x507.jpg\" alt=\"La bourse Euronext dans le quartier d'affaires de La D\u00e9fense \u00e0 Paris\" loading=\"eager\" width=\"760\" height=\"507\" style=\"max-width: 100%!important; height: auto;\"\/><\/p>\n<p class=\"c-image-news__legend\">La bourse Euronext dans le quartier d&rsquo;affaires de La D\u00e9fense \u00e0 Paris<\/p>\n<p>\n par Mara  Vilcu\n<\/p>\n<p>\n Les Bourses europ\u00e9ennes ont termin\u00e9 dans le vert mardi, alors que les n\u00e9gociations diplomatiques se poursuivent pour mettre fin au conflit en Ukraine et que les investisseurs attendent aussi avec impatience le symposium de la R\u00e9serve f\u00e9d\u00e9rale (Fed) \u00e0 Jackson Hole.\n<\/p>\n<p>\n \u00c0 Paris, le CAC 40 a gagn\u00e9 1,21% \u00e0 7.979,08 points. A Francfort, le Dax a avanc\u00e9 de 0,50% et \u00e0 Londres, le FTSE 100 a mont\u00e9 de 0,34%.\n<\/p>\n<p>\n L&rsquo;indice EuroStoxx 50 a gagn\u00e9 0,94%, le FTSEurofirst 300 a progress\u00e9 de 0,69% et le Stoxx 600 a avanc\u00e9 de 0,73%.\n<\/p>\n<p>\n Ce mardi, les yeux se sont tourn\u00e9s encore vers le front commercial.\n<\/p>\n<p>\n Trois jours apr\u00e8s un sommet bilat\u00e9ral avec le pr\u00e9sident russe Vladimir Poutine en Alaska, lors duquel aucun cessez-le-feu en Ukraine n&rsquo;a \u00e9t\u00e9 convenu, Donald Trump a organis\u00e9 lundi des discussions \u00e0 Washington avec le pr\u00e9sident ukrainien Volodimir Zelensky et plusieurs dirigeants europ\u00e9ens.\n<\/p>\n<p>\n Les Europ\u00e9ens, qui se sont r\u00e9unis \u00e0 nouveau mardi en vid\u00e9oconf\u00e9rence pour faire le point sur les discussions de la veille, restent vigilants pour qu&rsquo;aucun accord au d\u00e9triment de Kyiv et de ses soutiens ne soit scell\u00e9 entre Donald Trump et Vladimir Poutine.\n<\/p>\n<p>\n Le locataire de la Maison blanche a annonc\u00e9 pr\u00e9parer une rencontre entre le pr\u00e9sident russe et son homologue ukrainien, qui pourrait avoir lieu d&rsquo;ici deux semaines selon le chancelier allemand Friedrich Merz.\n<\/p>\n<p>\n En dehors du plan g\u00e9opolitique, l&rsquo;\u00e9v\u00e9nement cl\u00e9 de la semaine sera le symposium de la R\u00e9serve f\u00e9d\u00e9rale am\u00e9ricaine (Fed) qui se tiendra \u00e0 Jackson Hole du 21 au 23 ao\u00fbt. Le pr\u00e9sident de l&rsquo;institution Jerome Powell devrait s&rsquo;exprimer vendredi sur les perspectives \u00e9conomiques et le cadre politique de la banque centrale.\n<\/p>\n<p>\n Ses propos seront suivis de pr\u00e8s alors que la Fed est pr\u00e9occup\u00e9e par une inflation persistante et des signes de ralentissement de la croissance. Les march\u00e9s \u00e0 terme tablent sur au moins deux baisses de taux de 25 points de base cette ann\u00e9e, refl\u00e9tant l&rsquo;id\u00e9e que la Fed donnera la priorit\u00e9 \u00e0 la croissance \u00e9conomique.\n<\/p>\n<p>\n \u00ab\u00a0La question est de savoir dans quelle mesure la Fed est pr\u00eate \u00e0 ignorer les donn\u00e9es sur l&rsquo;inflation parce qu&rsquo;elle estime qu&rsquo;elles sont fauss\u00e9es par les droits de douane\u00a0\u00bb, estime Ian Samson, gestionnaire de portefeuille chez Fidelity International.\n<\/p>\n<p>\n VALEURS\n<\/p>\n<p>\n Le secteur europ\u00e9en de la d\u00e9fense a recul\u00e9 avec les avanc\u00e9es sur les n\u00e9gociations sur le conflit en Ukraine.\n<\/p>\n<p>\n Leonardo a abandonn\u00e9 10,16%, Rheinmetall a perdu 4,85%, Dassault Aviation a c\u00e9d\u00e9 3,10% et Thales a recul\u00e9 de 4,11%.\n<\/p>\n<p>\n \u00ab\u00a0La rencontre Zelensky-Trump a peut-\u00eatre aliment\u00e9 les sp\u00e9culations sur un assouplissement de la position sur le conflit ukrainien mais je consid\u00e8re la baisse d&rsquo;aujourd&rsquo;hui davantage comme une r\u00e9action \u00e0 court terme que comme un changement des fondamentaux\u00a0\u00bb, note Marcus Gavelli, analyste chez Pareto Securities.\n<\/p>\n<p>\n A WALL STREET\n<\/p>\n<p>\n \u00c0 l&rsquo;heure de la cl\u00f4ture en Europe, les \u00e9changes \u00e0 la Bourse de New York indiquaient une baisse de 0,01% pour le Dow Jones, de 0,40% pour le Standard &amp; Poor&rsquo;s 500 et de 1,04% pour le Nasdaq Composite.\n<\/p>\n<p>\n CHANGES\n<\/p>\n<p>\n Le dollar est en petite hausse apr\u00e8s avoir baiss\u00e9 plus t\u00f4t dans la journ\u00e9e, alors que les cambistes attendent le discours de Jerome Powell \u00e0 Jackson Hole.\n<\/p>\n<p>\n Le dollar gagne 0,03% face \u00e0 un panier de devises de r\u00e9f\u00e9rence.\n<\/p>\n<p>\n L&rsquo;euro gagne 0,01% \u00e0 1,1661 dollar.\n<\/p>\n<p>\n TAUX\n<\/p>\n<p>\n Les rendements am\u00e9ricains sont en baisse, en amont du symposium de Jackson Hole.\n<\/p>\n<p>\n Le rendement des Treasuries \u00e0 dix ans abandonne 2,7 points de base \u00e0 4,3121%. Le deux ans perd 2,1 points de base \u00e0 3,7522%.\n<\/p>\n<p>\n P\u00c9TROLE\n<\/p>\n<p>\n Les prix du p\u00e9trole baissent, les investisseurs \u00e9valuant les implications des n\u00e9gociations en cours sur l&rsquo;Ukraine pour le march\u00e9 p\u00e9trolier. Une \u00e9ventuelle fin du conflit pourrait conduire \u00e0 une lev\u00e9e des sanctions occidentales sur le p\u00e9trole russe, ce qui augmenterait l&rsquo;offre.\n<\/p>\n<p>\n Le Brent abandonne 0,83% \u00e0 66,05 dollars le baril et le brut l\u00e9ger am\u00e9ricain (West Texas Intermediate, WTI) recule de 1,09% \u00e0 62,73 dollars.\n<\/p>\n<p>\n (R\u00e9dig\u00e9 par Mara V\u00eelcu, \u00e9dit\u00e9 par Augustin Turpin)<\/p>\n","protected":false},"excerpt":{"rendered":"La bourse Euronext dans le quartier d&rsquo;affaires de La D\u00e9fense \u00e0 Paris par Mara Vilcu Les Bourses europ\u00e9ennes&hellip;\n","protected":false},"author":2,"featured_media":329768,"comment_status":"","ping_status":"","sticky":false,"template":"","format":"standard","meta":{"footnotes":""},"categories":[1586],"tags":[400,11,398,408,405,1777,674,1011,27,403,402,399,404,12,25,401,406,407],"class_list":{"0":"post-329767","1":"post","2":"type-post","3":"status-publish","4":"format-standard","5":"has-post-thumbnail","7":"category-europe","8":"tag-action-cac-40","9":"tag-actualites","10":"tag-bourse-de-paris","11":"tag-boursorama","12":"tag-cotations","13":"tag-eu","14":"tag-europe","15":"tag-fr","16":"tag-france","17":"tag-indices-devises","18":"tag-investir","19":"tag-investissement","20":"tag-marche-boursier","21":"tag-news","22":"tag-republique-francaise","23":"tag-sicav","24":"tag-trackers","25":"tag-warrants"},"share_on_mastodon":{"url":"https:\/\/pubeurope.com\/@fr\/115056657419014645","error":""},"_links":{"self":[{"href":"https:\/\/www.europesays.com\/fr\/wp-json\/wp\/v2\/posts\/329767","targetHints":{"allow":["GET"]}}],"collection":[{"href":"https:\/\/www.europesays.com\/fr\/wp-json\/wp\/v2\/posts"}],"about":[{"href":"https:\/\/www.europesays.com\/fr\/wp-json\/wp\/v2\/types\/post"}],"author":[{"embeddable":true,"href":"https:\/\/www.europesays.com\/fr\/wp-json\/wp\/v2\/users\/2"}],"replies":[{"embeddable":true,"href":"https:\/\/www.europesays.com\/fr\/wp-json\/wp\/v2\/comments?post=329767"}],"version-history":[{"count":0,"href":"https:\/\/www.europesays.com\/fr\/wp-json\/wp\/v2\/posts\/329767\/revisions"}],"wp:featuredmedia":[{"embeddable":true,"href":"https:\/\/www.europesays.com\/fr\/wp-json\/wp\/v2\/media\/329768"}],"wp:attachment":[{"href":"https:\/\/www.europesays.com\/fr\/wp-json\/wp\/v2\/media?parent=329767"}],"wp:term":[{"taxonomy":"category","embeddable":true,"href":"https:\/\/www.europesays.com\/fr\/wp-json\/wp\/v2\/categories?post=329767"},{"taxonomy":"post_tag","embeddable":true,"href":"https:\/\/www.europesays.com\/fr\/wp-json\/wp\/v2\/tags?post=329767"}],"curies":[{"name":"wp","href":"https:\/\/api.w.org\/{rel}","templated":true}]}}