{"id":329769,"date":"2025-08-19T17:40:13","date_gmt":"2025-08-19T17:40:13","guid":{"rendered":"https:\/\/www.europesays.com\/fr\/329769\/"},"modified":"2025-08-19T17:40:13","modified_gmt":"2025-08-19T17:40:13","slug":"story-3-coalition-ue-macron-sactive-a-bregancon","status":"publish","type":"post","link":"https:\/\/www.europesays.com\/fr\/329769\/","title":{"rendered":"Story 3 : Coalition\/UE, Macron s&rsquo;active \u00e0 Br\u00e9gan\u00e7on"},"content":{"rendered":"<p>Story 3 : Coalition\/UE, Macron s&rsquo;active \u00e0 Br\u00e9gan\u00e7on &#8211; 19\/08Sur le m\u00eame sujet<a href=\"https:\/\/www.bfmtv.com\/replay-emissions\/bfm-story\/video-story-4-macron-le-pays-a-besoin-de-stabilite-19-08_VN-202508190500.html\" title=\"Story 4 : Macron, &quot;Le pays a besoin de stabilit\u00e9&quot; - 19\/08\" rel=\"nofollow noopener\" target=\"_blank\"><img width=\"16\" height=\"9\" class=\"lozad\"  alt=\"Story 4 : Macron, &quot;Le pays a besoin de stabilit\u00e9&quot; - 19\/08\"\/>19:33Story 4 : Macron, \u00ab\u00a0Le pays a besoin de stabilit\u00e9\u00a0\u00bb &#8211; 19\/08<\/a><a href=\"https:\/\/www.bfmtv.com\/replay-emissions\/bfm-story\/video-story-5-gard-un-toit-endommage-par-la-foudre-19-08_VN-202508190497.html\" title=\"Story 5 : Gard, un toit endommag\u00e9 par la foudre - 19\/08\" rel=\"nofollow noopener\" target=\"_blank\"><img width=\"16\" height=\"9\" class=\"lozad\"  alt=\"Story 5 : Gard, un toit endommag\u00e9 par la foudre - 19\/08\"\/>3:40Story 5 : Gard, un toit endommag\u00e9 par la foudre &#8211; 19\/08<\/a><a href=\"https:\/\/www.bfmtv.com\/replay-emissions\/bfm-story\/video-story-3-coalition-ue-macron-s-active-a-bregancon-19-08_VN-202508190485.html\" title=\"Story 3 : Coalition\/UE, Macron s&#039;active \u00e0 Br\u00e9gan\u00e7on - 19\/08\" rel=\"nofollow noopener\" target=\"_blank\"><img width=\"16\" height=\"9\" class=\"lozad\"  alt=\"Story 3 : Coalition\/UE, Macron s'active \u00e0 Br\u00e9gan\u00e7on - 19\/08\"\/>en lectureStory 3 : Coalition\/UE, Macron s&rsquo;active \u00e0 Br\u00e9gan\u00e7on &#8211; 19\/08<\/a><a href=\"https:\/\/www.bfmtv.com\/replay-emissions\/bfm-story\/video-story-2-ce-que-l-on-sait-sur-la-mort-du-streameur-jeanpormanove-19-08_VN-202508190467.html\" title=\"Story 2 : Ce que l&#039;on sait sur la mort du streameur Jeanpormanove - 19\/08\" rel=\"nofollow noopener\" target=\"_blank\"><img width=\"16\" height=\"9\" class=\"lozad\"  alt=\"Story 2 : Ce que l'on sait sur la mort du streameur Jeanpormanove - 19\/08\"\/>19:19Story 2 : Ce que l&rsquo;on sait sur la mort du streameur Jeanpormanove &#8211; 19\/08<\/a><a href=\"https:\/\/www.bfmtv.com\/replay-emissions\/bfm-story\/video-story-1-pluie-et-orages-quatre-departements-en-orange-19-08_VN-202508190456.html\" title=\"Story 1 : Pluie et orages, quatre d\u00e9partements en orange - 19\/08\" rel=\"nofollow noopener\" target=\"_blank\"><img width=\"16\" height=\"9\" class=\"lozad\"  alt=\"Story 1 : Pluie et orages, quatre d\u00e9partements en orange - 19\/08\"\/>2:26Story 1 : Pluie et orages, quatre d\u00e9partements en orange &#8211; 19\/08<\/a><a href=\"https:\/\/www.bfmtv.com\/replay-emissions\/bfm-story\/video-edition-speciale-ukraine-le-sommet-decisif-18-08_VN-202508180496.html\" title=\"\u00c9dition sp\u00e9ciale : Ukraine, le sommet d\u00e9cisif - 18\/08\" rel=\"nofollow noopener\" target=\"_blank\"><img width=\"16\" height=\"9\" class=\"lozad\"  alt=\"\u00c9dition sp\u00e9ciale : Ukraine, le sommet d\u00e9cisif - 18\/08\"\/>3:01:00\u00c9dition sp\u00e9ciale : Ukraine, le sommet d\u00e9cisif &#8211; 18\/08<\/a><a href=\"https:\/\/www.bfmtv.com\/replay-emissions\/bfm-story\/video-edition-speciale-sommet-trump-poutine-en-alaska-un-face-a-face-historique-15-08_VN-202508150436.html\" title=\"\u00c9dition Sp\u00e9ciale : Sommet Trump\/Poutine en Alaska, un face-\u00e0-face historique - 15\/08\" rel=\"nofollow noopener\" target=\"_blank\"><img width=\"16\" height=\"9\" class=\"lozad\"  alt=\"\u00c9dition Sp\u00e9ciale : Sommet Trump\/Poutine en Alaska, un face-\u00e0-face historique - 15\/08\"\/>1:05:14\u00c9dition Sp\u00e9ciale : Sommet Trump\/Poutine en Alaska, un face-\u00e0-face historique &#8211; 15\/08<\/a><a href=\"https:\/\/www.bfmtv.com\/replay-emissions\/bfm-story\/video-story-2-choisy-le-roi-le-mystere-des-cadavres-dans-la-seine-15-08_VN-202508150395.html\" title=\"Story 2 : Choisy-le-Roi, le myst\u00e8re des cadavres dans la Seine - 15\/08\" rel=\"nofollow noopener\" target=\"_blank\"><img width=\"16\" height=\"9\" class=\"lozad\"  alt=\"Story 2 : Choisy-le-Roi, le myst\u00e8re des cadavres dans la Seine - 15\/08\"\/>11:48Story 2 : Choisy-le-Roi, le myst\u00e8re des cadavres dans la Seine &#8211; 15\/08<\/a><a href=\"https:\/\/www.bfmtv.com\/replay-emissions\/bfm-story\/video-story-1-l-olivier-a-la-memoire-d-ilan-halimi-abattu-15-08_VN-202508150392.html\" title=\"Story 1 : L&#039;olivier \u00e0 la m\u00e9moire d&#039;Ilan Halimi abattu - 15\/08\" rel=\"nofollow noopener\" target=\"_blank\"><img width=\"16\" height=\"9\" class=\"lozad\"  alt=\"Story 1 : L'olivier \u00e0 la m\u00e9moire d'Ilan Halimi abattu - 15\/08\"\/>11:57Story 1 : L&rsquo;olivier \u00e0 la m\u00e9moire d&rsquo;Ilan Halimi abattu &#8211; 15\/08<\/a><a href=\"https:\/\/www.bfmtv.com\/replay-emissions\/bfm-story\/video-edition-speciale-sommet-trump-poutine-bfmtv-en-alaska-15-08_VN-202508150389.html\" title=\"\u00c9dition Sp\u00e9ciale : Sommet Trump\/Poutine, BFMTV en Alaska - 15\/08\" rel=\"nofollow noopener\" target=\"_blank\"><img width=\"16\" height=\"9\" class=\"lozad\"  alt=\"\u00c9dition Sp\u00e9ciale : Sommet Trump\/Poutine, BFMTV en Alaska - 15\/08\"\/>24:43\u00c9dition Sp\u00e9ciale : Sommet Trump\/Poutine, BFMTV en Alaska &#8211; 15\/08<\/a><a href=\"https:\/\/www.bfmtv.com\/replay-emissions\/bfm-story\/video-story-6-vers-un-autre-sommet-trump-poutine-zelensky-14-08_VN-202508140505.html\" title=\"Story 6 : Vers un autre sommet Trump\/Poutine\/Zelensky ? - 14\/08\" rel=\"nofollow noopener\" target=\"_blank\"><img width=\"16\" height=\"9\" class=\"lozad\"  alt=\"Story 6 : Vers un autre sommet Trump\/Poutine\/Zelensky ? - 14\/08\"\/>22:59Story 6 : Vers un autre sommet Trump\/Poutine\/Zelensky ? &#8211; 14\/08<\/a><a href=\"https:\/\/www.bfmtv.com\/replay-emissions\/bfm-story\/video-story-5-alaska-un-tete-a-tete-pour-les-livres-d-histoire-14-08_VN-202508140496.html\" title=\"Story 5 : Alaska, un t\u00eate-\u00e0-t\u00eate pour les livres d&#039;histoire - 14\/08\" rel=\"nofollow noopener\" target=\"_blank\"><img width=\"16\" height=\"9\" class=\"lozad\"  alt=\"Story 5 : Alaska, un t\u00eate-\u00e0-t\u00eate pour les livres d'histoire - 14\/08\"\/>29:07Story 5 : Alaska, un t\u00eate-\u00e0-t\u00eate pour les livres d&rsquo;histoire &#8211; 14\/08<\/a><a href=\"https:\/\/www.bfmtv.com\/replay-emissions\/bfm-story\/video-story-4-a-nice-eric-ciotti-soupconne-de-fichage-illegal-14-08_VN-202508140493.html\" title=\"Story 4 : \u00c0 Nice, \u00c9ric Ciotti soup\u00e7onn\u00e9 de fichage ill\u00e9gal - 14\/08\" rel=\"nofollow noopener\" target=\"_blank\"><img width=\"16\" height=\"9\" class=\"lozad\"  alt=\"Story 4 : \u00c0 Nice, \u00c9ric Ciotti soup\u00e7onn\u00e9 de fichage ill\u00e9gal - 14\/08\"\/>12:01Story 4 : \u00c0 Nice, \u00c9ric Ciotti soup\u00e7onn\u00e9 de fichage ill\u00e9gal &#8211; 14\/08<\/a><a href=\"https:\/\/www.bfmtv.com\/replay-emissions\/bfm-story\/video-story-3-la-projection-de-barbie-annulee-a-noisy-le-sec-14-08_VN-202508140474.html\" title=\"Story 3 : La projection de &quot;Barbie&quot; annul\u00e9e \u00e0 Noisy-le-Sec - 14\/08\" rel=\"nofollow noopener\" target=\"_blank\"><img width=\"16\" height=\"9\" class=\"lozad\"  alt=\"Story 3 : La projection de &quot;Barbie&quot; annul\u00e9e \u00e0 Noisy-le-Sec - 14\/08\"\/>18:11Story 3 : La projection de \u00ab\u00a0Barbie\u00a0\u00bb annul\u00e9e \u00e0 Noisy-le-Sec &#8211; 14\/08<\/a><a class=\"jumpToVideo\" target=\"_blank\"><img class=\"thumbnailPreview\"\/><\/a><\/p>\n","protected":false},"excerpt":{"rendered":"Story 3 : Coalition\/UE, Macron s&rsquo;active \u00e0 Br\u00e9gan\u00e7on &#8211; 19\/08Sur le m\u00eame sujet19:33Story 4 : Macron, \u00ab\u00a0Le pays&hellip;\n","protected":false},"author":2,"featured_media":329770,"comment_status":"","ping_status":"","sticky":false,"template":"","format":"standard","meta":{"footnotes":""},"categories":[1586],"tags":[11,1777,674,1779,1011,27,12,25,1778,364],"class_list":{"0":"post-329769","1":"post","2":"type-post","3":"status-publish","4":"format-standard","5":"has-post-thumbnail","7":"category-europe","8":"tag-actualites","9":"tag-eu","10":"tag-europe","11":"tag-european-union","12":"tag-fr","13":"tag-france","14":"tag-news","15":"tag-republique-francaise","16":"tag-ue","17":"tag-union-europeenne"},"share_on_mastodon":{"url":"https:\/\/pubeurope.com\/@fr\/115056661163503730","error":""},"_links":{"self":[{"href":"https:\/\/www.europesays.com\/fr\/wp-json\/wp\/v2\/posts\/329769","targetHints":{"allow":["GET"]}}],"collection":[{"href":"https:\/\/www.europesays.com\/fr\/wp-json\/wp\/v2\/posts"}],"about":[{"href":"https:\/\/www.europesays.com\/fr\/wp-json\/wp\/v2\/types\/post"}],"author":[{"embeddable":true,"href":"https:\/\/www.europesays.com\/fr\/wp-json\/wp\/v2\/users\/2"}],"replies":[{"embeddable":true,"href":"https:\/\/www.europesays.com\/fr\/wp-json\/wp\/v2\/comments?post=329769"}],"version-history":[{"count":0,"href":"https:\/\/www.europesays.com\/fr\/wp-json\/wp\/v2\/posts\/329769\/revisions"}],"wp:featuredmedia":[{"embeddable":true,"href":"https:\/\/www.europesays.com\/fr\/wp-json\/wp\/v2\/media\/329770"}],"wp:attachment":[{"href":"https:\/\/www.europesays.com\/fr\/wp-json\/wp\/v2\/media?parent=329769"}],"wp:term":[{"taxonomy":"category","embeddable":true,"href":"https:\/\/www.europesays.com\/fr\/wp-json\/wp\/v2\/categories?post=329769"},{"taxonomy":"post_tag","embeddable":true,"href":"https:\/\/www.europesays.com\/fr\/wp-json\/wp\/v2\/tags?post=329769"}],"curies":[{"name":"wp","href":"https:\/\/api.w.org\/{rel}","templated":true}]}}