{"id":329783,"date":"2025-08-19T17:49:12","date_gmt":"2025-08-19T17:49:12","guid":{"rendered":"https:\/\/www.europesays.com\/fr\/329783\/"},"modified":"2025-08-19T17:49:12","modified_gmt":"2025-08-19T17:49:12","slug":"diogo-moreira-en-passe-de-rejoindre-le-giron-honda-en-motogp","status":"publish","type":"post","link":"https:\/\/www.europesays.com\/fr\/329783\/","title":{"rendered":"Diogo Moreira en passe de rejoindre le giron Honda en MotoGP"},"content":{"rendered":"<p>D&rsquo;apr\u00e8s les informations de <strong>Motorsport.com<\/strong>, <a href=\"https:\/\/fr.motorsport.com\/driver\/diogo-moreira\/945141\/\" target=\"_blank\" rel=\"noopener\">Diogo Moreira<\/a> finalise les d\u00e9tails d&rsquo;un accord qui le verra acc\u00e9der au MotoGP la saison prochaine, au guidon d&rsquo;une Honda du team <a href=\"https:\/\/fr.motorsport.com\/team\/team-lcr\/922\/\" target=\"_blank\" rel=\"noopener\">LCR<\/a>.<\/p>\n<p>Ce transfert, qui permettra au Br\u00e9silien de 21 ans &#8211; actuellement en lice pour le titre mondial Moto2 avec Italtrans &#8211; de rejoindre la cat\u00e9gorie reine, devrait \u00eatre officialis\u00e9 dans les prochains jours, tr\u00e8s probablement sur le circuit du Balaton Park, h\u00f4te du Grand Prix de Hongrie ce week-end.<\/p>\n<p>L&rsquo;arriv\u00e9e de Diogo Moreira chez LCR entra\u00eenera le d\u00e9part de <a href=\"https:\/\/fr.motorsport.com\/driver\/somkiat-chantra\/823104\/\" target=\"_blank\" rel=\"noopener\">Somkiat Chantra<\/a>, qui peine \u00e0 s&rsquo;imposer depuis ses d\u00e9buts en MotoGP cette ann\u00e9e et se trouve actuellement \u00e9cart\u00e9 par une blessure. Toujours selon nos informations, cela entra\u00eenerait la fin du sponsoring assur\u00e9 par\u00a0Idemitsu pour une des deux motos de l&rsquo;\u00e9quipe de Lucio Cecchinello.<\/p>\n<p>\u00ab\u00a0Si j&rsquo;arrive en MotoGP, c&rsquo;est parce que je suis performant, la nationalit\u00e9 n&rsquo;a pas d&rsquo;importance\u00a0\u00bb, d\u00e9clarait dimanche dernier Diogo Moreira apr\u00e8s avoir d\u00e9croch\u00e9 en Autriche sa deuxi\u00e8me victoire de la saison.<\/p>\n<p>\u00ab\u00a0Dans les prochains jours je vais me poser avec mon agent et mon entourage, et nous verrons quelles options sont disponibles\u00a0\u00bb, a-t-il ajout\u00e9, laissant entendre que ses liens avec la branche br\u00e9silienne de Yamaha ne sont gu\u00e8re plus qu&rsquo;un arrangement pratique : \u00ab\u00a0Ils me pr\u00eatent simplement des motos pour m&rsquo;entra\u00eener, et je les rends \u00e0 la fin de la saison\u00a0\u00bb.<\/p>\n<p>Honda aurait doubl\u00e9 Yamaha<br \/>\n   <img decoding=\"async\" draggable=\"false\" src=\"https:\/\/www.europesays.com\/fr\/wp-content\/uploads\/2025\/08\/diogo-moreira-italtrans-racing.jpg\" alt=\"Diogo Moreira joue le titre en Moto2.\" width=\"1200\" height=\"800\" loading=\"lazy\"\/> <\/p>\n<p class=\"title\">Diogo Moreira joue le titre en Moto2.<\/p>\n<p class=\"photographer\">Photo de: Red Bull Content Pool<\/p>\n<p>Diogo Moreira disposait de deux offres pour un guidon en MotoGP en 2026\u00a0: l&rsquo;une de Honda et l&rsquo;autre de Yamaha. Alors que Yamaha semblait avoir pris l&rsquo;avantage en le destinant \u00e0 son \u00e9quipe satellite Pramac, o\u00f9 il aurait fait \u00e9quipe avec <a href=\"https:\/\/fr.motorsport.com\/driver\/toprak-razgatlioglu\/178502\/\" target=\"_blank\" rel=\"noopener\">Toprak Razgatlioglu<\/a>, Honda a lanc\u00e9 une offensive tardive ces derniers jours, pour finalement le convaincre en s&rsquo;engageant \u00e0 lui offrir un statut de pilote officiel.<\/p>\n<p>La proposition de Honda inclurait un contrat \u00e0 long terme, probablement de trois ans, 2026 \u00e9tant envisag\u00e9e comme une saison de transition. L&rsquo;objectif est que le Br\u00e9silien soit pleinement comp\u00e9titif en MotoGP au moment de l&rsquo;entr\u00e9e en vigueur du nouveau r\u00e8glement technique, lorsque les prototypes 850\u00a0cc remplaceront les actuelles machines actuelles de 1000\u00a0cc.<\/p>\n<p>La strat\u00e9gie est logique pour Honda, tant sur le plan sportif \u2013 Diogo Moreira compte actuellement seulement 35 points de retard sur le leader du championnat Moto2 \u2013 que sur le plan promotionnel, avec le retour attendu du championnat au Br\u00e9sil.<\/p>\n<p>Cette d\u00e9cision a \u00e9galement d&rsquo;autres r\u00e9percussions. En premier lieu, <a href=\"https:\/\/fr.motorsport.com\/driver\/jack-miller\/96423\/\" target=\"_blank\" rel=\"noopener\">Jack Miller<\/a> semble d\u00e9sormais de plus en plus proche de prolonger son contrat avec Yamaha pour rester dans l&rsquo;\u00e9quipe Pramac de Paolo Campinoti, au moins en 2026.<\/p>\n<p>L&rsquo;Australien, courtis\u00e9 par Honda et Ducati pour un passage en WorldSBK, dispose a priori de plus solides arguments que son co\u00e9quipier <a href=\"https:\/\/fr.motorsport.com\/driver\/miguel-oliveira\/109382\/\" target=\"_blank\" rel=\"noopener\">Miguel Oliveira<\/a>. Le pilote portugais, qui avait initialement sign\u00e9 un contrat de deux ans jusqu&rsquo;\u00e0 fin 2026, pourrait se retrouver fragilis\u00e9 par une clause de performance jouant contre lui apr\u00e8s avoir manqu\u00e9 plusieurs Grand Prix pour cause de blessure.<\/p>\n<p>Lire aussi :<\/p>\n<p>Dans cet article<\/p>\n<p>Soyez le premier inform\u00e9 et souscrivez aux alertes mails pour recevoir les infos en temps r\u00e9el<\/p>\n<p>    S&rsquo;abonner aux alertes de news<\/p>\n","protected":false},"excerpt":{"rendered":"D&rsquo;apr\u00e8s les informations de Motorsport.com, Diogo Moreira finalise les d\u00e9tails d&rsquo;un accord qui le verra acc\u00e9der au MotoGP&hellip;\n","protected":false},"author":2,"featured_media":329784,"comment_status":"","ping_status":"","sticky":false,"template":"","format":"standard","meta":{"footnotes":""},"categories":[1413],"tags":[35965,46719,1011,27,3345,46720,12836,1457,1456,1458,16689,60,3771],"class_list":{"0":"post-329783","1":"post","2":"type-post","3":"status-publish","4":"format-standard","5":"has-post-thumbnail","7":"category-moto","8":"tag-diogo-moreira","9":"tag-diogo-moreira-en-passe-de-rejoindre-le-giron-honda-en-motogp","10":"tag-fr","11":"tag-france","12":"tag-honda-hrc","13":"tag-italtrans-racing-team","14":"tag-jack-miller","15":"tag-moto","16":"tag-motocycle","17":"tag-motogp","18":"tag-somkiat-chantra","19":"tag-sports","20":"tag-team-lcr"},"share_on_mastodon":{"url":"https:\/\/pubeurope.com\/@fr\/115056696834240397","error":""},"_links":{"self":[{"href":"https:\/\/www.europesays.com\/fr\/wp-json\/wp\/v2\/posts\/329783","targetHints":{"allow":["GET"]}}],"collection":[{"href":"https:\/\/www.europesays.com\/fr\/wp-json\/wp\/v2\/posts"}],"about":[{"href":"https:\/\/www.europesays.com\/fr\/wp-json\/wp\/v2\/types\/post"}],"author":[{"embeddable":true,"href":"https:\/\/www.europesays.com\/fr\/wp-json\/wp\/v2\/users\/2"}],"replies":[{"embeddable":true,"href":"https:\/\/www.europesays.com\/fr\/wp-json\/wp\/v2\/comments?post=329783"}],"version-history":[{"count":0,"href":"https:\/\/www.europesays.com\/fr\/wp-json\/wp\/v2\/posts\/329783\/revisions"}],"wp:featuredmedia":[{"embeddable":true,"href":"https:\/\/www.europesays.com\/fr\/wp-json\/wp\/v2\/media\/329784"}],"wp:attachment":[{"href":"https:\/\/www.europesays.com\/fr\/wp-json\/wp\/v2\/media?parent=329783"}],"wp:term":[{"taxonomy":"category","embeddable":true,"href":"https:\/\/www.europesays.com\/fr\/wp-json\/wp\/v2\/categories?post=329783"},{"taxonomy":"post_tag","embeddable":true,"href":"https:\/\/www.europesays.com\/fr\/wp-json\/wp\/v2\/tags?post=329783"}],"curies":[{"name":"wp","href":"https:\/\/api.w.org\/{rel}","templated":true}]}}