{"id":329788,"date":"2025-08-19T17:52:14","date_gmt":"2025-08-19T17:52:14","guid":{"rendered":"https:\/\/www.europesays.com\/fr\/329788\/"},"modified":"2025-08-19T17:52:14","modified_gmt":"2025-08-19T17:52:14","slug":"ogc-nice-0-1-tfc-decouvrez-la-note-donnee-par-la-redaction-pour-ce-match-lesviolets-com","status":"publish","type":"post","link":"https:\/\/www.europesays.com\/fr\/329788\/","title":{"rendered":"OGC Nice 0-1 TFC : d\u00e9couvrez la note donn\u00e9e par la r\u00e9daction pour ce match ! &#8211; LesViolets.Com"},"content":{"rendered":"<ol>\n<li><a href=\"https:\/\/news.google.com\/rss\/articles\/CBMitgFBVV95cUxPU3JJWnd2Z1ZzdXJNZ1Q0bzJVQU5ZdDRJVmJBWXFDSkZnYmdTMmV6SUNZUW9acUllMV8wZlRCMXVBcGZiVHhnNlhCejBYY2Q5eEFTQ0kwTmxSQ0JfRlM1SHRpTG9Cc25uX2pudXI2aFpEUXBQMk5YTm14RzNQdTZxRWQxSmtHcWNSQV9tbFB3SFczdGQxRFh6cVVuZkFWVUduNW14ajI3eWl1aWxBQUQzLTdLaUkzdw?oc=5\" target=\"_blank\" rel=\"nofollow noopener\">OGC Nice 0-1 TFC : d\u00e9couvrez la note donn\u00e9e par la r\u00e9daction pour ce match !<\/a>&nbsp;&nbsp;LesViolets.Com<\/li>\n<li><a href=\"https:\/\/news.google.com\/rss\/articles\/CBMi4AFBVV95cUxOVy1fRjFhMlpRX0UwVFlsa3JFeHdRR1BLZi1waHhpaEdoRkhpM0xXR3I3QzNURnpFNnNpR1I3TkFpbnFYdEw3UmNkZjA5VGdtWllHYk9CR0pXQmZRSXU4bWctTWEtQ3dhby1KSnBiWXItdmFDd1hjQWJxdFZaakI0aGVTYjdIUGg1R3pCRnpqSXFyS0dkTjZNNkFmNl9pVjZkTTM3U20yelMzcUVhUm5HbzkzUDEzdmIyUkJBbHRQbC0yb2tzekdwUUduOGlEMHF4WDY4TGtkdmJwM2xtOHFzVw?oc=5\" target=\"_blank\" rel=\"nofollow noopener\">TFC : \u00ab\u00a0Leader de l\u2019attaque\u00a0\u00bb, progr\u00e8s d\u00e9fensifs, encadrement des jeunes\u2026 Yann Gboho, la saison de l\u2019explosion<\/a>&nbsp;&nbsp;ladepeche.fr<\/li>\n<li><a href=\"https:\/\/news.google.com\/rss\/articles\/CBMi6AFBVV95cUxQeElwd0w2VkRlb2FJR010SVFFNGtPVzJTdVBDaEM4T25Jc2ZaNDMtWjZvSzhpbnZmOXNPd0FZdlU3dmZtdmw2TWZCRXFLdWdmUVRsM0liWGFtX0FSaXZ4V2o3dFZBZEItQUF1cmlBTXlib3JaNGF2RzJ6TGlMY0VuSmlDcllTWW4wUS01dVhiZy1vRGdfNUF2ODBfSFdad3BEMFlhTG5aaGd6Q1l0WGdyd0Y2QUkxOE9OekRsb1QwRDV0UERJSU1yR3Y3WVh3QW9oV0NyZ3psanREbGR5UGV6VmJ0V05paFB3?oc=5\" target=\"_blank\" rel=\"nofollow noopener\">Ce champion du monde 2018 qu&rsquo;on n&rsquo;attendait pas en Ligue 1 : Sidib\u00e9, capitaine d\u00e9j\u00e0 d\u00e9cisif avec Toulouse<\/a>&nbsp;&nbsp;L&rsquo;\u00c9quipe<\/li>\n<li><a href=\"https:\/\/news.google.com\/rss\/articles\/CBMi4AFBVV95cUxQR0JRWFE0VUxJR3lxWUlmN3Y3SXBCTmJjTVFEaW9Ia01rZERYbFcwZV9ubV9xMnZUeGxUZzZlR0RLMEZyZFRWVWsxT2xnaXBVYW5nRHZ0dkdvejRzN1RIT3dHQnJwRjRuSmxJYTNpaThIMWo1QjNKYm54aUMyV1EzNURkR0FfRUJGenluWU5HWGM1M0JVWlNnS3VnT2k4U0swdXJRM2pGclRxMzBIN3BhNk5JcFM1eHY2djVhSXl2X3Z1ZnVuWThrdTlvcUtVM0d4X2Y2QTY2ejlrOVktdmFqZw?oc=5\" target=\"_blank\" rel=\"nofollow noopener\">Kop Aiglons du lundi 18 ao\u00fbt &#8211; OGC Nice &#8211; Toulouse, le d\u00e9brief<\/a>&nbsp;&nbsp;BFMTV<\/li>\n<li><a href=\"https:\/\/news.google.com\/rss\/articles\/CBMiwgFBVV95cUxOMlQwZDA3aFNPMTBScF9kRkwyUFdVRThCRjR2Q0dPbzQtMWdlby04el9qTFVZel9NQV91em1nT3ZNeXFTcEVEUnJ3Z1NuUGFsM3BjLUIzZ1ZBYWt0Yl82NW80eXRmWkZtZG1wa1ZnZExrcFpLN3p6RHpKc0VIWlktVmdMemVDZXl5VFdBVWc1djIyMEU5c3M5VFVSOWpqZDItaDNpY1pGQjBkSFVJOEJVbjJIazc0bWVLd1o0d1N2RHBHQQ?oc=5\" target=\"_blank\" rel=\"nofollow noopener\">Ligue 1 : Nice n&rsquo;est \u00abpas au mieux\u00bb, reconna\u00eet l&rsquo;entra\u00eeneur Franck Haise<\/a>&nbsp;&nbsp;Le Figaro<\/li>\n<\/ol>\n","protected":false},"excerpt":{"rendered":"OGC Nice 0-1 TFC : d\u00e9couvrez la note donn\u00e9e par la r\u00e9daction pour ce match !&nbsp;&nbsp;LesViolets.Com TFC :&hellip;\n","protected":false},"author":2,"featured_media":329789,"comment_status":"","ping_status":"","sticky":false,"template":"","format":"standard","meta":{"footnotes":""},"categories":[1410],"tags":[63,1011,27,60],"class_list":{"0":"post-329788","1":"post","2":"type-post","3":"status-publish","4":"format-standard","5":"has-post-thumbnail","7":"category-football","8":"tag-football","9":"tag-fr","10":"tag-france","11":"tag-sports"},"share_on_mastodon":{"url":"https:\/\/pubeurope.com\/@fr\/115056708453720890","error":""},"_links":{"self":[{"href":"https:\/\/www.europesays.com\/fr\/wp-json\/wp\/v2\/posts\/329788","targetHints":{"allow":["GET"]}}],"collection":[{"href":"https:\/\/www.europesays.com\/fr\/wp-json\/wp\/v2\/posts"}],"about":[{"href":"https:\/\/www.europesays.com\/fr\/wp-json\/wp\/v2\/types\/post"}],"author":[{"embeddable":true,"href":"https:\/\/www.europesays.com\/fr\/wp-json\/wp\/v2\/users\/2"}],"replies":[{"embeddable":true,"href":"https:\/\/www.europesays.com\/fr\/wp-json\/wp\/v2\/comments?post=329788"}],"version-history":[{"count":0,"href":"https:\/\/www.europesays.com\/fr\/wp-json\/wp\/v2\/posts\/329788\/revisions"}],"wp:featuredmedia":[{"embeddable":true,"href":"https:\/\/www.europesays.com\/fr\/wp-json\/wp\/v2\/media\/329789"}],"wp:attachment":[{"href":"https:\/\/www.europesays.com\/fr\/wp-json\/wp\/v2\/media?parent=329788"}],"wp:term":[{"taxonomy":"category","embeddable":true,"href":"https:\/\/www.europesays.com\/fr\/wp-json\/wp\/v2\/categories?post=329788"},{"taxonomy":"post_tag","embeddable":true,"href":"https:\/\/www.europesays.com\/fr\/wp-json\/wp\/v2\/tags?post=329788"}],"curies":[{"name":"wp","href":"https:\/\/api.w.org\/{rel}","templated":true}]}}