{"id":329790,"date":"2025-08-19T17:53:18","date_gmt":"2025-08-19T17:53:18","guid":{"rendered":"https:\/\/www.europesays.com\/fr\/329790\/"},"modified":"2025-08-19T17:53:18","modified_gmt":"2025-08-19T17:53:18","slug":"lola-dubini-quitte-leo-mattei-la-serie-avec-jean-luc-reichmann-et-lui-rend-un-vibrant-hommage","status":"publish","type":"post","link":"https:\/\/www.europesays.com\/fr\/329790\/","title":{"rendered":"Lola Dubini quitte L\u00e9o Matt\u00e9\u00ef, la s\u00e9rie avec Jean-Luc Reichmann, et lui rend un vibrant hommage"},"content":{"rendered":"<p>Dans une interview accord\u00e9e \u00e0 T\u00e9l\u00e9-Loisirs, Lola Dubini, qui va d\u00e9barquer dans Demain nous appartient dans les semaines \u00e0 venir, nous a r\u00e9v\u00e9l\u00e9 en exclusivit\u00e9 quitter la s\u00e9rie polici\u00e8re L\u00e9o Matt\u00e9\u00ef, brigade des mineurs. Elle a d\u00e9voil\u00e9 les raisons de cette d\u00e9cision difficile.<\/p>\n<p>Coup de tonnerre ! Dans une interview accord\u00e9e \u00e0 T\u00e9l\u00e9-Loisirs, Lola Dubini a annonc\u00e9 qu&rsquo;elle quittait L\u00e9o Matt\u00e9\u00ef, brigade des mineurs, la s\u00e9rie polici\u00e8re avec <a href=\"https:\/\/www.programme-tv.net\/biographie\/2099-reichmann-jean-luc\/\" data-link-people=\"f5b49b93-58e5-45b7-be63-499f37b1b108\" rel=\"nofollow noopener\" target=\"_blank\">Jean-Luc Reichmann<\/a>. L&rsquo;interpr\u00e8te d&rsquo;In\u00e8s, qui avait int\u00e9gr\u00e9 la distribution lors de la saison 9, ne sera donc pas de la partie pour la 13\u00e8me, que <a href=\"https:\/\/www.programme-tv.net\/news\/series-tv\/381150-jean-luc-reichmann-annonce-une-bonne-nouvelle-pour-les-lecteurs-de-tele-loisirs-et-les-fans-de-leo-mattei\/\" data-api-deeplink=\"teleloisirs:\/\/news\/381150\" rel=\"nofollow noopener\" target=\"_blank\">l&rsquo;animateur et acteur avait officiellement confirm\u00e9 lors du dernier Festival de t\u00e9l\u00e9vision de Monte-Carlo<\/a>. La com\u00e9dienne, <a href=\"https:\/\/www.programme-tv.net\/news\/tv\/382158-exclu-lola-dubini-rejoint-le-casting-de-demain-nous-appartient-decouvrez-son-role\/\" data-api-deeplink=\"teleloisirs:\/\/news\/382158\" rel=\"nofollow noopener\" target=\"_blank\">qui s&rsquo;appr\u00eate \u00e0 faire ses premiers pas \u00e0 S\u00e8te dans Demain nous appartient<\/a>, a d\u00e9voil\u00e9 les raisons de son d\u00e9part, tout en rendant hommage \u00e0 <a href=\"https:\/\/www.programme-tv.net\/news\/people\/350263-tout-le-contraire-les-confidences-de-jean-luc-reichmann-sur-sa-femme-nathalie-lecoultre-qui-realise-la-serie-leo-mattei\/\" data-api-deeplink=\"teleloisirs:\/\/news\/350263\" rel=\"nofollow noopener\" target=\"_blank\">l&rsquo;acteur et animateur des Douze coups de midi et son \u00e9pouse Nathalie Lecoultre, qui sont \u00e0 la t\u00eate de la s\u00e9rie de TF1<\/a> depuis maintenant 12 ans.<\/p>\n<p>L\u00e9o Matt\u00e9\u00ef, brigade des mineurs : \u00ab\u00a0Je ne voulais pas faire la saison de trop\u00a0\u00bb, Lola Dubini quitte la s\u00e9rie avec Jean-Luc Reichmann<\/p>\n<p>\u00ab\u00a0J&rsquo;ai d\u00e9cid\u00e9 de quitter L\u00e9o Matt\u00e9\u00ef. [La saison 12] \u00e9tait ma derni\u00e8re\u00a0\u00bb, c&rsquo;est ainsi que Lola Dubini, avec sinc\u00e9rit\u00e9 et simplicit\u00e9, a annonc\u00e9 son d\u00e9part de la s\u00e9rie polici\u00e8re au micro de T\u00e9l\u00e9-Loisirs. La com\u00e9dienne a ensuite expliqu\u00e9 ce qui l&rsquo;a pouss\u00e9e \u00e0 quitter cette fiction : \u00ab\u00a0Je suis triste parce que c&rsquo;est un projet que j&rsquo;ai ador\u00e9. C&rsquo;est moi qui ai choisi de partir. Cela a \u00e9t\u00e9 tr\u00e8s dur de prendre cette d\u00e9cision. Mais je pense que c&rsquo;est b\u00e9n\u00e9fique pour la suite. En 4 ans, j&rsquo;ai l&rsquo;impression d&rsquo;avoir amen\u00e9 le personnage d&rsquo;In\u00e8s \u00e0 un endroit que j&rsquo;ai vraiment ador\u00e9. J&rsquo;ai aussi l&rsquo;impression que je ne pouvais pas l&rsquo;amener autre part. Je ne voulais pas faire la saison de trop.\u00a0\u00bb Mais que les fans de L\u00e9o Matt\u00e9\u00ef, brigade des mineurs se rassurent un peu, Lola Dubini ne ferme pas d\u00e9finitivement la porte \u00e0 un \u00e9ventuel retour, plus tard : \u00ab\u00a0Je ne serais pas contre de revenir un jour. On ne sait jamais de quoi la vie est faite !\u00a0\u00bb<\/p>\n<p>                        L\u00e9o Matt\u00e9\u00ef, brigade des mineurs : \u00ab\u00a0J&rsquo;ai vraiment \u00e9norm\u00e9ment d&rsquo;amour pour eux\u00a0\u00bb, le bel hommage de Lola Dubini \u00e0 Jean-Luc Reichmann et son \u00e9pouse Nathalie Lecoultre<\/p>\n<p>Alors que le chapitre L\u00e9o Matt\u00e9\u00ef se referme pour elle, Lola Dubini a tenu \u00e0 rendre hommage \u00e0 Jean-Luc Reichmann et <a href=\"https:\/\/www.programme-tv.net\/biographie\/292530-lecoultre-nathalie\/\" data-link-people=\"082b3c9c-2fa6-4479-8fc7-1b1e521631d6\" rel=\"nofollow noopener\" target=\"_blank\">Nathalie Lecoultre<\/a> : \u00ab\u00a0Ils m&rsquo;ont donn\u00e9 ma chance et j&rsquo;ai vraiment \u00e9norm\u00e9ment d&rsquo;amour pour eux. Je vais vraiment les garder avec moi toute ma vie.\u00a0\u00bb Des mots touchants de la part de celle qui s&rsquo;appr\u00eate donc \u00e0 ouvrir un nouveau chapitre avec Demain nous appartient, toujours sur TF1.<\/p>\n","protected":false},"excerpt":{"rendered":"Dans une interview accord\u00e9e \u00e0 T\u00e9l\u00e9-Loisirs, Lola Dubini, qui va d\u00e9barquer dans Demain nous appartient dans les semaines&hellip;\n","protected":false},"author":2,"featured_media":329791,"comment_status":"","ping_status":"","sticky":false,"template":"","format":"standard","meta":{"footnotes":""},"categories":[1359],"tags":[17043,46723,244,58,59,8644,1011,27,16020,2173,17042,46721,31242,46722,31244,973,25109,12660,199,12661],"class_list":{"0":"post-329790","1":"post","2":"type-post","3":"status-publish","4":"format-standard","5":"has-post-thumbnail","7":"category-people","8":"tag-brigade-des-mineurs","9":"tag-brigade-des-mineurs-su00e9rie-12176461","10":"tag-commentaire","11":"tag-divertissement","12":"tag-entertainment","13":"tag-exclu","14":"tag-fr","15":"tag-france","16":"tag-guess-who","17":"tag-interview","18":"tag-leo-mattei","19":"tag-lola-dubini","20":"tag-lu00e9o-matteu00ef","21":"tag-lu00e9o-matteu00ef-brigade-des-mineurs","22":"tag-lu00e9o-mattu00e9u00ef","23":"tag-people","24":"tag-stomy-bugsy","25":"tag-syndication","26":"tag-tf1","27":"tag-tm"},"share_on_mastodon":{"url":"https:\/\/pubeurope.com\/@fr\/115056712432126584","error":""},"_links":{"self":[{"href":"https:\/\/www.europesays.com\/fr\/wp-json\/wp\/v2\/posts\/329790","targetHints":{"allow":["GET"]}}],"collection":[{"href":"https:\/\/www.europesays.com\/fr\/wp-json\/wp\/v2\/posts"}],"about":[{"href":"https:\/\/www.europesays.com\/fr\/wp-json\/wp\/v2\/types\/post"}],"author":[{"embeddable":true,"href":"https:\/\/www.europesays.com\/fr\/wp-json\/wp\/v2\/users\/2"}],"replies":[{"embeddable":true,"href":"https:\/\/www.europesays.com\/fr\/wp-json\/wp\/v2\/comments?post=329790"}],"version-history":[{"count":0,"href":"https:\/\/www.europesays.com\/fr\/wp-json\/wp\/v2\/posts\/329790\/revisions"}],"wp:featuredmedia":[{"embeddable":true,"href":"https:\/\/www.europesays.com\/fr\/wp-json\/wp\/v2\/media\/329791"}],"wp:attachment":[{"href":"https:\/\/www.europesays.com\/fr\/wp-json\/wp\/v2\/media?parent=329790"}],"wp:term":[{"taxonomy":"category","embeddable":true,"href":"https:\/\/www.europesays.com\/fr\/wp-json\/wp\/v2\/categories?post=329790"},{"taxonomy":"post_tag","embeddable":true,"href":"https:\/\/www.europesays.com\/fr\/wp-json\/wp\/v2\/tags?post=329790"}],"curies":[{"name":"wp","href":"https:\/\/api.w.org\/{rel}","templated":true}]}}