{"id":329797,"date":"2025-08-19T17:57:15","date_gmt":"2025-08-19T17:57:15","guid":{"rendered":"https:\/\/www.europesays.com\/fr\/329797\/"},"modified":"2025-08-19T17:57:15","modified_gmt":"2025-08-19T17:57:15","slug":"celine-dion-emue-aux-larmes-en-evoquant-jean-jacques-goldman","status":"publish","type":"post","link":"https:\/\/www.europesays.com\/fr\/329797\/","title":{"rendered":"C\u00e9line Dion \u00e9mue aux larmes en \u00e9voquant Jean-Jacques Goldman"},"content":{"rendered":"<p><img decoding=\"async\" src=\"https:\/\/www.europesays.com\/fr\/wp-content\/uploads\/2025\/08\/photo_1755591723.jpg\" class=\"textcenter img-content\" loading=\"lazy\"\/>Capture d&rsquo;\u00e9cran M6<br \/>\n<br \/>\nLe retour de C\u00e9line Dion aura lieu&#8230; dans deux semaines ! Pas sur sc\u00e8ne ou dans les bacs mais sur le petit \u00e9cran. En effet, la chanteuse sera au coeur d&rsquo;un documentaire, <a href=\"https:\/\/www.chartsinfrance.net\/actualite\/news-133476.html\" target=\"_blank\" class=\"spip_out\" rel=\"nofollow noopener\">diffus\u00e9 sur M6 le 3 septembre<\/a>, retra\u00e7ant <a href=\"https:\/\/www.chartsinfrance.net\/actualite\/news-133373.html\" target=\"_blank\" class=\"spip_out\" rel=\"nofollow noopener\">l&rsquo;histoire de son album culte \u00ab\u00a0D&rsquo;eux\u00a0\u00bb<\/a>, qui f\u00eate ses 30 ans. Pour l&rsquo;occasion, la star canadienne, qui lutte depuis plusieurs ann\u00e9es contre <a href=\"https:\/\/www.chartsinfrance.net\/actualite\/news-129401.html\" target=\"_blank\" class=\"spip_out\" rel=\"nofollow noopener\">une maladie rare<\/a>, a accept\u00e9 de revenir sur la gen\u00e8se de ce disque et sa rencontre d\u00e9cisive avec Jean-Jacques Goldman avec qui, selon les rumeurs, elle serait <a href=\"https:\/\/www.chartsinfrance.net\/actualite\/news-133429.html\" target=\"_blank\" class=\"spip_out\" rel=\"nofollow noopener\">bient\u00f4t de retour avec plusieurs chansons<\/a>. Ce documentaire contiendra de nombreuses images d&rsquo;archives rares ou in\u00e9dites permettant au public de se replonger dans la cr\u00e9ation de ce qui va devenir l&rsquo;album francophone le plus vendu de l&rsquo;histoire avec plus de 11 millions de copies \u00e9coul\u00e9es.<\/p>\n<p>Le player Dailymotion est en train de se charger&#8230;<\/p>\n<p>   \u00ab\u00a0Jean-Jacques m&rsquo;a donn\u00e9 la chance\u00a0\u00bb<br \/>\n\u00c0 deux semaines de sa diffusion, M6 d\u00e9voile un nouvel extrait du documentaire, angl\u00e9 sur l&rsquo;\u00e9motion. Car on y d\u00e9couvre une C\u00e9line Dion au bord des larmes, revenir sur cet album qui lui a permis de se faire une place dans le c\u0153ur des Fran\u00e7ais. \u00ab Je prends une l\u00e9g\u00e8re pause \u00ab\u00a0\u00e9motionnellement parlant\u00a0\u00bb \u00bb l&rsquo;entend-t-on dire, durant l&rsquo;interview exclusive qu&rsquo;elle a accord\u00e9e \u00e0 M6 depuis Las Vegas, alors que passent des images d&rsquo;archives avec Jean-Jacques Goldman ainsi qu&rsquo;un extrait d&rsquo;une vid\u00e9o de la cr\u00e9ation du tube <a href=\"https:\/\/www.chartsinfrance.net\/Celine-Dion\/news-96663.html\" target=\"_blank\" class=\"spip_out\" rel=\"nofollow noopener\">\u00ab\u00a0Pour que tu m&rsquo;aimes encore\u00a0\u00bb<\/a>. Et C\u00e9line d&rsquo;ajouter non sans avoir les yeux embu\u00e9s : \u00ab Jean-Jacques Goldman m&rsquo;a donn\u00e9 la chance d\u2019\u00eatre la bienvenue chez vous. Je suis sans mots, mais merci ! \u00bb.<\/p>\n<blockquote class=\"twitter-tweet\" data-media-max-width=\"560\">\n<p lang=\"fr\" dir=\"ltr\">\u00ab\u00a0Jean-Jacques Goldman m\u2019a donn\u00e9 la chance d\u2019\u00eatre la bienvenue chez vous.\u00a0\u00bbTrente ans apr\u00e8s la sortie de l\u2019album \u00ab D\u2019eux \u00bb, C\u00e9line Dion a accept\u00e9 de prendre la parole afin de revenir sur cette \u0153uvre embl\u00e9matique.\u00a0\u00bbC\u00e9line Dion raconte D\u2019eux\u00a0\u00bb, mercredi 3 septembre \u00e0 21:10 sur M6 et\u2026 <a href=\"https:\/\/t.co\/45tqeBQDmb\" rel=\"nofollow\">pic.twitter.com\/45tqeBQDmb<\/a><\/p>\n<p>\u2014 M6 (@M6) <a href=\"https:\/\/twitter.com\/M6\/status\/1957457464275689710?ref_src=twsrc%5Etfw\" rel=\"nofollow noopener\" target=\"_blank\">August 18, 2025<\/a><\/p><\/blockquote>\n<p>Il est vrai qu&rsquo;au moment o\u00f9 sort <a href=\"https:\/\/www.chartsinfrance.net\/actualite\/news-132127.html\" target=\"_blank\" class=\"spip_out\" rel=\"nofollow noopener\">\u00ab\u00a0D&rsquo;eux\u00a0\u00bb<\/a>, C\u00e9line Dion est une star au Canada mais pas encore en France. Certes, elle y a sign\u00e9 quelques succ\u00e8s comme \u00ab\u00a0D&rsquo;amour ou d&rsquo;amiti\u00e9\u00a0\u00bb, <a href=\"https:\/\/www.chartsinfrance.net\/Celine-Dion\/news-122872.html\" target=\"_blank\" class=\"spip_out\" rel=\"nofollow noopener\">\u00ab\u00a0Ne partez pas sans moi\u00a0\u00bb<\/a> ou encore la reprise du titre culte \u00ab\u00a0Un gar\u00e7on pas comme les autres (Ziggy)\u00a0\u00bb, tout en remplissant plusieurs Olympia, mais c&rsquo;est v\u00e9ritablement cet album \u00e9crit \u00e0 quatre mains avec Jean-Jacques Goldman qui va la faire exploser en France. Avec plus de 4,5 millions de ventes en France, il s&rsquo;agit du plus gros succ\u00e8s musical dans nos contr\u00e9es, devant <a href=\"https:\/\/www.chartsinfrance.net\/Francis-Cabrel\/news-128350.html\" target=\"_blank\" class=\"spip_out\" rel=\"nofollow noopener\">\u00ab\u00a0Samedi soir sur la terre\u00a0\u00bb<\/a> de Francis Cabrel et <a href=\"https:\/\/www.chartsinfrance.net\/Michael-Jackson\/news-121281.html\" target=\"_blank\" class=\"spip_out\" rel=\"nofollow noopener\">\u00ab\u00a0Thriller\u00a0\u00bb<\/a> de Michael Jackson, respectivement arrach\u00e9s \u00e0 4 et 3,5 millions d&rsquo;exemplaires.<\/p>\n<p><script async src=\"https:\/\/platform.twitter.com\/widgets.js\" charset=\"utf-8\"><\/script><\/p>\n","protected":false},"excerpt":{"rendered":"Capture d&rsquo;\u00e9cran M6 Le retour de C\u00e9line Dion aura lieu&#8230; dans deux semaines ! Pas sur sc\u00e8ne ou&hellip;\n","protected":false},"author":2,"featured_media":329798,"comment_status":"","ping_status":"","sticky":false,"template":"","format":"standard","meta":{"footnotes":""},"categories":[1355],"tags":[58,59,1011,27,1361,873],"class_list":{"0":"post-329797","1":"post","2":"type-post","3":"status-publish","4":"format-standard","5":"has-post-thumbnail","7":"category-musique","8":"tag-divertissement","9":"tag-entertainment","10":"tag-fr","11":"tag-france","12":"tag-music","13":"tag-musique"},"share_on_mastodon":{"url":"https:\/\/pubeurope.com\/@fr\/115056728169014121","error":""},"_links":{"self":[{"href":"https:\/\/www.europesays.com\/fr\/wp-json\/wp\/v2\/posts\/329797","targetHints":{"allow":["GET"]}}],"collection":[{"href":"https:\/\/www.europesays.com\/fr\/wp-json\/wp\/v2\/posts"}],"about":[{"href":"https:\/\/www.europesays.com\/fr\/wp-json\/wp\/v2\/types\/post"}],"author":[{"embeddable":true,"href":"https:\/\/www.europesays.com\/fr\/wp-json\/wp\/v2\/users\/2"}],"replies":[{"embeddable":true,"href":"https:\/\/www.europesays.com\/fr\/wp-json\/wp\/v2\/comments?post=329797"}],"version-history":[{"count":0,"href":"https:\/\/www.europesays.com\/fr\/wp-json\/wp\/v2\/posts\/329797\/revisions"}],"wp:featuredmedia":[{"embeddable":true,"href":"https:\/\/www.europesays.com\/fr\/wp-json\/wp\/v2\/media\/329798"}],"wp:attachment":[{"href":"https:\/\/www.europesays.com\/fr\/wp-json\/wp\/v2\/media?parent=329797"}],"wp:term":[{"taxonomy":"category","embeddable":true,"href":"https:\/\/www.europesays.com\/fr\/wp-json\/wp\/v2\/categories?post=329797"},{"taxonomy":"post_tag","embeddable":true,"href":"https:\/\/www.europesays.com\/fr\/wp-json\/wp\/v2\/tags?post=329797"}],"curies":[{"name":"wp","href":"https:\/\/api.w.org\/{rel}","templated":true}]}}