{"id":329799,"date":"2025-08-19T17:58:27","date_gmt":"2025-08-19T17:58:27","guid":{"rendered":"https:\/\/www.europesays.com\/fr\/329799\/"},"modified":"2025-08-19T17:58:27","modified_gmt":"2025-08-19T17:58:27","slug":"salve-maria-de-mar-coll-une-jeune-mere-au-bord-du-gouffre-telerama","status":"publish","type":"post","link":"https:\/\/www.europesays.com\/fr\/329799\/","title":{"rendered":"\u201cSalve Mar\u00eda\u201d, de Mar Coll : une jeune m\u00e8re au bord du gouffre &#8211; T\u00e9l\u00e9rama"},"content":{"rendered":"<ol>\n<li><a href=\"https:\/\/news.google.com\/rss\/articles\/CBMipwFBVV95cUxNOXA0MlJfU0hjOVBjaGxYNkJpNHlDTUh6emZoempaMnhpMldjT1hBVlFYVkFlN0RKMnphcVVqWWgwMHM0SHVXam5XVnlQQTZXSG00RFZRT0RKdkhEczBoMENhUHFNVHUxd25hSnkyUnJyTGhMVGYxcW5jNEUxSzhPdDZBN0NQM2ZrQThKWkJGLTQxYjNiOFowdmZJal9OcmVCbmFlakRoUQ?oc=5\" target=\"_blank\" rel=\"nofollow noopener\">\u201cSalve Mar\u00eda\u201d, de Mar Coll : une jeune m\u00e8re au bord du gouffre<\/a>&nbsp;&nbsp;T\u00e9l\u00e9rama<\/li>\n<li><a href=\"https:\/\/news.google.com\/rss\/articles\/CBMigwFBVV95cUxNNnhlczkwTFNXSVJWdEh3azh1akw3YVRxMTdUa2dmMVBWVG5yTVFmVFZBdVRRaTFRSVRvZVlaVkdJSk11M2JsSW1lUjNvSVpNcFg4Zm1tR3dScll1a2JRY0ZJZGk5ZTd1cUhNazEwWFNybEdSVHUzUU1Pd0sta3hIRHl4aw?oc=5\" target=\"_blank\" rel=\"nofollow noopener\">\u00ab Salve Maria \u00bb : mal de m\u00e8re<\/a>&nbsp;&nbsp;Les Echos<\/li>\n<li><a href=\"https:\/\/news.google.com\/rss\/articles\/CBMinwFBVV95cUxQcG0zZ1BrUFRrc0pmaHBCTmV4Z1JMWmtVYUFTMHFlak9Ka2N2MVE4cmNOSjhZUS04OVVReUhHM2pqMDkxeThzVXQxRGlzYlY2dlh0Q0JQVXctX3dSeFVQVHoxaDZDdzZGaEoyczRKNDZlMmVLQWp6Q01vVmw1SXZQVmRhVDNabi1xbElNWDRIWlZfRGVPRElrTUZ5ZDNIVzg?oc=5\" target=\"_blank\" rel=\"nofollow noopener\">\u00ab Salve Maria \u00bb : une m\u00e8re au bord de la crise de nerfs<\/a>&nbsp;&nbsp;L&rsquo;Humanit\u00e9<\/li>\n<li><a href=\"https:\/\/news.google.com\/rss\/articles\/CBMimAFBVV95cUxONEpvUldsTTRmd0dhVmVETk1KU0RSel9pa2steTMxN2xxVUlCdVZmT3JnYzNXRGtfTXdSWmVVMEV1VklpY1Q1MXdXOS1hQ29nYTNkd1hGY0Y4VG8xWHl2N0U1SEZoRWpnNEN0N1YyNElFVm9pdTNHTkQ0dkxEV3JleU5tZnlyelpCTWZoekFxTkVUaTZVcURCWQ?oc=5\" target=\"_blank\" rel=\"nofollow noopener\">\u00ab Salve Maria \u00bb de Mar Coll : une m\u00e8re au bord du gouffre<\/a>&nbsp;&nbsp;La Croix<\/li>\n<li><a href=\"https:\/\/news.google.com\/rss\/articles\/CBMiwwFBVV95cUxQbmk4NTFoaE1CUDJxeEFxOVRqdWlIZ0lxTkRhT3R3TWx6bkM2RkJ5eUJTTERmYVl0cVVJRnk5TnV6eERZZUZyU1hLS25jWTNsTWNXcHNGT2Jka3dXQ0xQN1BNVDhfcDVfT1BObmx3YlBTTzc5eVRkSFRXVEUzcWN2d3A3enlDTXBCcHlpYlhFVl9YWE1NTHN2TlVLSHo4QmJmNGVTVUpWSnZSaWExUW5WZW5ZZS0tZ2dFZGdWV2VWTkpnUVE?oc=5\" target=\"_blank\" rel=\"nofollow noopener\">Avec \u201cSalve Maria\u201d, Mar Coll interroge la d\u00e9pression post-partum en finesse<\/a>&nbsp;&nbsp;Les Inrocks<\/li>\n<\/ol>\n","protected":false},"excerpt":{"rendered":"\u201cSalve Mar\u00eda\u201d, de Mar Coll : une jeune m\u00e8re au bord du gouffre&nbsp;&nbsp;T\u00e9l\u00e9rama \u00ab Salve Maria \u00bb :&hellip;\n","protected":false},"author":2,"featured_media":329800,"comment_status":"","ping_status":"","sticky":false,"template":"","format":"standard","meta":{"footnotes":""},"categories":[1354],"tags":[58,59,1346,1011,27,1360],"class_list":{"0":"post-329799","1":"post","2":"type-post","3":"status-publish","4":"format-standard","5":"has-post-thumbnail","7":"category-films","8":"tag-divertissement","9":"tag-entertainment","10":"tag-films","11":"tag-fr","12":"tag-france","13":"tag-movies"},"share_on_mastodon":{"url":"https:\/\/pubeurope.com\/@fr\/115056732186389485","error":""},"_links":{"self":[{"href":"https:\/\/www.europesays.com\/fr\/wp-json\/wp\/v2\/posts\/329799","targetHints":{"allow":["GET"]}}],"collection":[{"href":"https:\/\/www.europesays.com\/fr\/wp-json\/wp\/v2\/posts"}],"about":[{"href":"https:\/\/www.europesays.com\/fr\/wp-json\/wp\/v2\/types\/post"}],"author":[{"embeddable":true,"href":"https:\/\/www.europesays.com\/fr\/wp-json\/wp\/v2\/users\/2"}],"replies":[{"embeddable":true,"href":"https:\/\/www.europesays.com\/fr\/wp-json\/wp\/v2\/comments?post=329799"}],"version-history":[{"count":0,"href":"https:\/\/www.europesays.com\/fr\/wp-json\/wp\/v2\/posts\/329799\/revisions"}],"wp:featuredmedia":[{"embeddable":true,"href":"https:\/\/www.europesays.com\/fr\/wp-json\/wp\/v2\/media\/329800"}],"wp:attachment":[{"href":"https:\/\/www.europesays.com\/fr\/wp-json\/wp\/v2\/media?parent=329799"}],"wp:term":[{"taxonomy":"category","embeddable":true,"href":"https:\/\/www.europesays.com\/fr\/wp-json\/wp\/v2\/categories?post=329799"},{"taxonomy":"post_tag","embeddable":true,"href":"https:\/\/www.europesays.com\/fr\/wp-json\/wp\/v2\/tags?post=329799"}],"curies":[{"name":"wp","href":"https:\/\/api.w.org\/{rel}","templated":true}]}}