{"id":329805,"date":"2025-08-19T18:01:10","date_gmt":"2025-08-19T18:01:10","guid":{"rendered":"https:\/\/www.europesays.com\/fr\/329805\/"},"modified":"2025-08-19T18:01:10","modified_gmt":"2025-08-19T18:01:10","slug":"julien-arnaud-emilie-broussouloux-bfmtv-a-mis-les-petits-plats","status":"publish","type":"post","link":"https:\/\/www.europesays.com\/fr\/329805\/","title":{"rendered":"Julien Arnaud, Emilie Broussouloux\u2026 BFMTV a mis les petits plats &#8230;"},"content":{"rendered":"<p>Cet \u00e9t\u00e9, le PAF a vibr\u00e9 au rythme des transferts spectaculaires.<br \/>\nChez <a href=\"https:\/\/www.telestar.fr\/actu_tv\/canicule-bon-courage-un-meteorologue-de-bfmtv-donne-un-coup-de-chaud-en-direct-1734508\" target=\"_blank\" rel=\"noopener\"><br \/>\nBFMTV<\/a>, la direction a voulu marquer le coup en r\u00e9inventant sa<br \/>\ngrille de rentr\u00e9e. Ainsi, <strong data-start=\"367\" data-end=\"384\">Julien Arnaud<\/strong> (ancien joker du 20 Heures sur TF1 et figure de T\u00e9l\u00e9matin) revient dans l\u2019info continue.<br \/>\nIl animera d\u00e9sormais la tranche <strong data-start=\"510\" data-end=\"532\">10h\u201312h en semaine<\/strong>, tout en orchestrant les grandes<br \/>\nsoir\u00e9es politiques. Pour renforcer ses soir\u00e9es du week-end, la<br \/>\ncha\u00eene mise aussi sur <a href=\"https:\/\/www.telestar.fr\/people\/emilie-broussouloux-enceinte-fin-de-saison-sur-lci-1720659\" target=\"_blank\" rel=\"noopener\"><br \/>\n\u00c9milie Broussouloux<\/a>, revenue des plateaux de LCI. La<br \/>\njournaliste tiendra la tranche <strong data-start=\"703\" data-end=\"742\">22 h-minuit du vendredi au dimanche.\u00a0<\/strong><\/p>\n<p>Le pari de BFMTV repose sur deux \u00e9l\u00e9ments : cr\u00e9dibilit\u00e9 et<br \/>\nproximit\u00e9. <strong data-start=\"257\" data-end=\"274\">Julien<br \/>\nArnaud<\/strong>, voix rassurante et chevronn\u00e9e de l\u2019info, incarne<br \/>\nce s\u00e9rieux journalistique qui rassure le public. Figure montante de<br \/>\nla nouvelle g\u00e9n\u00e9ration de journalistes, <strong data-start=\"473\" data-end=\"496\" data-is-only-node=\"\">\u00c9milie Broussouloux<\/strong><br \/>\ns\u00e9duit quant \u00e0 elle autant par sa rigueur que par son naturel \u00e0<br \/>\nl\u2019antenne. Ensemble, ils symbolisent le m\u00e9lange de stabilit\u00e9 et de<br \/>\nnouveaut\u00e9 que la cha\u00eene veut offrir \u00e0 ses t\u00e9l\u00e9spectateurs.<\/p>\n<p>Une vid\u00e9o hollywoodienne de BFMTV<\/p>\n<p>Afin d\u00a0\u00bbannoncer l&rsquo;arriv\u00e9e de ses nouvelles recrues star, BFMTV a<br \/>\nmis les petits plats dans les grands. Dans une vid\u00e9o presque<br \/>\nhollywoodienne, elle pr\u00e9sente ses nouveaux chouchous. <a href=\"https:\/\/www.telestar.fr\/people\/quelques-vagues-propositions-faites-dans-la-precipitation-julien-arnaud-ne-mache-pas-ses-mots-sur-ses-anciens-employeurs-1735223\" target=\"_blank\" rel=\"noopener\"><br \/>\nJulien Arnaud<\/a>, \u00c9milie Broussouloux, Dominique Tenza, Marc<br \/>\nFauvelle. Et Paola Puerari, qui prend les commandes de la tranche<br \/>\n<strong data-start=\"108\" data-end=\"156\">17\u202fh\u201320\u202fh le vendredi et<br \/>\n18\u202fh\u201320\u202fh le samedi.\u00a0<\/strong><\/p>\n<p>Sur les images, on les voit arriver dans les couloirs de la<br \/>\ncha\u00eene, en tenue tr\u00e8s \u00e9l\u00e9gante. Les extraits les montrent m\u00eame en<br \/>\ns\u00e9ance maquillage ou s\u00e9ance photo. Un v\u00e9ritable teasing qui en dit<br \/>\nlong sur la volont\u00e9 de\u00a0 BFMTV de faire du bruit avec ses<br \/>\nnouvelles recrues.<\/p>\n<blockquote class=\"twitter-tweet\"><p><a class=\"twitter-link\" rel=\"noindex, nofollow noopener\" href=\"https:\/\/twitter.com\/BFMTV\/status\/1957782499339211004\" target=\"_blank\"><\/p><\/blockquote>\n<p>Mercato t\u00e9l\u00e9 : quels animateurs sur<br \/>\nquelles cha\u00eene \u00e0 la rentr\u00e9e ?<\/p>\n<p>\nCet \u00e9t\u00e9, le PAF a vibr\u00e9 au rythme des transferts spectaculaires.<br \/>\n<strong data-start=\"0\" data-end=\"7\" data-is-only-node=\"\">TF1<\/strong> voit le retour de l\u2019humoriste <strong data-start=\"38\" data-end=\"47\">Jarry<\/strong>, qui animera un nouveau quiz<br \/>\n(The Imposter) et jouera<br \/>\ndans une s\u00e9rie inspir\u00e9e d\u2019un classique. Sur <strong data-start=\"4\" data-end=\"16\">France\u202f2<\/strong>, c\u2019est <a href=\"https:\/\/www.telestar.fr\/people\/exclu-lea-salame-anne-sophie-lapix-cette-petite-phrase-dun-confrere-quelles-pourraient-tres-mal-prendre-1735006\" target=\"_blank\" rel=\"noopener\"><br \/>\nL\u00e9a Salam\u00e9<\/a> qui s\u2019installe au journal de <strong data-start=\"68\" data-end=\"76\">20\u202fh<\/strong>, succ\u00e9dant \u00e0 Anne-Sophie Lapix, tandis<br \/>\nque T\u00e9l\u00e9matin sera<br \/>\nrenouvel\u00e9e avec un duo compos\u00e9 de <strong data-start=\"171\" data-end=\"216\">Maya Lauqu\u00e9 et Damien Th\u00e9venot en semaine<\/strong>,<br \/>\net <strong data-start=\"221\" data-end=\"254\">M\u00e9lanie Tarravant le<br \/>\nweek-end<\/strong>.<\/p>\n<p>\nSur <strong data-start=\"4\" data-end=\"10\">M6<\/strong>, on met le<br \/>\npaquet sur les visages du service public : <a href=\"https:\/\/www.telestar.fr\/people\/anne-sophie-lapix-viree-du-20-h-de-france-2-un-instant-de-grace-en-vacances-avant-sa-rentree-sportive-1734712\" target=\"_blank\" rel=\"noopener\"><br \/>\nAnne\u2011Sophie\u202fLapix<\/a> proposera d\u00e9sormais une grande interview<br \/>\ndominicale, tandis que <strong data-start=\"151\" data-end=\"168\">Olivier Minne<\/strong> animera divers divertissements, dont<br \/>\ndes d\u00e9clinaisons de L\u2019\u00c9maillon<br \/>\nfaible ou encore Pandore. Enfin, <a href=\"https:\/\/www.telestar.fr\/people\/cyril-hanouna-on-sait-avec-qui-il-passe-ses-vacances-a-saint-tropez-1735229\" target=\"_blank\" rel=\"noopener\"><br \/>\nCyril Hanouna<\/a>, priv\u00e9 de C8 (ferm\u00e9e en f\u00e9vrier), fait son grand<br \/>\ncome-back sur <strong data-start=\"88\" data-end=\"94\">W9<\/strong><br \/>\navec un nouveau talk-show (Tout<br \/>\nbeau, tout\u202f9), pendant que Pascal Praud d\u00e9barque sur<br \/>\n<strong data-start=\"182\" data-end=\"194\">Europe\u202f1<\/strong> pour<br \/>\nremplacer Cyril Hanouna aux commandes de la tranche<br \/>\n<strong data-start=\"246\" data-end=\"274\">16\u202fh\u201318\u202fh d\u00e8s la<br \/>\nrentr\u00e9e<\/strong>.<\/p>\n<p><script async src=\"https:\/\/platform.twitter.com\/widgets.js\" charset=\"utf-8\"><\/script><\/p>\n","protected":false},"excerpt":{"rendered":"Cet \u00e9t\u00e9, le PAF a vibr\u00e9 au rythme des transferts spectaculaires. Chez BFMTV, la direction a voulu marquer&hellip;\n","protected":false},"author":2,"featured_media":329806,"comment_status":"","ping_status":"","sticky":false,"template":"","format":"standard","meta":{"footnotes":""},"categories":[8],"tags":[548,10831,58,46725,59,1011,27,27440],"class_list":{"0":"post-329805","1":"post","2":"type-post","3":"status-publish","4":"format-standard","5":"has-post-thumbnail","7":"category-divertissement","8":"tag-article-simple","9":"tag-bfmtv","10":"tag-divertissement","11":"tag-emilie-broussouloux","12":"tag-entertainment","13":"tag-fr","14":"tag-france","15":"tag-julien-arnaud"},"share_on_mastodon":{"url":"https:\/\/pubeurope.com\/@fr\/115056744096046820","error":""},"_links":{"self":[{"href":"https:\/\/www.europesays.com\/fr\/wp-json\/wp\/v2\/posts\/329805","targetHints":{"allow":["GET"]}}],"collection":[{"href":"https:\/\/www.europesays.com\/fr\/wp-json\/wp\/v2\/posts"}],"about":[{"href":"https:\/\/www.europesays.com\/fr\/wp-json\/wp\/v2\/types\/post"}],"author":[{"embeddable":true,"href":"https:\/\/www.europesays.com\/fr\/wp-json\/wp\/v2\/users\/2"}],"replies":[{"embeddable":true,"href":"https:\/\/www.europesays.com\/fr\/wp-json\/wp\/v2\/comments?post=329805"}],"version-history":[{"count":0,"href":"https:\/\/www.europesays.com\/fr\/wp-json\/wp\/v2\/posts\/329805\/revisions"}],"wp:featuredmedia":[{"embeddable":true,"href":"https:\/\/www.europesays.com\/fr\/wp-json\/wp\/v2\/media\/329806"}],"wp:attachment":[{"href":"https:\/\/www.europesays.com\/fr\/wp-json\/wp\/v2\/media?parent=329805"}],"wp:term":[{"taxonomy":"category","embeddable":true,"href":"https:\/\/www.europesays.com\/fr\/wp-json\/wp\/v2\/categories?post=329805"},{"taxonomy":"post_tag","embeddable":true,"href":"https:\/\/www.europesays.com\/fr\/wp-json\/wp\/v2\/tags?post=329805"}],"curies":[{"name":"wp","href":"https:\/\/api.w.org\/{rel}","templated":true}]}}