{"id":329811,"date":"2025-08-19T18:04:29","date_gmt":"2025-08-19T18:04:29","guid":{"rendered":"https:\/\/www.europesays.com\/fr\/329811\/"},"modified":"2025-08-19T18:04:29","modified_gmt":"2025-08-19T18:04:29","slug":"trump-evoque-un-possible-soutien-aerien-americain-en-guise-de-garanties-de-securite","status":"publish","type":"post","link":"https:\/\/www.europesays.com\/fr\/329811\/","title":{"rendered":"Trump \u00e9voque un possible soutien a\u00e9rien am\u00e9ricain en guise de garanties de s\u00e9curit\u00e9"},"content":{"rendered":"<p>                Poutine a propos\u00e9 de rencontrer Zelensky \u00e0 Moscou, lors de son appel avec Trump<\/p>\n<p>Le pr\u00e9sident russe, Vladimir Poutine, dont le pays a envahi l&rsquo;Ukraine en 2022, a propos\u00e9 d&rsquo;organiser une rencontre bilat\u00e9rale avec son homologue ukrainien, Volodymyr Zelensky, \u00e0 Moscou, lors d&rsquo;un appel t\u00e9l\u00e9phonique avec Donald Trump, selon deux sources proches du dossier.<\/p>\n<p>\u00ab\u00a0Poutine a mentionn\u00e9 Moscou\u00a0\u00bb lors de cet appel lundi, a indiqu\u00e9 une de ces sources \u00e0 l&rsquo;AFP. Le pr\u00e9sident ukrainien, qui se trouvait alors \u00e0 la Maison Blanche avec des dirigeants europ\u00e9ens, \u00ab\u00a0a r\u00e9pondu +non+\u00a0\u00bb, selon la m\u00eame source.<\/p>\n<p>    Partager<\/p>\n","protected":false},"excerpt":{"rendered":"Poutine a propos\u00e9 de rencontrer Zelensky \u00e0 Moscou, lors de son appel avec Trump Le pr\u00e9sident russe, Vladimir&hellip;\n","protected":false},"author":2,"featured_media":329812,"comment_status":"","ping_status":"","sticky":false,"template":"","format":"standard","meta":{"footnotes":""},"categories":[5],"tags":[11,75,1073,674,107,1011,27,131,14,12,132,220,135,134,28],"class_list":{"0":"post-329811","1":"post","2":"type-post","3":"status-publish","4":"format-standard","5":"has-post-thumbnail","7":"category-international","8":"tag-actualites","9":"tag-donald-trump","10":"tag-emmanuel-macron","11":"tag-europe","12":"tag-fil-info","13":"tag-fr","14":"tag-france","15":"tag-guerre-en-ukraine","16":"tag-international","17":"tag-news","18":"tag-russie","19":"tag-ukraine","20":"tag-vladimir-poutine","21":"tag-volodymyr-zelensky","22":"tag-world"},"share_on_mastodon":{"url":"https:\/\/pubeurope.com\/@fr\/115056755655478302","error":""},"_links":{"self":[{"href":"https:\/\/www.europesays.com\/fr\/wp-json\/wp\/v2\/posts\/329811","targetHints":{"allow":["GET"]}}],"collection":[{"href":"https:\/\/www.europesays.com\/fr\/wp-json\/wp\/v2\/posts"}],"about":[{"href":"https:\/\/www.europesays.com\/fr\/wp-json\/wp\/v2\/types\/post"}],"author":[{"embeddable":true,"href":"https:\/\/www.europesays.com\/fr\/wp-json\/wp\/v2\/users\/2"}],"replies":[{"embeddable":true,"href":"https:\/\/www.europesays.com\/fr\/wp-json\/wp\/v2\/comments?post=329811"}],"version-history":[{"count":0,"href":"https:\/\/www.europesays.com\/fr\/wp-json\/wp\/v2\/posts\/329811\/revisions"}],"wp:featuredmedia":[{"embeddable":true,"href":"https:\/\/www.europesays.com\/fr\/wp-json\/wp\/v2\/media\/329812"}],"wp:attachment":[{"href":"https:\/\/www.europesays.com\/fr\/wp-json\/wp\/v2\/media?parent=329811"}],"wp:term":[{"taxonomy":"category","embeddable":true,"href":"https:\/\/www.europesays.com\/fr\/wp-json\/wp\/v2\/categories?post=329811"},{"taxonomy":"post_tag","embeddable":true,"href":"https:\/\/www.europesays.com\/fr\/wp-json\/wp\/v2\/tags?post=329811"}],"curies":[{"name":"wp","href":"https:\/\/api.w.org\/{rel}","templated":true}]}}