{"id":329817,"date":"2025-08-19T18:07:13","date_gmt":"2025-08-19T18:07:13","guid":{"rendered":"https:\/\/www.europesays.com\/fr\/329817\/"},"modified":"2025-08-19T18:07:13","modified_gmt":"2025-08-19T18:07:13","slug":"roche-la-moliere-sur-les-traces-de-troussieux-un-hameau-aujourdhui-disparu","status":"publish","type":"post","link":"https:\/\/www.europesays.com\/fr\/329817\/","title":{"rendered":"Roche-la-Moli\u00e8re. Sur les traces de Troussieux, un hameau aujourd\u2019hui disparu"},"content":{"rendered":"<p>Il y a \u00e0 Roche un petit hameau qui existait par le pass\u00e9, et dont les traces ont compl\u00e8tement disparu aujourd\u2019hui. Il ne reste plus rien de Troussieux, et beaucoup de personnes de la commune ne connaissent pas son emplacement.<\/p>\n<p>Pour le retrouver il faut monter la route le long de l\u2019\u00e9cole du Pontin dans la cit\u00e9 \u00e9ponyme en direction d\u2019Alus. Il faut suivre cette route sur 200 ou 300\u00a0m\u00e8tres environ, jusqu\u2019\u00e0 un embranchement \u00e0 droite qui dessert la ferme de Ferr\u00e9ol. C\u2019est au niveau de cet embranchement, sur la gauche, que le hameau de Troussieux s\u2019\u00e9tirait le long d\u2019un petit chemin en direction de l\u2019actuel centre d\u2019enfouissement de Borde Matin.<\/p>\n<p>Le hameau a \u00e9t\u00e9 ras\u00e9 car il \u00e9tait trop co\u00fbteux de&#8230;                        <\/p>\n","protected":false},"excerpt":{"rendered":"Il y a \u00e0 Roche un petit hameau qui existait par le pass\u00e9, et dont les traces ont&hellip;\n","protected":false},"author":2,"featured_media":329818,"comment_status":"","ping_status":"","sticky":false,"template":"","format":"standard","meta":{"footnotes":""},"categories":[9653],"tags":[1111,11,2430,7539,1777,674,1011,27,937,12,25,12490,12491,4001,104],"class_list":{"0":"post-329817","1":"post","2":"type-post","3":"status-publish","4":"format-standard","5":"has-post-thumbnail","7":"category-saint-etienne","8":"tag-actu","9":"tag-actualites","10":"tag-auvergne-rhone-alpes","11":"tag-edition-loire-sud","12":"tag-eu","13":"tag-europe","14":"tag-fr","15":"tag-france","16":"tag-histoire","17":"tag-news","18":"tag-republique-francaise","19":"tag-roche-la-moliere","20":"tag-roche-la-moliere-bassin","21":"tag-saint-etienne","22":"tag-societe"},"share_on_mastodon":{"url":"https:\/\/pubeurope.com\/@fr\/115056767422242426","error":""},"_links":{"self":[{"href":"https:\/\/www.europesays.com\/fr\/wp-json\/wp\/v2\/posts\/329817","targetHints":{"allow":["GET"]}}],"collection":[{"href":"https:\/\/www.europesays.com\/fr\/wp-json\/wp\/v2\/posts"}],"about":[{"href":"https:\/\/www.europesays.com\/fr\/wp-json\/wp\/v2\/types\/post"}],"author":[{"embeddable":true,"href":"https:\/\/www.europesays.com\/fr\/wp-json\/wp\/v2\/users\/2"}],"replies":[{"embeddable":true,"href":"https:\/\/www.europesays.com\/fr\/wp-json\/wp\/v2\/comments?post=329817"}],"version-history":[{"count":0,"href":"https:\/\/www.europesays.com\/fr\/wp-json\/wp\/v2\/posts\/329817\/revisions"}],"wp:featuredmedia":[{"embeddable":true,"href":"https:\/\/www.europesays.com\/fr\/wp-json\/wp\/v2\/media\/329818"}],"wp:attachment":[{"href":"https:\/\/www.europesays.com\/fr\/wp-json\/wp\/v2\/media?parent=329817"}],"wp:term":[{"taxonomy":"category","embeddable":true,"href":"https:\/\/www.europesays.com\/fr\/wp-json\/wp\/v2\/categories?post=329817"},{"taxonomy":"post_tag","embeddable":true,"href":"https:\/\/www.europesays.com\/fr\/wp-json\/wp\/v2\/tags?post=329817"}],"curies":[{"name":"wp","href":"https:\/\/api.w.org\/{rel}","templated":true}]}}