{"id":329823,"date":"2025-08-19T18:10:32","date_gmt":"2025-08-19T18:10:32","guid":{"rendered":"https:\/\/www.europesays.com\/fr\/329823\/"},"modified":"2025-08-19T18:10:32","modified_gmt":"2025-08-19T18:10:32","slug":"huis-clos-a-marcel-picot-lasnl-compense-ses-abonnes-pour-les-4-matchs","status":"publish","type":"post","link":"https:\/\/www.europesays.com\/fr\/329823\/","title":{"rendered":"Huis clos \u00e0 Marcel Picot : l\u2019ASNL compense ses abonn\u00e9s pour les 4 matchs"},"content":{"rendered":"<p>D\u00e9couvrez comment l\u2019ASNL g\u00e8re les huis clos \u00e0 Marcel-Picot et les mesures de compensation pour ses supporters<\/p>\n<p><strong>Des billets offerts pour les premiers matchs<\/strong> <strong>de l\u2019ASNL qui ne seront plus \u00e0 huis clos<\/strong><br \/>Pour att\u00e9nuer le vide laiss\u00e9 par les quatre matchs \u00e0 huis clos, chaque abonn\u00e9 pourra <strong>b\u00e9n\u00e9ficier de 2 billets offerts pour les trois premiers matchs ouverts au public<\/strong>, face \u00e0 <strong>Amiens, Bastia et Laval<\/strong>, soit <strong>6 places au total<\/strong>. Pour les abonn\u00e9s de la <strong>tribune Piantoni<\/strong> inquiets car elle est souvent pleine : les virages ne sont pas ouverts aux abonnements, les billets offerts pourront donc y \u00eatre r\u00e9serv\u00e9s, permettant ainsi aux abonn\u00e9s de faire venir leurs proches non loin de leur leur emplacement habituel. La r\u00e9servation se fera simplement via le <strong>code abonn\u00e9<\/strong>, inscrit sur la carte, sur le site officiel de l\u2019<a href=\"https:\/\/www.asnl.net\/58\/actualites\/actualites\/fiche\/30325\" target=\"_blank\" rel=\"noopener nofollow\">ASNL<\/a>.<\/p>\n<p><strong>Les matchs de Coupe restent accessibles<\/strong><br \/>Le club rappelle \u00e9galement que tous les matchs de <strong>Coupe \u00e0 domicile jusqu\u2019aux quarts de finale inclus<\/strong> restent accessibles aux abonn\u00e9s. Pour ceux qui le souhaitent, il est possible de <strong>renoncer \u00e0 cette compensation<\/strong>, afin de soutenir financi\u00e8rement le club. Aucun remboursement partiel n\u2019est pr\u00e9vu.<\/p>\n<p><strong>L\u2019appel devant le CNOSF<\/strong><\/p>\n<p>Pour rappel, l\u2019ASNL a accept\u00e9 la suspension d\u2019un match li\u00e9e \u00e0 la rencontre face \u00e0 Sochaux, mais a d\u00e9cid\u00e9 de <strong>saisir le CNOSF pour contester les sanctions prononc\u00e9es apr\u00e8s les matchs contre Aubagne et Rouen<\/strong>. Cette proc\u00e9dure de conciliation s\u2019est d\u00e9roul\u00e9e <strong>hier, lundi 18 ao\u00fbt<\/strong>.<\/p>\n<p>Deux sc\u00e9narios \u00e9taient possibles : soit un accord \u00e9tait trouv\u00e9 avec la FFF sur une sanction jug\u00e9e \u00e9quitable, et l\u2019affaire aurait \u00e9t\u00e9 d\u00e9finitivement r\u00e9gl\u00e9e, soit aucun accord n\u2019\u00e9tait possible. Le CNOSF dispose alors d\u2019un d\u00e9lai maximum d\u2019un mois \u00e0 compter du d\u00e9p\u00f4t du recours pour formuler sa proposition. Comme le recours a \u00e9t\u00e9 d\u00e9pos\u00e9 d\u00e9but ao\u00fbt, une r\u00e9ponse pourrait th\u00e9oriquement intervenir <strong>au plus tard d\u00e9but septembre<\/strong>, m\u00eame si elle peut arriver plus rapidement.<\/p>\n<p>Il est important de rappeler qu\u2019il ne s\u2019agira que d\u2019une <strong>proposition consultative<\/strong>, que la FFF reste libre d\u2019accepter ou de refuser, m\u00eame si l\u2019avis est g\u00e9n\u00e9ralement suivi dans la pratique. La s\u00e9v\u00e9rit\u00e9 des sanctions initiales s\u2019explique notamment par la situation de <strong>multi-r\u00e9cidive<\/strong> du club.<\/p>\n<p>Le club reste optimiste, avec un <strong>avocat comp\u00e9tent<\/strong> et un dossier solide int\u00e9grant des mesures concr\u00e8tes comme l\u2019installation de nouvelles cam\u00e9ras, des filets de protection renforc\u00e9s et des actions de sensibilisation. Des pr\u00e9c\u00e9dents similaires ont montr\u00e9 que de telles situations pouvaient se terminer favorablement pour les clubs concern\u00e9s.<\/p>\n<p><strong>Prolongation de la campagne d\u2019abonnement<\/strong> de l\u2019ASNL<\/p>\n<p>La campagne d\u2019abonnement est <strong>prolong\u00e9e jusqu\u2019\u00e0 la fin du mois<\/strong>, offrant une opportunit\u00e9 aux supporters de rejoindre le club ou de renouveler leur engagement. \u00c0 ce jour, l\u2019<strong><a href=\"https:\/\/www.magnumlaradio.com\/infos\/sports\/reprise-studieuse-pour-lasnl-pablo-correa-entre-continuite-et-ambitions-nouvelles\/84323\/\" rel=\"nofollow noopener\" target=\"_blank\">ASNL<\/a> compte environ 5.000 abonn\u00e9s<\/strong>, qui pourront profiter pleinement de ces mesures pour soutenir leur \u00e9quipe dans un <strong>stade Marcel-Picot vivant et anim\u00e9<\/strong> d\u00e8s que possible.<\/p>\n<p><img decoding=\"async\" loading=\"lazy\" width=\"1080\" height=\"1350\" data-id=\"87625\" src=\"https:\/\/www.europesays.com\/fr\/wp-content\/uploads\/2025\/08\/StadeBoul12.png\" alt=\"ASNL\" class=\"wp-image-87625\"  \/><\/p>\n<p><img decoding=\"async\" loading=\"lazy\" width=\"1920\" height=\"1080\" data-id=\"87626\" src=\"https:\/\/www.europesays.com\/fr\/wp-content\/uploads\/2025\/08\/StadeBoul1.png\" alt=\"ASNL\" class=\"wp-image-87626\"  \/><\/p>\n<p><img decoding=\"async\" loading=\"lazy\" width=\"1920\" height=\"1080\" data-id=\"87627\" src=\"https:\/\/www.europesays.com\/fr\/wp-content\/uploads\/2025\/08\/StadeBoul13.png\" alt=\"ASNL\" class=\"wp-image-87627\"  \/><\/p>\n","protected":false},"excerpt":{"rendered":"D\u00e9couvrez comment l\u2019ASNL g\u00e8re les huis clos \u00e0 Marcel-Picot et les mesures de compensation pour ses supporters Des&hellip;\n","protected":false},"author":2,"featured_media":329824,"comment_status":"","ping_status":"","sticky":false,"template":"","format":"standard","meta":{"footnotes":""},"categories":[9635],"tags":[1111,11,1777,674,1011,27,775,1702,12,25],"class_list":{"0":"post-329823","1":"post","2":"type-post","3":"status-publish","4":"format-standard","5":"has-post-thumbnail","7":"category-nancy","8":"tag-actu","9":"tag-actualites","10":"tag-eu","11":"tag-europe","12":"tag-fr","13":"tag-france","14":"tag-grand-est","15":"tag-nancy","16":"tag-news","17":"tag-republique-francaise"},"share_on_mastodon":{"url":"https:\/\/pubeurope.com\/@fr\/115056779255145085","error":""},"_links":{"self":[{"href":"https:\/\/www.europesays.com\/fr\/wp-json\/wp\/v2\/posts\/329823","targetHints":{"allow":["GET"]}}],"collection":[{"href":"https:\/\/www.europesays.com\/fr\/wp-json\/wp\/v2\/posts"}],"about":[{"href":"https:\/\/www.europesays.com\/fr\/wp-json\/wp\/v2\/types\/post"}],"author":[{"embeddable":true,"href":"https:\/\/www.europesays.com\/fr\/wp-json\/wp\/v2\/users\/2"}],"replies":[{"embeddable":true,"href":"https:\/\/www.europesays.com\/fr\/wp-json\/wp\/v2\/comments?post=329823"}],"version-history":[{"count":0,"href":"https:\/\/www.europesays.com\/fr\/wp-json\/wp\/v2\/posts\/329823\/revisions"}],"wp:featuredmedia":[{"embeddable":true,"href":"https:\/\/www.europesays.com\/fr\/wp-json\/wp\/v2\/media\/329824"}],"wp:attachment":[{"href":"https:\/\/www.europesays.com\/fr\/wp-json\/wp\/v2\/media?parent=329823"}],"wp:term":[{"taxonomy":"category","embeddable":true,"href":"https:\/\/www.europesays.com\/fr\/wp-json\/wp\/v2\/categories?post=329823"},{"taxonomy":"post_tag","embeddable":true,"href":"https:\/\/www.europesays.com\/fr\/wp-json\/wp\/v2\/tags?post=329823"}],"curies":[{"name":"wp","href":"https:\/\/api.w.org\/{rel}","templated":true}]}}