{"id":329827,"date":"2025-08-19T18:13:11","date_gmt":"2025-08-19T18:13:11","guid":{"rendered":"https:\/\/www.europesays.com\/fr\/329827\/"},"modified":"2025-08-19T18:13:11","modified_gmt":"2025-08-19T18:13:11","slug":"toulon-rentree-scolaire-a-lecole-de-musique-music-lab-toulon","status":"publish","type":"post","link":"https:\/\/www.europesays.com\/fr\/329827\/","title":{"rendered":"TOULON : Rentr\u00e9e scolaire \u00e0 l&rsquo;\u00e9cole de musique Music Lab Toulon"},"content":{"rendered":"<p><b>Pour cette nouvelle rentr\u00e9e scolaire, l\u2019\u00e9cole de musique Music Lab situ\u00e9e \u00e0 Toulon Ouest, se pr\u00e9pare \u00e0 accueillir les \u00e9l\u00e8ves, pour une nouvelle ann\u00e9e riche en d\u00e9couvertes, partages, et plaisirs.<\/b><\/p>\n<p style=\"font-weight: 400\"><strong>Music Lab<\/strong>\u00a0propose un large \u00e9ventail de cours et d\u2019activit\u00e9s adapt\u00e9s \u00e0 tous les \u00e2ges et tous les niveaux.<\/p>\n<p style=\"font-weight: 400\"><strong>Des cours individuels et collectifs :<\/strong><\/p>\n<p style=\"font-weight: 400\">Batterie, basse, guitare, piano, chant, violon, violoncelle.<\/p>\n<p style=\"font-weight: 400\"><strong>Des cours cr\u00e9atifs :<\/strong><\/p>\n<p style=\"font-weight: 400\">\u00c9veil musical, ateliers de cr\u00e9ation, d\u2019improvisation, formation musicale, petites formations de musiques actuelles, jazz et classique.<\/p>\n<p style=\"font-weight: 400\"><strong>Des projets artistiques :<\/strong><\/p>\n<p style=\"font-weight: 400\">Concerts, auditions, stages et master class.<\/p>\n<p style=\"font-weight: 400\"><strong>Informations pratiques :<\/strong><\/p>\n<ul style=\"font-weight: 400\">\n<li>date de la rentr\u00e9e: 1er\u00a0Septembre<\/li>\n<li>Forum des associations au Palais Neptune le samedi 06 Septembre<\/li>\n<li>Renseignements et inscriptions: \u00e0 partir du 25 Ao\u00fbt par t\u00e9l\u00e9phone au 0624347650 ou par mail \u00e0\u00a0<a href=\"https:\/\/presseagence.fr\/toulon-rentree-scolaire-a-lecole-de-musique-music-lab-toulon\/mailto:musiclabtoulon@gmail.com\" rel=\"nofollow noopener\" target=\"_blank\">musiclabtoulon@gmail.com<\/a><\/li>\n<li>1er\u00a0cours gratuit et sans engagement pour les nouveaux \u00e9l\u00e8ves.<\/li>\n<\/ul>\n<p style=\"font-weight: 400\"><strong>\u00c0 propos de Music Lab :<\/strong><\/p>\n<p style=\"font-weight: 400\">Cr\u00e9\u00e9e en 2017,\u00a0<strong>Music Lab\u00a0<\/strong>est une \u00e9cole de musique engag\u00e9e \u00e0 offrir une \u00e9ducation musicale de qualit\u00e9 dans un environnement convivial et inspirant. Notre p\u00e9dagogie particuli\u00e8re permet \u00e0 l\u2019\u00e9l\u00e8ve de s\u2019\u00e9panouir et de progresser \u00e0 son propre rythme, dans son propre style. Notre but : mettre en avant sa cr\u00e9ativit\u00e9 et sa musicalit\u00e9 tout en \u00e9veillant ses curiosit\u00e9s.<\/p>\n<p style=\"font-weight: 400\"><strong>Music Lab\u00a0<\/strong>c\u2019est 10 enseignants, 170 \u00e9l\u00e8ves, des locaux de 140m2\u00a0et un studio d\u2019enregistrement.<\/p>\n<p style=\"font-weight: 400\">L\u2019\u00e9cole, ses professeurs et ses \u00e9l\u00e8ves seraient ravis que vous puissiez annoncer cette rentr\u00e9e. Nous pouvons \u00e9galement vous accueillir pour un \u00e9ventuel reportage.<\/p>\n","protected":false},"excerpt":{"rendered":"Pour cette nouvelle rentr\u00e9e scolaire, l\u2019\u00e9cole de musique Music Lab situ\u00e9e \u00e0 Toulon Ouest, se pr\u00e9pare \u00e0 accueillir&hellip;\n","protected":false},"author":2,"featured_media":329828,"comment_status":"","ping_status":"","sticky":false,"template":"","format":"standard","meta":{"footnotes":""},"categories":[9619],"tags":[1111,11,1777,674,1011,27,12,882,25,2310],"class_list":{"0":"post-329827","1":"post","2":"type-post","3":"status-publish","4":"format-standard","5":"has-post-thumbnail","7":"category-toulon","8":"tag-actu","9":"tag-actualites","10":"tag-eu","11":"tag-europe","12":"tag-fr","13":"tag-france","14":"tag-news","15":"tag-provence-alpes-cote-dazur","16":"tag-republique-francaise","17":"tag-toulon"},"share_on_mastodon":{"url":"https:\/\/pubeurope.com\/@fr\/115056790966295985","error":""},"_links":{"self":[{"href":"https:\/\/www.europesays.com\/fr\/wp-json\/wp\/v2\/posts\/329827","targetHints":{"allow":["GET"]}}],"collection":[{"href":"https:\/\/www.europesays.com\/fr\/wp-json\/wp\/v2\/posts"}],"about":[{"href":"https:\/\/www.europesays.com\/fr\/wp-json\/wp\/v2\/types\/post"}],"author":[{"embeddable":true,"href":"https:\/\/www.europesays.com\/fr\/wp-json\/wp\/v2\/users\/2"}],"replies":[{"embeddable":true,"href":"https:\/\/www.europesays.com\/fr\/wp-json\/wp\/v2\/comments?post=329827"}],"version-history":[{"count":0,"href":"https:\/\/www.europesays.com\/fr\/wp-json\/wp\/v2\/posts\/329827\/revisions"}],"wp:featuredmedia":[{"embeddable":true,"href":"https:\/\/www.europesays.com\/fr\/wp-json\/wp\/v2\/media\/329828"}],"wp:attachment":[{"href":"https:\/\/www.europesays.com\/fr\/wp-json\/wp\/v2\/media?parent=329827"}],"wp:term":[{"taxonomy":"category","embeddable":true,"href":"https:\/\/www.europesays.com\/fr\/wp-json\/wp\/v2\/categories?post=329827"},{"taxonomy":"post_tag","embeddable":true,"href":"https:\/\/www.europesays.com\/fr\/wp-json\/wp\/v2\/tags?post=329827"}],"curies":[{"name":"wp","href":"https:\/\/api.w.org\/{rel}","templated":true}]}}