{"id":329829,"date":"2025-08-19T18:14:09","date_gmt":"2025-08-19T18:14:09","guid":{"rendered":"https:\/\/www.europesays.com\/fr\/329829\/"},"modified":"2025-08-19T18:14:09","modified_gmt":"2025-08-19T18:14:09","slug":"terrible-accident-aux-portes-de-montpellier-lautomobiliste-est-decede-des-suites-de-ses-blessures-apres-sa-collision-avec-un-camion","status":"publish","type":"post","link":"https:\/\/www.europesays.com\/fr\/329829\/","title":{"rendered":"Terrible accident aux portes de Montpellier\u00a0: l\u2019automobiliste est d\u00e9c\u00e9d\u00e9 des suites de ses blessures apr\u00e8s sa collision avec un camion"},"content":{"rendered":"<p>\n                                                                L\u2019accident est survenu ce mardi 19\u00a0ao\u00fbt aux alentours de 9\u00a0heures \u2013 9\u00a0h\u00a030 entre un camion-benne et une voiture sur la\u00a0RD132, commune de Saint-Jean-de-V\u00e9das, entre le rond-point du Rieucoulon et celui de Maurice-Gennevaux (dit Chez Paulette). Nous venons d\u2019apprendre que le conducteur de la voiture est malheureusement d\u00e9c\u00e9d\u00e9.\n                            <\/p>\n<p>Un dramatique accident s\u2019est produit ce mardi 19\u00a0ao\u00fbt en d\u00e9but de matin\u00e9e sur la RD132, commune de Saint-Jean-de-V\u00e9das, aux portes de Montpellier, entra\u00eenant le d\u00e9c\u00e8s d\u2019un automobiliste, \u00e2g\u00e9 de 59 ans. La victime, domicili\u00e9e \u00e0 Juvignac, circulait dans une Dacia Sandero lorsqu\u2019elle a fait une embard\u00e9e, pour une raison encore ind\u00e9termin\u00e9e, et <a href=\"https:\/\/www.midilibre.fr\/2025\/08\/19\/la-rd132-entre-montpellier-et-saint-jean-de-vedas-saturee-a-la-suite-dun-accident-de-la-circulation-une-femme-grievement-blessee-12883037.php\" target=\"_self\" rel=\"nofollow noopener\">est venue\u00a0percuter\u00a0un poids lourd<\/a> qui roulait sur sa voie.<\/p>\n<p>Le choc, survenu \u00e0 hauteur\u00a0du chemin de Bugarel, entre le rond-point du Rieucoulon et celui de Maurice-Gennevaux (dit Chez Paulette), a \u00e9t\u00e9 tr\u00e8s violent. Les sapeurs-pompiers de l\u2019H\u00e9rault, intervenus rapidement, ont pris en charge l\u2019automobiliste en \u00e9tat critique et l\u2019ont \u00e9vacu\u00e9 vers le centre hospitalier Lapeyronie, o\u00f9 il a \u00e9t\u00e9 admis en soins intensifs au D\u00e9partement anesth\u00e9sie r\u00e9animation (DAR A). Malgr\u00e9 les efforts des \u00e9quipes m\u00e9dicales, la victime n\u2019a pas surv\u00e9cu \u00e0 ses blessures.<\/p>\n<p>Autopsie ordonn\u00e9e<\/p>\n<p>Une enqu\u00eate a \u00e9t\u00e9 ouverte par le parquet et les gendarmes de la compagnie de Castelnau-le-Lez afin de d\u00e9terminer les circonstances exactes de ce drame et de comprendre pourquoi le conducteur a perdu le contr\u00f4le de son v\u00e9hicule. Une autopsie a \u00e9t\u00e9 ordonn\u00e9e.<\/p>\n<p>\u00c0 noter qu\u2019\u00e0 la suite de ce dramatique accident, la\u00a0circulation sur la RD132, a \u00e9t\u00e9 fortement perturb\u00e9e, avec une coupure dans les deux sens et la mise en place de d\u00e9viations.<\/p>\n","protected":false},"excerpt":{"rendered":"L\u2019accident est survenu ce mardi 19\u00a0ao\u00fbt aux alentours de 9\u00a0heures \u2013 9\u00a0h\u00a030 entre un camion-benne et une voiture&hellip;\n","protected":false},"author":2,"featured_media":329830,"comment_status":"","ping_status":"","sticky":false,"template":"","format":"standard","meta":{"footnotes":""},"categories":[9599],"tags":[1111,11,1777,674,1011,27,2208,12,2680,25],"class_list":{"0":"post-329829","1":"post","2":"type-post","3":"status-publish","4":"format-standard","5":"has-post-thumbnail","7":"category-montpellier","8":"tag-actu","9":"tag-actualites","10":"tag-eu","11":"tag-europe","12":"tag-fr","13":"tag-france","14":"tag-montpellier","15":"tag-news","16":"tag-occitanie","17":"tag-republique-francaise"},"share_on_mastodon":{"url":"https:\/\/pubeurope.com\/@fr\/115056794899074334","error":""},"_links":{"self":[{"href":"https:\/\/www.europesays.com\/fr\/wp-json\/wp\/v2\/posts\/329829","targetHints":{"allow":["GET"]}}],"collection":[{"href":"https:\/\/www.europesays.com\/fr\/wp-json\/wp\/v2\/posts"}],"about":[{"href":"https:\/\/www.europesays.com\/fr\/wp-json\/wp\/v2\/types\/post"}],"author":[{"embeddable":true,"href":"https:\/\/www.europesays.com\/fr\/wp-json\/wp\/v2\/users\/2"}],"replies":[{"embeddable":true,"href":"https:\/\/www.europesays.com\/fr\/wp-json\/wp\/v2\/comments?post=329829"}],"version-history":[{"count":0,"href":"https:\/\/www.europesays.com\/fr\/wp-json\/wp\/v2\/posts\/329829\/revisions"}],"wp:featuredmedia":[{"embeddable":true,"href":"https:\/\/www.europesays.com\/fr\/wp-json\/wp\/v2\/media\/329830"}],"wp:attachment":[{"href":"https:\/\/www.europesays.com\/fr\/wp-json\/wp\/v2\/media?parent=329829"}],"wp:term":[{"taxonomy":"category","embeddable":true,"href":"https:\/\/www.europesays.com\/fr\/wp-json\/wp\/v2\/categories?post=329829"},{"taxonomy":"post_tag","embeddable":true,"href":"https:\/\/www.europesays.com\/fr\/wp-json\/wp\/v2\/tags?post=329829"}],"curies":[{"name":"wp","href":"https:\/\/api.w.org\/{rel}","templated":true}]}}