{"id":329831,"date":"2025-08-19T18:15:11","date_gmt":"2025-08-19T18:15:11","guid":{"rendered":"https:\/\/www.europesays.com\/fr\/329831\/"},"modified":"2025-08-19T18:15:11","modified_gmt":"2025-08-19T18:15:11","slug":"des-tags-nazi-observes-sur-une-aire-de-grand-passage","status":"publish","type":"post","link":"https:\/\/www.europesays.com\/fr\/329831\/","title":{"rendered":"des tags nazi observ\u00e9s sur une aire de grand passage"},"content":{"rendered":"<p>            Par<br \/>\n        <strong><br \/>\n            <a href=\"https:\/\/actu.fr\/auteur\/metropoop\" title=\"Consulter tous les articles de R\u00e9daction M\u00e9tropolitain\" rel=\"nofollow noopener\" target=\"_blank\">R\u00e9daction M\u00e9tropolitain<\/a><br \/>\n        <\/strong><\/p>\n<p>        Publi\u00e9 le<\/p>\n<p>            19 ao\u00fbt 2025 \u00e0 20h01        <\/p>\n<p>Le <strong>MRAP (Mouvement contre le racisme et pour l\u2019amiti\u00e9 entre les peuples) de Montpellier<\/strong> a indiqu\u00e9 ce mardi 19 ao\u00fbt avoir port\u00e9 d\u00e9pos\u00e9 une plainte aupr\u00e8s du procureur de la R\u00e9publique apr\u00e8s avoir d\u00e9couvert des tags repr\u00e9sentant des symboles nazi sur le mur de l\u2019installation \u00e9lectrique de <strong>l\u2019aire de grand passage du Pays de l\u2019Or<\/strong> \u00e0 Mauguio.\u00a0<\/p>\n<p>    <a href=\"https:\/\/www.google.com\/maps\/embed?pb=!1m18!1m12!1m3!1d2887.8007378345665!2d3.999252799999999!3d43.631506099999996!2m3!1f0!2f0!3f0!3m2!1i1024!2i768!4f13.1!3m3!1m2!1s0x12b6a3ee3f28f4e9%3A0x64fb4bb422e5700c!2sAire%20D%27accueil%20Des%20Gens%20Du%20Voyage!5e0!3m2!1sfr!2sfr!4v1755621667341!5m2!1sfr!2sfr\" title=\"Ouvrie le lien\" rel=\"nofollow noopener\" target=\"_blank\">Cliquez ici pour visualiser le contenu<\/a><\/p>\n<p class=\" wall-content\">Sur une photo prise par l\u2019association le 12 ao\u00fbt on aper\u00e7oit en effet deux croix gamm\u00e9es (la Svastika) peintes proche de l\u2019entr\u00e9e de l\u2019aire, destin\u00e9e \u00e0 accueillir les gens du voyage. Ces croix avaient d\u00e9j\u00e0 \u00e9t\u00e9 effac\u00e9es au moment o\u00f9 la photo a \u00e9t\u00e9 prise.\u00a0\u00a0<\/p>\n<blockquote class=\"ac-article-quote wall-content\">\n<p>\u00ab\u00a0Nous rappelons que la diffusion de symboles li\u00e9s \u00e0 l\u2019id\u00e9ologie nazie est non seulement moralement inacceptable, mais \u00e9galement susceptible de constituer une infraction p\u00e9nale au regard de la l\u00e9gislation fran\u00e7aise.\u00a0\u00bb<\/p>\n<p>    <strong>MRAP<\/strong><br \/>\n        Mouvement contre le racisme et pour l&rsquo;amiti\u00e9 entre les peuples    <\/p><\/blockquote>\n<p class=\" wall-content\">Ce signalement intervient deux jours apr\u00e8s la constatation d\u2019un autre tag nazi devant l\u2019entr\u00e9e de la facult\u00e9 de m\u00e9decine de Montpellier, dont l\u2019image a fait le tour sur les r\u00e9seaux sociaux. Le MRAP a tenu \u00e0 r\u00e9affirmer son \u00ab\u00a0engagement \u00e0 d\u00e9fendre les principes de dignit\u00e9 humaine, de respect et de tol\u00e9rance, et \u00e0 lutter contre toute forme de haine, toute forme de racisme\u00a0\u00bb.<\/p>\n<p>Vid\u00e9os : en ce moment sur Actu<\/p>\n<p class=\" wall-content\">\n<p class=\" wall-content\">Selon l\u2019article R645-1 du Code p\u00e9nal, ce d\u00e9lit est puni par une amende pouvant atteindre 1 500 \u20ac.\u00a0<\/p>\n<p class=\" wall-content\">Personnalisez votre actualit\u00e9 en ajoutant vos villes et m\u00e9dias en favori avec <a href=\"https:\/\/moncompte.actu.fr\" title=\"D\u00e9couvez Mon Actu\" rel=\"nofollow noopener\" data-trk=\"{&quot;cta&quot;:{&quot;action&quot;:&quot;https:\\\/\\\/moncompte.actu.fr&quot;,&quot;category&quot;:&quot;mon compte&quot;,&quot;from&quot;:&quot;article footer&quot;,&quot;name&quot;:&quot;Mon actu&quot;,&quot;type&quot;:&quot;cta&quot;}}\" target=\"_blank\">Mon Actu<\/a>.<\/p>\n","protected":false},"excerpt":{"rendered":"Par R\u00e9daction M\u00e9tropolitain Publi\u00e9 le 19 ao\u00fbt 2025 \u00e0 20h01 Le MRAP (Mouvement contre le racisme et pour&hellip;\n","protected":false},"author":2,"featured_media":329832,"comment_status":"","ping_status":"","sticky":false,"template":"","format":"standard","meta":{"footnotes":""},"categories":[9599],"tags":[1111,11,1777,674,118,1011,27,2208,12,2680,25],"class_list":{"0":"post-329831","1":"post","2":"type-post","3":"status-publish","4":"format-standard","5":"has-post-thumbnail","7":"category-montpellier","8":"tag-actu","9":"tag-actualites","10":"tag-eu","11":"tag-europe","12":"tag-faits-divers","13":"tag-fr","14":"tag-france","15":"tag-montpellier","16":"tag-news","17":"tag-occitanie","18":"tag-republique-francaise"},"share_on_mastodon":{"url":"https:\/\/pubeurope.com\/@fr\/115056798825433025","error":""},"_links":{"self":[{"href":"https:\/\/www.europesays.com\/fr\/wp-json\/wp\/v2\/posts\/329831","targetHints":{"allow":["GET"]}}],"collection":[{"href":"https:\/\/www.europesays.com\/fr\/wp-json\/wp\/v2\/posts"}],"about":[{"href":"https:\/\/www.europesays.com\/fr\/wp-json\/wp\/v2\/types\/post"}],"author":[{"embeddable":true,"href":"https:\/\/www.europesays.com\/fr\/wp-json\/wp\/v2\/users\/2"}],"replies":[{"embeddable":true,"href":"https:\/\/www.europesays.com\/fr\/wp-json\/wp\/v2\/comments?post=329831"}],"version-history":[{"count":0,"href":"https:\/\/www.europesays.com\/fr\/wp-json\/wp\/v2\/posts\/329831\/revisions"}],"wp:featuredmedia":[{"embeddable":true,"href":"https:\/\/www.europesays.com\/fr\/wp-json\/wp\/v2\/media\/329832"}],"wp:attachment":[{"href":"https:\/\/www.europesays.com\/fr\/wp-json\/wp\/v2\/media?parent=329831"}],"wp:term":[{"taxonomy":"category","embeddable":true,"href":"https:\/\/www.europesays.com\/fr\/wp-json\/wp\/v2\/categories?post=329831"},{"taxonomy":"post_tag","embeddable":true,"href":"https:\/\/www.europesays.com\/fr\/wp-json\/wp\/v2\/tags?post=329831"}],"curies":[{"name":"wp","href":"https:\/\/api.w.org\/{rel}","templated":true}]}}