{"id":329833,"date":"2025-08-19T18:19:09","date_gmt":"2025-08-19T18:19:09","guid":{"rendered":"https:\/\/www.europesays.com\/fr\/329833\/"},"modified":"2025-08-19T18:19:09","modified_gmt":"2025-08-19T18:19:09","slug":"le-groupe-adf-mise-sur-open-prod-pour-piloter-des-usines-agiles","status":"publish","type":"post","link":"https:\/\/www.europesays.com\/fr\/329833\/","title":{"rendered":"Le Groupe ADF mise sur Open-Prod pour piloter des usines agiles"},"content":{"rendered":"<p>                                                        <img loading=\"lazy\" decoding=\"async\" width=\"1024\" height=\"683\" src=\"data:image\/svg+xml,%3Csvg%20xmlns=\" http:=\"\" class=\"thumb img-responsive m-x-auto block w-full\" alt=\"lyon entreprises groupe adf\" caption=\"\" data-lazy-src=\"https:\/\/www.europesays.com\/fr\/wp-content\/uploads\/2025\/08\/lyon-entreprises-groupe-adf-1024x683.jpeg\"\/><\/p>\n<p class=\"ez-toc-title ez-toc-toggle\" style=\"cursor: pointer\">Sommaire &amp; acc\u00e8s rapide<\/p>\n<p><a href=\"#\" class=\"ez-toc-pull-right ez-toc-btn ez-toc-btn-xs ez-toc-btn-default ez-toc-toggle\" aria-label=\"Toggle Table of Content\">Toggle<\/a><\/p>\n<p><strong>Le Groupe ADF d\u00e9ploie la GPAO open source Open-Prod au c\u0153ur de sa strat\u00e9gie num\u00e9rique. Objectif : orchestrer des sites industriels mobiles et r\u00e9actifs, synchroniser les flux multi-usines et r\u00e9duire les d\u00e9lais de mise en production, dans un contexte de r\u00e9industrialisation et d\u2019exigences clients \u00e9lev\u00e9es.<\/strong><\/p>\n<p>Une organisation mobile port\u00e9e par la BU \u00ab Program \u00bb<\/p>\n<p>Cr\u00e9\u00e9e en 2021, la Business Unit \u00ab\u00a0Program\u00a0\u00bb d\u2019ADF con\u00e7oit et exploite des lignes de production \u00e9ph\u00e9m\u00e8res, capables d\u2019\u00eatre mont\u00e9es, adapt\u00e9es et d\u00e9plac\u00e9es dans des cycles courts. Ce mod\u00e8le r\u00e9pond aux imp\u00e9ratifs de projets \u00e0 haute intensit\u00e9 industrielle et \u00e0 des calendriers contractuels serr\u00e9s.<\/p>\n<p>Open-Prod : une GPAO open source, modulaire et interop\u00e9rable<\/p>\n<p>ADF a retenu Open-Prod pour piloter l\u2019ensemble de ses usines fran\u00e7aises. La solution, pens\u00e9e pour des organisations \u00e9volutives, permet :<\/p>\n<ul>\n<li>des d\u00e9ploiements rapides\u00a0: un nouveau site peut \u00eatre rendu op\u00e9rationnel en environ deux mois ;<\/li>\n<li>un <strong>code unifi\u00e9<\/strong> sur tous les sites, facilitant les \u00e9volutions et la maintenance ;<\/li>\n<li>une int\u00e9gration fluide via API avec les outils internes (RH, achats, qualit\u00e9) ;<\/li>\n<li>un pilotage en temps r\u00e9el de donn\u00e9es harmonis\u00e9es.<\/li>\n<\/ul>\n<p>Trois usines en moins de trois ans : retours de terrain<\/p>\n<p>\u00c0 Saint-Nazaire, trois usines d\u00e9di\u00e9es \u00e0 la fabrication de sous-ensembles pour des \u00e9oliennes offshore de 12,5\u00a0MW ont \u00e9t\u00e9 construites et livr\u00e9es en moins de 14\u00a0mois chacune, de la conception \u00e0 la mise en production. Le m\u00eame sch\u00e9ma d\u2019agilit\u00e9 num\u00e9rique s\u2019applique \u00e0 d\u2019autres programmes (composants pour TGV Avelia, radars GM400\u2026), avec des lignes configur\u00e9es selon les sp\u00e9cifications de chaque client tout en restant dans un cadre logiciel commun.<\/p>\n<p>Agilit\u00e9 num\u00e9rique et souverainet\u00e9 industrielle<\/p>\n<p>Le recours \u00e0 une GPAO flexible s\u2019inscrit dans une trajectoire de r\u00e9industrialisation distribu\u00e9e. En apportant une autonomie num\u00e9rique aux sites, Open-Prod acc\u00e9l\u00e8re la d\u00e9cision, optimise l\u2019allocation des ressources et synchronise plusieurs usines sans rigidit\u00e9 \u00ab\u00a0monolithique\u00a0\u00bb. Ce choix vise une industrie localis\u00e9e, r\u00e9siliente et comp\u00e9titive.<\/p>\n<p>Kazacube, partenaire d\u2019int\u00e9gration<\/p>\n<p>Le d\u00e9ploiement a \u00e9t\u00e9 conduit avec l\u2019int\u00e9grateur Kazacube (cadrage, param\u00e9trage, personnalisation, mise en production et support). L\u2019approche privil\u00e9gie la co-construction avec les \u00e9quipes m\u00e9tier et la ma\u00eetrise technologique propre aux solutions open source.<\/p>\n<p>ADF en bref<\/p>\n<ul>\n<li>Sp\u00e9cialiste de l\u2019ing\u00e9nierie et de la maintenance industrielle intervenant dans la mobilit\u00e9, l\u2019\u00e9nergie, l\u2019a\u00e9rospatial, la d\u00e9fense et la maintenance.<\/li>\n<li>4\u00a0500 collaborateurs et 640\u00a0M\u20ac de chiffre d\u2019affaires en 2024.<\/li>\n<li>Partenariats avec des donneurs d\u2019ordre majeurs.<\/li>\n<\/ul>\n","protected":false},"excerpt":{"rendered":"Sommaire &amp; acc\u00e8s rapide Toggle Le Groupe ADF d\u00e9ploie la GPAO open source Open-Prod au c\u0153ur de sa&hellip;\n","protected":false},"author":2,"featured_media":329834,"comment_status":"","ping_status":"","sticky":false,"template":"","format":"standard","meta":{"footnotes":""},"categories":[9566],"tags":[1111,11,2430,1777,674,1011,27,2731,12,25],"class_list":{"0":"post-329833","1":"post","2":"type-post","3":"status-publish","4":"format-standard","5":"has-post-thumbnail","7":"category-grenoble","8":"tag-actu","9":"tag-actualites","10":"tag-auvergne-rhone-alpes","11":"tag-eu","12":"tag-europe","13":"tag-fr","14":"tag-france","15":"tag-grenoble","16":"tag-news","17":"tag-republique-francaise"},"share_on_mastodon":{"url":"https:\/\/pubeurope.com\/@fr\/115056814536153777","error":""},"_links":{"self":[{"href":"https:\/\/www.europesays.com\/fr\/wp-json\/wp\/v2\/posts\/329833","targetHints":{"allow":["GET"]}}],"collection":[{"href":"https:\/\/www.europesays.com\/fr\/wp-json\/wp\/v2\/posts"}],"about":[{"href":"https:\/\/www.europesays.com\/fr\/wp-json\/wp\/v2\/types\/post"}],"author":[{"embeddable":true,"href":"https:\/\/www.europesays.com\/fr\/wp-json\/wp\/v2\/users\/2"}],"replies":[{"embeddable":true,"href":"https:\/\/www.europesays.com\/fr\/wp-json\/wp\/v2\/comments?post=329833"}],"version-history":[{"count":0,"href":"https:\/\/www.europesays.com\/fr\/wp-json\/wp\/v2\/posts\/329833\/revisions"}],"wp:featuredmedia":[{"embeddable":true,"href":"https:\/\/www.europesays.com\/fr\/wp-json\/wp\/v2\/media\/329834"}],"wp:attachment":[{"href":"https:\/\/www.europesays.com\/fr\/wp-json\/wp\/v2\/media?parent=329833"}],"wp:term":[{"taxonomy":"category","embeddable":true,"href":"https:\/\/www.europesays.com\/fr\/wp-json\/wp\/v2\/categories?post=329833"},{"taxonomy":"post_tag","embeddable":true,"href":"https:\/\/www.europesays.com\/fr\/wp-json\/wp\/v2\/tags?post=329833"}],"curies":[{"name":"wp","href":"https:\/\/api.w.org\/{rel}","templated":true}]}}