{"id":329835,"date":"2025-08-19T18:20:16","date_gmt":"2025-08-19T18:20:16","guid":{"rendered":"https:\/\/www.europesays.com\/fr\/329835\/"},"modified":"2025-08-19T18:20:16","modified_gmt":"2025-08-19T18:20:16","slug":"metropole-de-grenoble-une-septuagenaire-decede-apres-avoir-ete-renversee-par-un-poids-lourd","status":"publish","type":"post","link":"https:\/\/www.europesays.com\/fr\/329835\/","title":{"rendered":"M\u00e9tropole de Grenoble. Une septuag\u00e9naire d\u00e9c\u00e8de apr\u00e8s avoir \u00e9t\u00e9 renvers\u00e9e par un poids lourd"},"content":{"rendered":"<p>Une passante \u00e2g\u00e9e de 70 ans \u2013 qui traversait la voie sur un passage pi\u00e9ton, selon la direction interd\u00e9partementale de la police nationale de l\u2019Is\u00e8re- a \u00e9t\u00e9 percut\u00e9e par un camion qui circulait sur l\u2019avenue Gabriel-P\u00e9ri, \u00e0 proximit\u00e9 de l\u2019intersection avec la rue Georges-Sadoul\u00a0\u00e0 Saint-Martin-d\u2019H\u00e8res, ce mardi 19\u00a0ao\u00fbt vers 15 heures.<\/p>\n<p>Ce contenu est bloqu\u00e9 car vous n&rsquo;avez pas accept\u00e9 les cookies et autres traceurs.<\/p>\n<p>En cliquant sur \u00ab J\u2019accepte \u00bb, les cookies et autres traceurs seront d\u00e9pos\u00e9s et vous pourrez visualiser les contenus  (<a href=\"\" class=\"consentModule_policy\" target=\"_blank\" title=\"Consulter la politique de protection des donn\u00e9es du fournisseur\">plus d&rsquo;informations<\/a>).<\/p>\n<p>En cliquant sur \u00ab J\u2019accepte tous les cookies \u00bb, vous autorisez des d\u00e9p\u00f4ts de cookies et autres traceurs pour le stockage de vos donn\u00e9es sur nos sites et applications \u00e0 des fins de personnalisation et de ciblage publicitaire.<\/p>\n<p class=\"consentModule_secondaryText\">Vous gardez la possibilit\u00e9 de retirer votre consentement \u00e0 tout moment en consultant notre <a href=\"https:\/\/www.ledauphine.com\/protection-des-donnees\" target=\"_blank\" title=\"Consulter notre politique de protection des donn\u00e9es\" rel=\"noopener\">politique de protection des donn\u00e9es<\/a>. <br \/>&#13;<br \/>\n            <a href=\"https:\/\/www.ledauphine.com\/faits-divers-justice\/2025\/08\/19\/javascript:Didomi.notice.show()\" class=\"consentModule_cmp\" target=\"_blank\" rel=\"noopener\">G\u00e9rer mes choix<\/a>&#13;\n        <\/p>\n<p>&#13;<br \/>\n                        J&rsquo;accepte&#13;<br \/>\n            J&rsquo;accepte tous les cookies&#13;\n        <\/p>\n<p>Gravement bless\u00e9e \u00e0 une jambe, elle a \u00e9t\u00e9 secourue par les sapeurs-pompiers et m\u00e9dicalis\u00e9e par une \u00e9quipe du Samu 38 avant d\u2019\u00eatre conduite au CHU Grenoble Alpes o\u00f9 elle a \u00e9t\u00e9 admise au service de d\u00e9chocage. Elle y est malheureusement d\u00e9c\u00e9d\u00e9e, a-t-on appris en fin d\u2019apr\u00e8s-midi.<\/p>\n<p>La RD 1087 a \u00e9t\u00e9 coup\u00e9e \u00e0 la circulation, dans les deux sens, le temps de l\u2019intervention des secours, ce qui a provoqu\u00e9 d\u2019importants embouteillages.<\/p>\n<p>\u00c9galement sur place sur les lieux du drame, les policiers grenoblois ont proc\u00e9d\u00e9 aux constatations pour \u00e9tablir les circonstances de l\u2019accident. Les tests de d\u00e9pistage d\u2019alcool ou de produits stup\u00e9fiants pratiqu\u00e9s sur le conducteur du poids lourd se sont r\u00e9v\u00e9l\u00e9s n\u00e9gatifs.<\/p>\n","protected":false},"excerpt":{"rendered":"Une passante \u00e2g\u00e9e de 70 ans \u2013 qui traversait la voie sur un passage pi\u00e9ton, selon la direction&hellip;\n","protected":false},"author":2,"featured_media":329836,"comment_status":"","ping_status":"","sticky":false,"template":"","format":"standard","meta":{"footnotes":""},"categories":[9566],"tags":[119,1111,11,2430,112,1777,674,274,107,1011,27,2731,108,12,25,9448,11264],"class_list":{"0":"post-329835","1":"post","2":"type-post","3":"status-publish","4":"format-standard","5":"has-post-thumbnail","7":"category-grenoble","8":"tag-accident","9":"tag-actu","10":"tag-actualites","11":"tag-auvergne-rhone-alpes","12":"tag-edition-grenoble-agglomeration","13":"tag-eu","14":"tag-europe","15":"tag-faits-divers-justice","16":"tag-fil-info","17":"tag-fr","18":"tag-france","19":"tag-grenoble","20":"tag-isere","21":"tag-news","22":"tag-republique-francaise","23":"tag-saint-martin-dheres","24":"tag-saint-martin-dheres-bassin"},"share_on_mastodon":{"url":"https:\/\/pubeurope.com\/@fr\/115056818482780159","error":""},"_links":{"self":[{"href":"https:\/\/www.europesays.com\/fr\/wp-json\/wp\/v2\/posts\/329835","targetHints":{"allow":["GET"]}}],"collection":[{"href":"https:\/\/www.europesays.com\/fr\/wp-json\/wp\/v2\/posts"}],"about":[{"href":"https:\/\/www.europesays.com\/fr\/wp-json\/wp\/v2\/types\/post"}],"author":[{"embeddable":true,"href":"https:\/\/www.europesays.com\/fr\/wp-json\/wp\/v2\/users\/2"}],"replies":[{"embeddable":true,"href":"https:\/\/www.europesays.com\/fr\/wp-json\/wp\/v2\/comments?post=329835"}],"version-history":[{"count":0,"href":"https:\/\/www.europesays.com\/fr\/wp-json\/wp\/v2\/posts\/329835\/revisions"}],"wp:featuredmedia":[{"embeddable":true,"href":"https:\/\/www.europesays.com\/fr\/wp-json\/wp\/v2\/media\/329836"}],"wp:attachment":[{"href":"https:\/\/www.europesays.com\/fr\/wp-json\/wp\/v2\/media?parent=329835"}],"wp:term":[{"taxonomy":"category","embeddable":true,"href":"https:\/\/www.europesays.com\/fr\/wp-json\/wp\/v2\/categories?post=329835"},{"taxonomy":"post_tag","embeddable":true,"href":"https:\/\/www.europesays.com\/fr\/wp-json\/wp\/v2\/tags?post=329835"}],"curies":[{"name":"wp","href":"https:\/\/api.w.org\/{rel}","templated":true}]}}